{"id":39386,"date":"2026-09-01T11:32:09","date_gmt":"2026-09-01T15:32:09","guid":{"rendered":"https:\/\/ser.cw\/?p=39386"},"modified":"2026-09-01T11:45:09","modified_gmt":"2026-09-01T15:45:09","slug":"ser-ta-risibi-splikashon-riba-revishon-di-koraal-tabak","status":"publish","type":"post","link":"https:\/\/ser.cw\/pap\/2026\/09\/01\/ser-ta-risibi-splikashon-riba-revishon-di-koraal-tabak\/","title":{"rendered":"SER ta risib\u00ed splikashon riba revishon di Koraal Tabak"},"content":{"rendered":"<p>[et_pb_section fb_built=&#8221;1&#8243; fullwidth=&#8221;on&#8221; _builder_version=&#8221;4.16&#8243; global_colors_info=&#8221;{}&#8221;][et_pb_fullwidth_slider _builder_version=&#8221;4.16&#8243; custom_padding=&#8221;|||&#8221; saved_tabs=&#8221;all&#8221; global_colors_info=&#8221;{}&#8221; button_text_size__hover_enabled=&#8221;off&#8221; button_text_size__hover=&#8221;null&#8221; button_one_text_size__hover_enabled=&#8221;off&#8221; button_one_text_size__hover=&#8221;null&#8221; button_two_text_size__hover_enabled=&#8221;off&#8221; button_two_text_size__hover=&#8221;null&#8221; button_text_color__hover_enabled=&#8221;off&#8221; button_text_color__hover=&#8221;null&#8221; button_one_text_color__hover_enabled=&#8221;off&#8221; button_one_text_color__hover=&#8221;null&#8221; button_two_text_color__hover_enabled=&#8221;off&#8221; button_two_text_color__hover=&#8221;null&#8221; button_border_width__hover_enabled=&#8221;off&#8221; button_border_width__hover=&#8221;null&#8221; button_one_border_width__hover_enabled=&#8221;off&#8221; button_one_border_width__hover=&#8221;null&#8221; button_two_border_width__hover_enabled=&#8221;off&#8221; button_two_border_width__hover=&#8221;null&#8221; button_border_color__hover_enabled=&#8221;off&#8221; button_border_color__hover=&#8221;null&#8221; button_one_border_color__hover_enabled=&#8221;off&#8221; button_one_border_color__hover=&#8221;null&#8221; button_two_border_color__hover_enabled=&#8221;off&#8221; button_two_border_color__hover=&#8221;null&#8221; button_border_radius__hover_enabled=&#8221;off&#8221; button_border_radius__hover=&#8221;null&#8221; button_one_border_radius__hover_enabled=&#8221;off&#8221; button_one_border_radius__hover=&#8221;null&#8221; button_two_border_radius__hover_enabled=&#8221;off&#8221; button_two_border_radius__hover=&#8221;null&#8221; button_letter_spacing__hover_enabled=&#8221;off&#8221; button_letter_spacing__hover=&#8221;null&#8221; button_one_letter_spacing__hover_enabled=&#8221;off&#8221; button_one_letter_spacing__hover=&#8221;null&#8221; button_two_letter_spacing__hover_enabled=&#8221;off&#8221; button_two_letter_spacing__hover=&#8221;null&#8221; button_bg_color__hover_enabled=&#8221;off&#8221; button_bg_color__hover=&#8221;null&#8221; button_one_bg_color__hover_enabled=&#8221;off&#8221; button_one_bg_color__hover=&#8221;null&#8221; button_two_bg_color__hover_enabled=&#8221;off&#8221; button_two_bg_color__hover=&#8221;null&#8221;][et_pb_slide use_bg_overlay=&#8221;off&#8221; use_text_overlay=&#8221;off&#8221; admin_title=&#8221;web&#8221; _builder_version=&#8221;4.16&#8243; header_font=&#8221;||||&#8221; body_font=&#8221;||||&#8221; background_color=&#8221;#ffffff&#8221; background_image=&#8221;https:\/\/ser.cw\/wp-content\/uploads\/sites\/280\/2017\/09\/Website-SER-Banner-voorstel-16-verbonden-1.jpg&#8221; button_on_hover=&#8221;on&#8221; global_colors_info=&#8221;{}&#8221; button_text_size__hover_enabled=&#8221;off&#8221; button_one_text_size__hover_enabled=&#8221;off&#8221; button_two_text_size__hover_enabled=&#8221;off&#8221; button_text_color__hover_enabled=&#8221;off&#8221; button_one_text_color__hover_enabled=&#8221;off&#8221; button_two_text_color__hover_enabled=&#8221;off&#8221; button_border_width__hover_enabled=&#8221;off&#8221; button_one_border_width__hover_enabled=&#8221;off&#8221; button_two_border_width__hover_enabled=&#8221;off&#8221; button_border_color__hover_enabled=&#8221;off&#8221; button_one_border_color__hover_enabled=&#8221;off&#8221; button_two_border_color__hover_enabled=&#8221;off&#8221; button_border_radius__hover_enabled=&#8221;off&#8221; button_one_border_radius__hover_enabled=&#8221;off&#8221; button_two_border_radius__hover_enabled=&#8221;off&#8221; button_letter_spacing__hover_enabled=&#8221;off&#8221; button_one_letter_spacing__hover_enabled=&#8221;off&#8221; button_two_letter_spacing__hover_enabled=&#8221;off&#8221; button_bg_color__hover_enabled=&#8221;off&#8221; button_one_bg_color__hover_enabled=&#8221;off&#8221; button_two_bg_color__hover_enabled=&#8221;off&#8221; sticky_transition=&#8221;on&#8221;][\/et_pb_slide][\/et_pb_fullwidth_slider][\/et_pb_section][et_pb_section fb_built=&#8221;1&#8243; module_class=&#8221;persbericht-titel&#8221; _builder_version=&#8221;4.16&#8243; background_color=&#8221;rgba(255,255,255,0)&#8221; custom_padding=&#8221;0px|0px|0px|0px&#8221; transparent_background=&#8221;on&#8221; global_colors_info=&#8221;{}&#8221;][et_pb_row column_structure=&#8221;2_3,1_3&#8243; use_custom_gutter=&#8221;on&#8221; gutter_width=&#8221;1&#8243; _builder_version=&#8221;4.16&#8243; max_width=&#8221;1200px&#8221; global_colors_info=&#8221;{}&#8221;][et_pb_column type=&#8221;2_3&#8243; _builder_version=&#8221;4.16&#8243; custom_padding=&#8221;|||&#8221; global_colors_info=&#8221;{}&#8221; custom_padding__hover=&#8221;|||&#8221;][et_pb_text admin_label=&#8221;Niet aanpassen&#8221; _builder_version=&#8221;4.27.4&#8243; background_color=&#8221;rgba(255,255,255,0.68)&#8221; custom_padding=&#8221;15px|30px|3px|30px&#8221; border_style=&#8221;solid&#8221; global_colors_info=&#8221;{}&#8221;][\/et_pb_text][\/et_pb_column][et_pb_column type=&#8221;1_3&#8243; _builder_version=&#8221;4.16&#8243; custom_padding=&#8221;|||&#8221; global_colors_info=&#8221;{}&#8221; custom_padding__hover=&#8221;|||&#8221;][\/et_pb_column][\/et_pb_row][\/et_pb_section][et_pb_section fb_built=&#8221;1&#8243; _builder_version=&#8221;4.16&#8243; background_color=&#8221;#d1f0ff&#8221; custom_padding=&#8221;0px|0px|0px|0px&#8221; global_colors_info=&#8221;{}&#8221;][et_pb_row column_structure=&#8221;2_3,1_3&#8243; use_custom_gutter=&#8221;on&#8221; gutter_width=&#8221;1&#8243; make_equal=&#8221;on&#8221; _builder_version=&#8221;4.16&#8243; max_width=&#8221;1200px&#8221; global_colors_info=&#8221;{}&#8221;][et_pb_column type=&#8221;2_3&#8243; _builder_version=&#8221;4.16&#8243; background_color=&#8221;#fcfeff&#8221; custom_padding=&#8221;30px|30px|30px|30px&#8221; global_colors_info=&#8221;{}&#8221; custom_padding__hover=&#8221;|||&#8221;][et_pb_text _builder_version=&#8221;4.27.4&#8243; z_index_tablet=&#8221;500&#8243; text_text_shadow_horizontal_length_tablet=&#8221;0px&#8221; text_text_shadow_vertical_length_tablet=&#8221;0px&#8221; text_text_shadow_blur_strength_tablet=&#8221;1px&#8221; link_text_shadow_horizontal_length_tablet=&#8221;0px&#8221; link_text_shadow_vertical_length_tablet=&#8221;0px&#8221; link_text_shadow_blur_strength_tablet=&#8221;1px&#8221; ul_text_shadow_horizontal_length_tablet=&#8221;0px&#8221; ul_text_shadow_vertical_length_tablet=&#8221;0px&#8221; ul_text_shadow_blur_strength_tablet=&#8221;1px&#8221; ol_text_shadow_horizontal_length_tablet=&#8221;0px&#8221; ol_text_shadow_vertical_length_tablet=&#8221;0px&#8221; ol_text_shadow_blur_strength_tablet=&#8221;1px&#8221; quote_text_shadow_horizontal_length_tablet=&#8221;0px&#8221; quote_text_shadow_vertical_length_tablet=&#8221;0px&#8221; quote_text_shadow_blur_strength_tablet=&#8221;1px&#8221; header_text_shadow_horizontal_length_tablet=&#8221;0px&#8221; header_text_shadow_vertical_length_tablet=&#8221;0px&#8221; header_text_shadow_blur_strength_tablet=&#8221;1px&#8221; header_2_text_shadow_horizontal_length_tablet=&#8221;0px&#8221; header_2_text_shadow_vertical_length_tablet=&#8221;0px&#8221; header_2_text_shadow_blur_strength_tablet=&#8221;1px&#8221; header_3_text_shadow_horizontal_length_tablet=&#8221;0px&#8221; header_3_text_shadow_vertical_length_tablet=&#8221;0px&#8221; header_3_text_shadow_blur_strength_tablet=&#8221;1px&#8221; header_4_text_shadow_horizontal_length_tablet=&#8221;0px&#8221; header_4_text_shadow_vertical_length_tablet=&#8221;0px&#8221; header_4_text_shadow_blur_strength_tablet=&#8221;1px&#8221; header_5_text_shadow_horizontal_length_tablet=&#8221;0px&#8221; header_5_text_shadow_vertical_length_tablet=&#8221;0px&#8221; header_5_text_shadow_blur_strength_tablet=&#8221;1px&#8221; header_6_text_shadow_horizontal_length_tablet=&#8221;0px&#8221; header_6_text_shadow_vertical_length_tablet=&#8221;0px&#8221; header_6_text_shadow_blur_strength_tablet=&#8221;1px&#8221; box_shadow_horizontal_tablet=&#8221;0px&#8221; box_shadow_vertical_tablet=&#8221;0px&#8221; box_shadow_blur_tablet=&#8221;40px&#8221; box_shadow_spread_tablet=&#8221;0px&#8221; global_colors_info=&#8221;{}&#8221;]<\/p>\n<h1><span style=\"color: #0000ff\">SER ta risib\u00ed splikashon riba revishon di Koraal Tabak<\/span><\/h1>\n<p>&nbsp;<\/p>\n<p>Willemstad, 31 di oug\u00f9st\u00f9s 2026 \u2013 Durante su reunion preparatorio di djabi\u00e8rn\u00e8 28 di oug\u00f9st\u00f9s, Konseho Sosial-Ekon\u00f3miko (SER) a risib\u00ed un splikashon riba e proyekto di ordenansa nashonal pa revis\u00e1 e preskripshonnan di destinashon pa e \u00e1rea di Koraal Tabak. E splikashon a ser duna pa ekspertonan gubernamental ku a ser design\u00e1 pa minister di Tr\u00e1fiko, Transporte i Planifikashon Urbano (VVRP )Sr. Charles Cooper.<\/p>\n<p>E proyekto ta konten\u00e9 un revisihon parsial di e Eilandelijk Ontwikkelingsplan (EOP) pa un \u00e1rea di aproximadamente 218 hektar na Koraal Tabak. E intenshon ta pa kambia parsialmente e destinashon aktual \u2018Open land\u2019 den, entre otro, \u2018Stedelijk woongebied\u2019, \u2018Toeristisch gebied\u2019, \u2018Parkgebied\u2019 i \u2018Hoofdwegen\u2019. Di e forma ei ta krea un kuadro planol\u00f3giko pa desaroyo di e \u00e1rea. E nota di splikashon ku ta akompa\u00f1\u00e1 e proyekto dje ordenansa ta kontempl\u00e1 un desaroyo den fase ku alrededor di 2.800 bibienda, 500 unidat tur\u00edstiko i diferente fasilidat sosial, rekreativo i komersial.<\/p>\n<p>E interkambio a duna SER oportunidat pa hasi pregunta adishonal tokante, entre otro, e nesesidat di bibienda, e efektonan sosio-ekon\u00f3miko, e gastunan p\u00fabliko, infrastruktura, protekshon di naturalesa i paisahe, i e posibilidat pa ehekut\u00e1 e plan. A base di e splikashon risib\u00ed i e dosier disponibel, SER ta sigui ku preparashon di su konseho sosio-ekon\u00f3miko. E evaluashon final di SER lo keda fih\u00e1 den e konseho ei.[\/et_pb_text][et_pb_text admin_label=&#8221;Add to any &#8211; niet aanpassen&#8221; _builder_version=&#8221;4.16&#8243; border_style=&#8221;solid&#8221; saved_tabs=&#8221;all&#8221; global_colors_info=&#8221;{}&#8221;]<\/p>\n<pre><code><div class=\"addtoany_shortcode\"><div class=\"a2a_kit a2a_kit_size_24 addtoany_list\" data-a2a-url=\"https:\/\/ser.cw\/pap\/2026\/09\/01\/ser-ta-risibi-splikashon-riba-revishon-di-koraal-tabak\/\" data-a2a-title=\"SER ta risib\u00ed splikashon riba revishon di Koraal Tabak\"><a class=\"a2a_dd addtoany_share_save addtoany_share\" href=\"https:\/\/www.addtoany.com\/share\"><img decoding=\"async\" src=\"https:\/\/ser.cw\/wp-content\/uploads\/sites\/280\/2017\/12\/share.png\" alt=\"Share\"><\/a><\/div><\/div><\/code><\/pre>\n<p>[\/et_pb_text][et_pb_post_nav in_same_term=&#8221;on&#8221; admin_label=&#8221;Post Navigation &#8211; niet aanpassen&#8221; _builder_version=&#8221;4.16&#8243; border_style=&#8221;solid&#8221; hide_prev=&#8221;off&#8221; hide_next=&#8221;off&#8221; global_colors_info=&#8221;{}&#8221;][\/et_pb_post_nav][\/et_pb_column][et_pb_column type=&#8221;1_3&#8243; _builder_version=&#8221;4.16&#8243; background_color=&#8221;#f4fbff&#8221; custom_padding=&#8221;30px|30px|30px|30px&#8221; global_colors_info=&#8221;{}&#8221; custom_padding__hover=&#8221;|||&#8221;][et_pb_image src=&#8221;https:\/\/ser.cw\/wp-content\/uploads\/sites\/280\/2026\/09\/K.-Tabak7.jpeg&#8221; title_text=&#8221;K. Tabak7&#8243; _builder_version=&#8221;4.27.4&#8243; _module_preset=&#8221;default&#8221; hover_enabled=&#8221;0&#8243; global_colors_info=&#8221;{}&#8221; sticky_enabled=&#8221;0&#8243;][\/et_pb_image][et_pb_text _builder_version=&#8221;4.27.4&#8243; global_colors_info=&#8221;{}&#8221;][\/et_pb_text][et_pb_image title_text=&#8221;BZK-4&#8243; _builder_version=&#8221;4.27.4&#8243; _module_preset=&#8221;default&#8221; global_colors_info=&#8221;{}&#8221;][\/et_pb_image][\/et_pb_column][\/et_pb_row][\/et_pb_section]<\/p>\n","protected":false},"excerpt":{"rendered":"<p>Willemstad, 31 di oug\u00f9st\u00f9s 2026 \u2013 Durante su reunion preparatorio di djabi\u00e8rn\u00e8 28 di oug\u00f9st\u00f9s, Konseho Sosial-Ekon\u00f3miko (SER) a risib\u00ed un splikashon riba e proyekto di ordenansa nashonal pa revis\u00e1 e preskripshonnan di destinashon pa e \u00e1rea di Koraal Tabak.<\/p>\n","protected":false},"author":109,"featured_media":39373,"comment_status":"closed","ping_status":"closed","sticky":false,"template":"","format":"standard","meta":{"_et_pb_use_builder":"on","_et_pb_old_content":"<h1><span style=\"color: #0000ff;\">SER-advies uit over initiatiefvoorstel tot herziening OZB-stelsel<\/span><\/h1><p>Willemstad, 15 juli 2025 \u2013 De Sociaal-Economische Raad (SER) heeft op vrijdag 11 juli jongstleden een advies uitgebracht over de initiatiefontwerplandsverordening tot wijziging van de Landsverordening inzake de belastingheffing van onroerende zaken (Landsverordening onroerendezaakbelasting 2014). Het advies werd uitgebracht op verzoek van de Staten van Cura\u00e7ao.<\/p><p>Het initiatiefvoorstel is afkomstig van de fractie van de MAN in de Staten, die zich hierbij beroept op het recht van initiatief zoals vastgelegd in artikel 77 van de Staatsregeling van Cura\u00e7ao (A.B. 2010, no. 86). Dit artikel verleent Statenleden de bevoegdheid om wetsvoorstellen zelfstandig in te dienen en aan de regering voor te dragen.<\/p><p>Met het ontwerp beogen de indieners een herziening van het huidige OZB-stelsel, onder meer door aanpassing van de tariefstructuur, verhoging van de vrijstellingsdrempel en vereenvoudiging van de administratieve verwerking van de belasting op onroerende zaken.<\/p><p>De Staten zullen het advies van de SER betrekken bij hun verdere beraadslaging over het initiatiefwetsvoorstel.<\/p>","_et_gb_content_width":"","_links_to":"","_links_to_type":0,"wds_primary_category":0,"footnotes":""},"categories":[452,393],"tags":[],"class_list":["post-39386","post","type-post","status-publish","format-standard","has-post-thumbnail","hentry","category-452","category-komunikado-di-prensa"],"yoast_head":"<!-- This site is optimized with the Yoast SEO plugin v28.4 - https:\/\/yoast.com\/product\/yoast-seo-wordpress\/ -->\n<title>SER ta risib\u00ed splikashon riba revishon di Koraal Tabak - Sociaal Economische Raad Cura\u00e7ao<\/title>\n<meta name=\"robots\" content=\"index, follow, max-snippet:-1, max-image-preview:large, max-video-preview:-1\" \/>\n<link rel=\"canonical\" href=\"https:\/\/ser.cw\/pap\/2026\/09\/01\/ser-ta-risibi-splikashon-riba-revishon-di-koraal-tabak\/\" \/>\n<meta property=\"og:locale\" content=\"en_US\" \/>\n<meta property=\"og:type\" content=\"article\" \/>\n<meta property=\"og:title\" content=\"SER ta risib\u00ed splikashon riba revishon di Koraal Tabak - Sociaal Economische Raad Cura\u00e7ao\" \/>\n<meta property=\"og:description\" content=\"Willemstad, 31 di oug\u00f9st\u00f9s 2026 \u2013 Durante su reunion preparatorio di djabi\u00e8rn\u00e8 28 di oug\u00f9st\u00f9s, Konseho Sosial-Ekon\u00f3miko (SER) a risib\u00ed un splikashon riba e proyekto di ordenansa nashonal pa revis\u00e1 e preskripshonnan di destinashon pa e \u00e1rea di Koraal Tabak.\" \/>\n<meta property=\"og:url\" content=\"https:\/\/ser.cw\/pap\/2026\/09\/01\/ser-ta-risibi-splikashon-riba-revishon-di-koraal-tabak\/\" \/>\n<meta property=\"og:site_name\" content=\"Sociaal Economische Raad Cura\u00e7ao\" \/>\n<meta property=\"article:published_time\" content=\"2026-09-01T15:32:09+00:00\" \/>\n<meta property=\"article:modified_time\" content=\"2026-09-01T15:45:09+00:00\" \/>\n<meta property=\"og:image\" content=\"https:\/\/ser.cw\/wp-content\/uploads\/sites\/280\/2026\/09\/K.-Tabak7.jpeg\" \/>\n\t<meta property=\"og:image:width\" content=\"1528\" \/>\n\t<meta property=\"og:image:height\" content=\"1528\" \/>\n\t<meta property=\"og:image:type\" content=\"image\/jpeg\" \/>\n<meta name=\"author\" content=\"Sandra Raphaela\" \/>\n<meta name=\"twitter:card\" content=\"summary_large_image\" \/>\n<meta name=\"twitter:label1\" content=\"Written by\" \/>\n\t<meta name=\"twitter:data1\" content=\"Sandra Raphaela\" \/>\n\t<meta name=\"twitter:label2\" content=\"Est. reading time\" \/>\n\t<meta name=\"twitter:data2\" content=\"2 minutes\" \/>\n<script type=\"application\/ld+json\" class=\"yoast-schema-graph\">{\"@context\":\"https:\\\/\\\/schema.org\",\"@graph\":[{\"@type\":\"Article\",\"@id\":\"https:\\\/\\\/ser.cw\\\/pap\\\/2026\\\/09\\\/01\\\/ser-ta-risibi-splikashon-riba-revishon-di-koraal-tabak\\\/#article\",\"isPartOf\":{\"@id\":\"https:\\\/\\\/ser.cw\\\/pap\\\/2026\\\/09\\\/01\\\/ser-ta-risibi-splikashon-riba-revishon-di-koraal-tabak\\\/\"},\"author\":{\"name\":\"Sandra Raphaela\",\"@id\":\"https:\\\/\\\/ser.cw\\\/#\\\/schema\\\/person\\\/89cf822c61b4b025468e7bf5f61e7e7c\"},\"headline\":\"SER ta risib\u00ed splikashon riba revishon di Koraal Tabak\",\"datePublished\":\"2026-09-01T15:32:09+00:00\",\"dateModified\":\"2026-09-01T15:45:09+00:00\",\"mainEntityOfPage\":{\"@id\":\"https:\\\/\\\/ser.cw\\\/pap\\\/2026\\\/09\\\/01\\\/ser-ta-risibi-splikashon-riba-revishon-di-koraal-tabak\\\/\"},\"wordCount\":1315,\"image\":{\"@id\":\"https:\\\/\\\/ser.cw\\\/pap\\\/2026\\\/09\\\/01\\\/ser-ta-risibi-splikashon-riba-revishon-di-koraal-tabak\\\/#primaryimage\"},\"thumbnailUrl\":\"https:\\\/\\\/ser.cw\\\/wp-content\\\/uploads\\\/sites\\\/280\\\/2026\\\/09\\\/K.-Tabak7.jpeg\",\"articleSection\":[\"2026\",\"Komunikado di prensa\"],\"inLanguage\":\"pap-CW\"},{\"@type\":\"WebPage\",\"@id\":\"https:\\\/\\\/ser.cw\\\/pap\\\/2026\\\/09\\\/01\\\/ser-ta-risibi-splikashon-riba-revishon-di-koraal-tabak\\\/\",\"url\":\"https:\\\/\\\/ser.cw\\\/pap\\\/2026\\\/09\\\/01\\\/ser-ta-risibi-splikashon-riba-revishon-di-koraal-tabak\\\/\",\"name\":\"SER ta risib\u00ed splikashon riba revishon di Koraal Tabak - Sociaal Economische Raad Cura\u00e7ao\",\"isPartOf\":{\"@id\":\"https:\\\/\\\/ser.cw\\\/#website\"},\"primaryImageOfPage\":{\"@id\":\"https:\\\/\\\/ser.cw\\\/pap\\\/2026\\\/09\\\/01\\\/ser-ta-risibi-splikashon-riba-revishon-di-koraal-tabak\\\/#primaryimage\"},\"image\":{\"@id\":\"https:\\\/\\\/ser.cw\\\/pap\\\/2026\\\/09\\\/01\\\/ser-ta-risibi-splikashon-riba-revishon-di-koraal-tabak\\\/#primaryimage\"},\"thumbnailUrl\":\"https:\\\/\\\/ser.cw\\\/wp-content\\\/uploads\\\/sites\\\/280\\\/2026\\\/09\\\/K.-Tabak7.jpeg\",\"datePublished\":\"2026-09-01T15:32:09+00:00\",\"dateModified\":\"2026-09-01T15:45:09+00:00\",\"author\":{\"@id\":\"https:\\\/\\\/ser.cw\\\/#\\\/schema\\\/person\\\/89cf822c61b4b025468e7bf5f61e7e7c\"},\"breadcrumb\":{\"@id\":\"https:\\\/\\\/ser.cw\\\/pap\\\/2026\\\/09\\\/01\\\/ser-ta-risibi-splikashon-riba-revishon-di-koraal-tabak\\\/#breadcrumb\"},\"inLanguage\":\"pap-CW\",\"potentialAction\":[{\"@type\":\"ReadAction\",\"target\":[\"https:\\\/\\\/ser.cw\\\/pap\\\/2026\\\/09\\\/01\\\/ser-ta-risibi-splikashon-riba-revishon-di-koraal-tabak\\\/\"]}]},{\"@type\":\"ImageObject\",\"inLanguage\":\"pap-CW\",\"@id\":\"https:\\\/\\\/ser.cw\\\/pap\\\/2026\\\/09\\\/01\\\/ser-ta-risibi-splikashon-riba-revishon-di-koraal-tabak\\\/#primaryimage\",\"url\":\"https:\\\/\\\/ser.cw\\\/wp-content\\\/uploads\\\/sites\\\/280\\\/2026\\\/09\\\/K.-Tabak7.jpeg\",\"contentUrl\":\"https:\\\/\\\/ser.cw\\\/wp-content\\\/uploads\\\/sites\\\/280\\\/2026\\\/09\\\/K.-Tabak7.jpeg\",\"width\":1528,\"height\":1528},{\"@type\":\"BreadcrumbList\",\"@id\":\"https:\\\/\\\/ser.cw\\\/pap\\\/2026\\\/09\\\/01\\\/ser-ta-risibi-splikashon-riba-revishon-di-koraal-tabak\\\/#breadcrumb\",\"itemListElement\":[{\"@type\":\"ListItem\",\"position\":1,\"name\":\"Home\",\"item\":\"https:\\\/\\\/ser.cw\\\/pap\\\/\"},{\"@type\":\"ListItem\",\"position\":2,\"name\":\"SER ta risib\u00ed splikashon riba revishon di Koraal Tabak\"}]},{\"@type\":\"WebSite\",\"@id\":\"https:\\\/\\\/ser.cw\\\/#website\",\"url\":\"https:\\\/\\\/ser.cw\\\/\",\"name\":\"Sociaal Economische Raad Cura\u00e7ao\",\"description\":\"adviesorgaan van de regering en het parlement van Cura\u00e7ao omtrent alle belangrijke onderwerpen van sociaal-economische aard\",\"potentialAction\":[{\"@type\":\"SearchAction\",\"target\":{\"@type\":\"EntryPoint\",\"urlTemplate\":\"https:\\\/\\\/ser.cw\\\/?s={search_term_string}\"},\"query-input\":{\"@type\":\"PropertyValueSpecification\",\"valueRequired\":true,\"valueName\":\"search_term_string\"}}],\"inLanguage\":\"pap-CW\"},{\"@type\":\"Person\",\"@id\":\"https:\\\/\\\/ser.cw\\\/#\\\/schema\\\/person\\\/89cf822c61b4b025468e7bf5f61e7e7c\",\"name\":\"Sandra Raphaela\",\"image\":{\"@type\":\"ImageObject\",\"inLanguage\":\"pap-CW\",\"@id\":\"https:\\\/\\\/ser.cw\\\/wp-content\\\/wphb-cache\\\/gravatar\\\/9b4\\\/9b44e5d3afdbce6cf4839235416da6b9x96.jpg\",\"url\":\"https:\\\/\\\/ser.cw\\\/wp-content\\\/wphb-cache\\\/gravatar\\\/9b4\\\/9b44e5d3afdbce6cf4839235416da6b9x96.jpg\",\"contentUrl\":\"https:\\\/\\\/ser.cw\\\/wp-content\\\/wphb-cache\\\/gravatar\\\/9b4\\\/9b44e5d3afdbce6cf4839235416da6b9x96.jpg\",\"caption\":\"Sandra Raphaela\"},\"url\":\"https:\\\/\\\/ser.cw\\\/pap\\\/author\\\/sandra\\\/\"}]}<\/script>\n<!-- \/ Yoast SEO plugin. -->","yoast_head_json":{"title":"SER ta risib\u00ed splikashon riba revishon di Koraal Tabak - Sociaal Economische Raad Cura\u00e7ao","robots":{"index":"index","follow":"follow","max-snippet":"max-snippet:-1","max-image-preview":"max-image-preview:large","max-video-preview":"max-video-preview:-1"},"canonical":"https:\/\/ser.cw\/pap\/2026\/09\/01\/ser-ta-risibi-splikashon-riba-revishon-di-koraal-tabak\/","og_locale":"en_US","og_type":"article","og_title":"SER ta risib\u00ed splikashon riba revishon di Koraal Tabak - Sociaal Economische Raad Cura\u00e7ao","og_description":"Willemstad, 31 di oug\u00f9st\u00f9s 2026 \u2013 Durante su reunion preparatorio di djabi\u00e8rn\u00e8 28 di oug\u00f9st\u00f9s, Konseho Sosial-Ekon\u00f3miko (SER) a risib\u00ed un splikashon riba e proyekto di ordenansa nashonal pa revis\u00e1 e preskripshonnan di destinashon pa e \u00e1rea di Koraal Tabak.","og_url":"https:\/\/ser.cw\/pap\/2026\/09\/01\/ser-ta-risibi-splikashon-riba-revishon-di-koraal-tabak\/","og_site_name":"Sociaal Economische Raad Cura\u00e7ao","article_published_time":"2026-09-01T15:32:09+00:00","article_modified_time":"2026-09-01T15:45:09+00:00","og_image":[{"width":1528,"height":1528,"url":"https:\/\/ser.cw\/wp-content\/uploads\/sites\/280\/2026\/09\/K.-Tabak7.jpeg","type":"image\/jpeg"}],"author":"Sandra Raphaela","twitter_card":"summary_large_image","twitter_misc":{"Written by":"Sandra Raphaela","Est. reading time":"2 minutes"},"schema":{"@context":"https:\/\/schema.org","@graph":[{"@type":"Article","@id":"https:\/\/ser.cw\/pap\/2026\/09\/01\/ser-ta-risibi-splikashon-riba-revishon-di-koraal-tabak\/#article","isPartOf":{"@id":"https:\/\/ser.cw\/pap\/2026\/09\/01\/ser-ta-risibi-splikashon-riba-revishon-di-koraal-tabak\/"},"author":{"name":"Sandra Raphaela","@id":"https:\/\/ser.cw\/#\/schema\/person\/89cf822c61b4b025468e7bf5f61e7e7c"},"headline":"SER ta risib\u00ed splikashon riba revishon di Koraal Tabak","datePublished":"2026-09-01T15:32:09+00:00","dateModified":"2026-09-01T15:45:09+00:00","mainEntityOfPage":{"@id":"https:\/\/ser.cw\/pap\/2026\/09\/01\/ser-ta-risibi-splikashon-riba-revishon-di-koraal-tabak\/"},"wordCount":1315,"image":{"@id":"https:\/\/ser.cw\/pap\/2026\/09\/01\/ser-ta-risibi-splikashon-riba-revishon-di-koraal-tabak\/#primaryimage"},"thumbnailUrl":"https:\/\/ser.cw\/wp-content\/uploads\/sites\/280\/2026\/09\/K.-Tabak7.jpeg","articleSection":["2026","Komunikado di prensa"],"inLanguage":"pap-CW"},{"@type":"WebPage","@id":"https:\/\/ser.cw\/pap\/2026\/09\/01\/ser-ta-risibi-splikashon-riba-revishon-di-koraal-tabak\/","url":"https:\/\/ser.cw\/pap\/2026\/09\/01\/ser-ta-risibi-splikashon-riba-revishon-di-koraal-tabak\/","name":"SER ta risib\u00ed splikashon riba revishon di Koraal Tabak - Sociaal Economische Raad Cura\u00e7ao","isPartOf":{"@id":"https:\/\/ser.cw\/#website"},"primaryImageOfPage":{"@id":"https:\/\/ser.cw\/pap\/2026\/09\/01\/ser-ta-risibi-splikashon-riba-revishon-di-koraal-tabak\/#primaryimage"},"image":{"@id":"https:\/\/ser.cw\/pap\/2026\/09\/01\/ser-ta-risibi-splikashon-riba-revishon-di-koraal-tabak\/#primaryimage"},"thumbnailUrl":"https:\/\/ser.cw\/wp-content\/uploads\/sites\/280\/2026\/09\/K.-Tabak7.jpeg","datePublished":"2026-09-01T15:32:09+00:00","dateModified":"2026-09-01T15:45:09+00:00","author":{"@id":"https:\/\/ser.cw\/#\/schema\/person\/89cf822c61b4b025468e7bf5f61e7e7c"},"breadcrumb":{"@id":"https:\/\/ser.cw\/pap\/2026\/09\/01\/ser-ta-risibi-splikashon-riba-revishon-di-koraal-tabak\/#breadcrumb"},"inLanguage":"pap-CW","potentialAction":[{"@type":"ReadAction","target":["https:\/\/ser.cw\/pap\/2026\/09\/01\/ser-ta-risibi-splikashon-riba-revishon-di-koraal-tabak\/"]}]},{"@type":"ImageObject","inLanguage":"pap-CW","@id":"https:\/\/ser.cw\/pap\/2026\/09\/01\/ser-ta-risibi-splikashon-riba-revishon-di-koraal-tabak\/#primaryimage","url":"https:\/\/ser.cw\/wp-content\/uploads\/sites\/280\/2026\/09\/K.-Tabak7.jpeg","contentUrl":"https:\/\/ser.cw\/wp-content\/uploads\/sites\/280\/2026\/09\/K.-Tabak7.jpeg","width":1528,"height":1528},{"@type":"BreadcrumbList","@id":"https:\/\/ser.cw\/pap\/2026\/09\/01\/ser-ta-risibi-splikashon-riba-revishon-di-koraal-tabak\/#breadcrumb","itemListElement":[{"@type":"ListItem","position":1,"name":"Home","item":"https:\/\/ser.cw\/pap\/"},{"@type":"ListItem","position":2,"name":"SER ta risib\u00ed splikashon riba revishon di Koraal Tabak"}]},{"@type":"WebSite","@id":"https:\/\/ser.cw\/#website","url":"https:\/\/ser.cw\/","name":"Sociaal Economische Raad Cura\u00e7ao","description":"adviesorgaan van de regering en het parlement van Cura\u00e7ao omtrent alle belangrijke onderwerpen van sociaal-economische aard","potentialAction":[{"@type":"SearchAction","target":{"@type":"EntryPoint","urlTemplate":"https:\/\/ser.cw\/?s={search_term_string}"},"query-input":{"@type":"PropertyValueSpecification","valueRequired":true,"valueName":"search_term_string"}}],"inLanguage":"pap-CW"},{"@type":"Person","@id":"https:\/\/ser.cw\/#\/schema\/person\/89cf822c61b4b025468e7bf5f61e7e7c","name":"Sandra Raphaela","image":{"@type":"ImageObject","inLanguage":"pap-CW","@id":"https:\/\/ser.cw\/wp-content\/wphb-cache\/gravatar\/9b4\/9b44e5d3afdbce6cf4839235416da6b9x96.jpg","url":"https:\/\/ser.cw\/wp-content\/wphb-cache\/gravatar\/9b4\/9b44e5d3afdbce6cf4839235416da6b9x96.jpg","contentUrl":"https:\/\/ser.cw\/wp-content\/wphb-cache\/gravatar\/9b4\/9b44e5d3afdbce6cf4839235416da6b9x96.jpg","caption":"Sandra Raphaela"},"url":"https:\/\/ser.cw\/pap\/author\/sandra\/"}]}},"_links":{"self":[{"href":"https:\/\/ser.cw\/pap\/wp-json\/wp\/v2\/posts\/39386","targetHints":{"allow":["GET"]}}],"collection":[{"href":"https:\/\/ser.cw\/pap\/wp-json\/wp\/v2\/posts"}],"about":[{"href":"https:\/\/ser.cw\/pap\/wp-json\/wp\/v2\/types\/post"}],"author":[{"embeddable":true,"href":"https:\/\/ser.cw\/pap\/wp-json\/wp\/v2\/users\/109"}],"replies":[{"embeddable":true,"href":"https:\/\/ser.cw\/pap\/wp-json\/wp\/v2\/comments?post=39386"}],"version-history":[{"count":0,"href":"https:\/\/ser.cw\/pap\/wp-json\/wp\/v2\/posts\/39386\/revisions"}],"wp:featuredmedia":[{"embeddable":true,"href":"https:\/\/ser.cw\/pap\/wp-json\/wp\/v2\/media\/39373"}],"wp:attachment":[{"href":"https:\/\/ser.cw\/pap\/wp-json\/wp\/v2\/media?parent=39386"}],"wp:term":[{"taxonomy":"category","embeddable":true,"href":"https:\/\/ser.cw\/pap\/wp-json\/wp\/v2\/categories?post=39386"},{"taxonomy":"post_tag","embeddable":true,"href":"https:\/\/ser.cw\/pap\/wp-json\/wp\/v2\/tags?post=39386"}],"curies":[{"name":"wp","href":"https:\/\/api.w.org\/{rel}","templated":true}]}}