{"id":39202,"date":"2026-07-03T18:09:12","date_gmt":"2026-07-03T22:09:12","guid":{"rendered":"https:\/\/ser.cw\/?p=39202"},"modified":"2026-08-14T11:44:17","modified_gmt":"2026-08-14T15:44:17","slug":"diantenan-di-universidat-di-hasselt-a-bishita-ser-den-kuadro-di-programa-di-interkambio-tokante-promoshon-di-eksportashon","status":"publish","type":"post","link":"https:\/\/ser.cw\/pap\/2026\/07\/03\/diantenan-di-universidat-di-hasselt-a-bishita-ser-den-kuadro-di-programa-di-interkambio-tokante-promoshon-di-eksportashon\/","title":{"rendered":"Studiantenan di Universidat di Hasselt a bishit\u00e1 SER den kuadro di programa di interkambio tokante promoshon di eksportashon"},"content":{"rendered":"<p>[et_pb_section fb_built=&#8221;1&#8243; fullwidth=&#8221;on&#8221; _builder_version=&#8221;4.16&#8243; global_colors_info=&#8221;{}&#8221;][et_pb_fullwidth_slider _builder_version=&#8221;4.16&#8243; custom_padding=&#8221;|||&#8221; saved_tabs=&#8221;all&#8221; global_colors_info=&#8221;{}&#8221; button_text_size__hover_enabled=&#8221;off&#8221; button_text_size__hover=&#8221;null&#8221; button_one_text_size__hover_enabled=&#8221;off&#8221; button_one_text_size__hover=&#8221;null&#8221; button_two_text_size__hover_enabled=&#8221;off&#8221; button_two_text_size__hover=&#8221;null&#8221; button_text_color__hover_enabled=&#8221;off&#8221; button_text_color__hover=&#8221;null&#8221; button_one_text_color__hover_enabled=&#8221;off&#8221; button_one_text_color__hover=&#8221;null&#8221; button_two_text_color__hover_enabled=&#8221;off&#8221; button_two_text_color__hover=&#8221;null&#8221; button_border_width__hover_enabled=&#8221;off&#8221; button_border_width__hover=&#8221;null&#8221; button_one_border_width__hover_enabled=&#8221;off&#8221; button_one_border_width__hover=&#8221;null&#8221; button_two_border_width__hover_enabled=&#8221;off&#8221; button_two_border_width__hover=&#8221;null&#8221; button_border_color__hover_enabled=&#8221;off&#8221; button_border_color__hover=&#8221;null&#8221; button_one_border_color__hover_enabled=&#8221;off&#8221; button_one_border_color__hover=&#8221;null&#8221; button_two_border_color__hover_enabled=&#8221;off&#8221; button_two_border_color__hover=&#8221;null&#8221; button_border_radius__hover_enabled=&#8221;off&#8221; button_border_radius__hover=&#8221;null&#8221; button_one_border_radius__hover_enabled=&#8221;off&#8221; button_one_border_radius__hover=&#8221;null&#8221; button_two_border_radius__hover_enabled=&#8221;off&#8221; button_two_border_radius__hover=&#8221;null&#8221; button_letter_spacing__hover_enabled=&#8221;off&#8221; button_letter_spacing__hover=&#8221;null&#8221; button_one_letter_spacing__hover_enabled=&#8221;off&#8221; button_one_letter_spacing__hover=&#8221;null&#8221; button_two_letter_spacing__hover_enabled=&#8221;off&#8221; button_two_letter_spacing__hover=&#8221;null&#8221; button_bg_color__hover_enabled=&#8221;off&#8221; button_bg_color__hover=&#8221;null&#8221; button_one_bg_color__hover_enabled=&#8221;off&#8221; button_one_bg_color__hover=&#8221;null&#8221; button_two_bg_color__hover_enabled=&#8221;off&#8221; button_two_bg_color__hover=&#8221;null&#8221;][et_pb_slide use_bg_overlay=&#8221;off&#8221; use_text_overlay=&#8221;off&#8221; admin_title=&#8221;web&#8221; _builder_version=&#8221;4.16&#8243; header_font=&#8221;||||&#8221; body_font=&#8221;||||&#8221; background_color=&#8221;#ffffff&#8221; background_image=&#8221;https:\/\/ser.cw\/wp-content\/uploads\/sites\/280\/2017\/09\/Website-SER-Banner-voorstel-16-verbonden-1.jpg&#8221; button_on_hover=&#8221;on&#8221; global_colors_info=&#8221;{}&#8221; button_text_size__hover_enabled=&#8221;off&#8221; button_one_text_size__hover_enabled=&#8221;off&#8221; button_two_text_size__hover_enabled=&#8221;off&#8221; button_text_color__hover_enabled=&#8221;off&#8221; button_one_text_color__hover_enabled=&#8221;off&#8221; button_two_text_color__hover_enabled=&#8221;off&#8221; button_border_width__hover_enabled=&#8221;off&#8221; button_one_border_width__hover_enabled=&#8221;off&#8221; button_two_border_width__hover_enabled=&#8221;off&#8221; button_border_color__hover_enabled=&#8221;off&#8221; button_one_border_color__hover_enabled=&#8221;off&#8221; button_two_border_color__hover_enabled=&#8221;off&#8221; button_border_radius__hover_enabled=&#8221;off&#8221; button_one_border_radius__hover_enabled=&#8221;off&#8221; button_two_border_radius__hover_enabled=&#8221;off&#8221; button_letter_spacing__hover_enabled=&#8221;off&#8221; button_one_letter_spacing__hover_enabled=&#8221;off&#8221; button_two_letter_spacing__hover_enabled=&#8221;off&#8221; button_bg_color__hover_enabled=&#8221;off&#8221; button_one_bg_color__hover_enabled=&#8221;off&#8221; button_two_bg_color__hover_enabled=&#8221;off&#8221; sticky_transition=&#8221;on&#8221;][\/et_pb_slide][\/et_pb_fullwidth_slider][\/et_pb_section][et_pb_section fb_built=&#8221;1&#8243; module_class=&#8221;persbericht-titel&#8221; _builder_version=&#8221;4.16&#8243; background_color=&#8221;rgba(255,255,255,0)&#8221; custom_padding=&#8221;0px|0px|0px|0px&#8221; transparent_background=&#8221;on&#8221; global_colors_info=&#8221;{}&#8221;][et_pb_row column_structure=&#8221;2_3,1_3&#8243; use_custom_gutter=&#8221;on&#8221; gutter_width=&#8221;1&#8243; _builder_version=&#8221;4.16&#8243; max_width=&#8221;1200px&#8221; global_colors_info=&#8221;{}&#8221;][et_pb_column type=&#8221;2_3&#8243; _builder_version=&#8221;4.16&#8243; custom_padding=&#8221;|||&#8221; global_colors_info=&#8221;{}&#8221; custom_padding__hover=&#8221;|||&#8221;][et_pb_text admin_label=&#8221;Niet aanpassen&#8221; _builder_version=&#8221;4.27.4&#8243; background_color=&#8221;rgba(255,255,255,0.68)&#8221; custom_padding=&#8221;15px|30px|3px|30px&#8221; border_style=&#8221;solid&#8221; global_colors_info=&#8221;{}&#8221;][\/et_pb_text][\/et_pb_column][et_pb_column type=&#8221;1_3&#8243; _builder_version=&#8221;4.16&#8243; custom_padding=&#8221;|||&#8221; global_colors_info=&#8221;{}&#8221; custom_padding__hover=&#8221;|||&#8221;][\/et_pb_column][\/et_pb_row][\/et_pb_section][et_pb_section fb_built=&#8221;1&#8243; _builder_version=&#8221;4.16&#8243; background_color=&#8221;#d1f0ff&#8221; custom_padding=&#8221;0px|0px|0px|0px&#8221; global_colors_info=&#8221;{}&#8221;][et_pb_row column_structure=&#8221;2_3,1_3&#8243; use_custom_gutter=&#8221;on&#8221; gutter_width=&#8221;1&#8243; make_equal=&#8221;on&#8221; _builder_version=&#8221;4.16&#8243; max_width=&#8221;1200px&#8221; global_colors_info=&#8221;{}&#8221;][et_pb_column type=&#8221;2_3&#8243; _builder_version=&#8221;4.16&#8243; background_color=&#8221;#fcfeff&#8221; custom_padding=&#8221;30px|30px|30px|30px&#8221; global_colors_info=&#8221;{}&#8221; custom_padding__hover=&#8221;|||&#8221;][et_pb_text _builder_version=&#8221;4.27.4&#8243; z_index_tablet=&#8221;500&#8243; text_text_shadow_horizontal_length_tablet=&#8221;0px&#8221; text_text_shadow_vertical_length_tablet=&#8221;0px&#8221; text_text_shadow_blur_strength_tablet=&#8221;1px&#8221; link_text_shadow_horizontal_length_tablet=&#8221;0px&#8221; link_text_shadow_vertical_length_tablet=&#8221;0px&#8221; link_text_shadow_blur_strength_tablet=&#8221;1px&#8221; ul_text_shadow_horizontal_length_tablet=&#8221;0px&#8221; ul_text_shadow_vertical_length_tablet=&#8221;0px&#8221; ul_text_shadow_blur_strength_tablet=&#8221;1px&#8221; ol_text_shadow_horizontal_length_tablet=&#8221;0px&#8221; ol_text_shadow_vertical_length_tablet=&#8221;0px&#8221; ol_text_shadow_blur_strength_tablet=&#8221;1px&#8221; quote_text_shadow_horizontal_length_tablet=&#8221;0px&#8221; quote_text_shadow_vertical_length_tablet=&#8221;0px&#8221; quote_text_shadow_blur_strength_tablet=&#8221;1px&#8221; header_text_shadow_horizontal_length_tablet=&#8221;0px&#8221; header_text_shadow_vertical_length_tablet=&#8221;0px&#8221; header_text_shadow_blur_strength_tablet=&#8221;1px&#8221; header_2_text_shadow_horizontal_length_tablet=&#8221;0px&#8221; header_2_text_shadow_vertical_length_tablet=&#8221;0px&#8221; header_2_text_shadow_blur_strength_tablet=&#8221;1px&#8221; header_3_text_shadow_horizontal_length_tablet=&#8221;0px&#8221; header_3_text_shadow_vertical_length_tablet=&#8221;0px&#8221; header_3_text_shadow_blur_strength_tablet=&#8221;1px&#8221; header_4_text_shadow_horizontal_length_tablet=&#8221;0px&#8221; header_4_text_shadow_vertical_length_tablet=&#8221;0px&#8221; header_4_text_shadow_blur_strength_tablet=&#8221;1px&#8221; header_5_text_shadow_horizontal_length_tablet=&#8221;0px&#8221; header_5_text_shadow_vertical_length_tablet=&#8221;0px&#8221; header_5_text_shadow_blur_strength_tablet=&#8221;1px&#8221; header_6_text_shadow_horizontal_length_tablet=&#8221;0px&#8221; header_6_text_shadow_vertical_length_tablet=&#8221;0px&#8221; header_6_text_shadow_blur_strength_tablet=&#8221;1px&#8221; box_shadow_horizontal_tablet=&#8221;0px&#8221; box_shadow_vertical_tablet=&#8221;0px&#8221; box_shadow_blur_tablet=&#8221;40px&#8221; box_shadow_spread_tablet=&#8221;0px&#8221; global_colors_info=&#8221;{}&#8221;]<\/p>\n<h1><span style=\"color: #0000ff\">Studiantenan di Universidat di Hasselt a bishit\u00e1 SER den kuadro di programa di interkambio tokante promoshon di eksportashon<\/span><\/h1>\n<h2><\/h2>\n<p>Willemstad, 3 di y\u00fcli 2026 <strong>\u2013<\/strong> Konseho Sosial-Ekon\u00f3miko (SER) a risib\u00ed resientemente un grupo di studiante di Universidat di Hasselt na B\u00e9lgika pa un bishita di konosementu i interkambio. E bishita tabata forma parti di un programa di interkambio di dos siman na K\u00f2rsou, kaminda e studiantenan, riba enkargo di Ministerio di Desaroyo Ekon\u00f3miko, ta traha riba un plan pa fortales\u00e9 e kapasidat di eksportashon di K\u00f2rsou.<\/p>\n<p>E programa di interkambio ta ofres\u00e9 studiantenan oportunidat pa konekt\u00e1 nan konosementu te\u00f3riko ku e pr\u00e1ktika di K\u00f2rsou. Pa medio di kombersashonnan, bishitanan di trabou i seshonnan di kontenido, nan ta ha\u00f1a un bista mas amplio di e konteksto ekon\u00f3miko, institushonal i sosial di e pais. Banda di nan enkargo tokante promoshon di eksportashon, e studiantenan ta bishit\u00e1 diferente organisashon ku tin un papel importante den desaroyo di ekonomia di K\u00f2rsou.<\/p>\n<p>Durante e bishita na SER, tres tema tabata sentral: e relashonnan konstitushonal den Reino Hulandes, e tarea i forma di traha di SER K\u00f2rsou, i e situashon sosial-ekon\u00f3miko aktual di pais. Den e kuadro aki a papia, entre otro, tokante posishon di K\u00f2rsou komo pais out\u00f3nomo den Reino, e importansia di konsultashon i konseho den proseso di formulashon di maneho, i e desafionan ekon\u00f3miko i sosial prinsipal ku K\u00f2rsou ta enfrent\u00e1.<\/p>\n<p>Un parti importante di e enkuentro tabata e splikashon di e papel di SER komo \u00f3rgano independiente di konseho pa Gobi\u00e8rnu i Parlamento. E studiantenan a ha\u00f1a informashon tokante e komposishon tripartito di e konseho, kaminda representantenan di dunad\u00f3nan di trabou, trahad\u00f3nan i ekspertonan independiente ta deliber\u00e1 huntu riba asuntunan sosial-ekon\u00f3miko. Tambe a duna atenshon na e proseso di konseho i na e manera ku SER ta kontribu\u00ed na formashon di pol\u00edtika ku sosten amplio riba temanan ku ta importante pa komunidat.<\/p>\n<p>Ademas, a duna atenshon na e struktura sosial-ekon\u00f3miko mas amplio di K\u00f2rsou. Temanan manera desaroyo demogr\u00e1fiko, desafionan riba merkado laboral, diversifikashon ekon\u00f3miko, kompetitividat i e posishon di K\u00f2rsou komo un ekonomia chik\u00ed i habr\u00ed a keda trat\u00e1 den perspektiva di promoshon di eksportashon. E enkuentro a mustra ku stimulashon di eksportashon no por keda separ\u00e1 di produktividat, e spiritu empresarial, kapasidat institushonal i posishonamentu internashonal.<\/p>\n<p>Pa e studiantenan, e bishita na SER a duna nan oportunidat pa pone nan enkargo den un kuadro mas amplio di maneho i sosiedat. Desaroyo di eksportashon no ta reker\u00ed solamente an\u00e1lisis di merkado i strategia ekon\u00f3miko. E ta reker\u00ed tambe komprenshon di relashonnan gubernamental, interesnan sosial i kondishonnan di maneho p\u00fabliko ku ta determin\u00e1 kresementu ekon\u00f3miko sostenibel di K\u00f2rsou.<\/p>\n<p>Ku e enkuentro ku e studiantenan, SER ta kontribu\u00ed na interkambio di konosementu entre K\u00f2rsou i institutonan internashonal di ense\u00f1ansa avans\u00e1. Enkuentronan asina ta brinda e studiantenan eksperensia pr\u00e1ktiko di balor i, na mes momento, ta fortales\u00e9 e di\u00e1logo tokante futuro di ekonomia di K\u00f2rsou.<\/p>\n<p>SER ta mira b\u00e8k ku satisfakshon riba e bishita i ta subray\u00e1 importansia di kooperashon entre ense\u00f1ansa, Gobi\u00e8rnu i organisashonnan sosial. Presisamente dor di konekt\u00e1 teoria ku pr\u00e1ktika, por surgi perspektivanan nobo ku por kontribu\u00ed na un desaroyo sosial-ekon\u00f3miko sostenibel.<\/p>\n<p>Met het ontvangen van de studenten levert de SER een bijdrage aan kennisuitwisseling tussen Cura\u00e7ao en internationale onderwijsinstellingen. Dergelijke ontmoetingen bieden studenten waardevolle praktijkervaring en versterken tegelijkertijd de dialoog over de toekomst van de Cura\u00e7aose economie.<\/p>\n<p>De SER kijkt positief terug op het bezoek en benadrukt het belang van samenwerking tussen onderwijs, overheid en maatschappelijke organisaties. Juist door theorie en praktijk met elkaar te verbinden, ontstaan nieuwe inzichten die kunnen bijdragen aan duurzame sociaaleconomische ontwikkeling.[\/et_pb_text][et_pb_text admin_label=&#8221;Add to any &#8211; niet aanpassen&#8221; _builder_version=&#8221;4.16&#8243; border_style=&#8221;solid&#8221; saved_tabs=&#8221;all&#8221; global_colors_info=&#8221;{}&#8221;]<\/p>\n<pre><code><div class=\"addtoany_shortcode\"><div class=\"a2a_kit a2a_kit_size_24 addtoany_list\" data-a2a-url=\"https:\/\/ser.cw\/pap\/2026\/07\/03\/diantenan-di-universidat-di-hasselt-a-bishita-ser-den-kuadro-di-programa-di-interkambio-tokante-promoshon-di-eksportashon\/\" data-a2a-title=\"Studiantenan di Universidat di Hasselt a bishit\u00e1 SER den kuadro di programa di interkambio tokante promoshon di eksportashon\"><a class=\"a2a_dd addtoany_share_save addtoany_share\" href=\"https:\/\/www.addtoany.com\/share\"><img decoding=\"async\" src=\"https:\/\/ser.cw\/wp-content\/uploads\/sites\/280\/2017\/12\/share.png\" alt=\"Share\"><\/a><\/div><\/div><\/code><\/pre>\n<p>[\/et_pb_text][et_pb_post_nav in_same_term=&#8221;on&#8221; admin_label=&#8221;Post Navigation &#8211; niet aanpassen&#8221; _builder_version=&#8221;4.16&#8243; border_style=&#8221;solid&#8221; hide_prev=&#8221;off&#8221; hide_next=&#8221;off&#8221; global_colors_info=&#8221;{}&#8221;][\/et_pb_post_nav][\/et_pb_column][et_pb_column type=&#8221;1_3&#8243; _builder_version=&#8221;4.16&#8243; background_color=&#8221;#f4fbff&#8221; custom_padding=&#8221;30px|30px|30px|30px&#8221; global_colors_info=&#8221;{}&#8221; custom_padding__hover=&#8221;|||&#8221;][et_pb_image src=&#8221;https:\/\/ser.cw\/wp-content\/uploads\/sites\/280\/2026\/07\/WhatsApp-Image-2026-07-03-at-16.13.09.jpeg&#8221; title_text=&#8221;WhatsApp Image 2026-07-03 at 16.13.09&#8243; _builder_version=&#8221;4.27.4&#8243; _module_preset=&#8221;default&#8221; global_colors_info=&#8221;{}&#8221;][\/et_pb_image][et_pb_text _builder_version=&#8221;4.27.4&#8243; global_colors_info=&#8221;{}&#8221;][\/et_pb_text][et_pb_image title_text=&#8221;BZK-4&#8243; _builder_version=&#8221;4.27.4&#8243; _module_preset=&#8221;default&#8221; global_colors_info=&#8221;{}&#8221;][\/et_pb_image][\/et_pb_column][\/et_pb_row][\/et_pb_section]<\/p>\n","protected":false},"excerpt":{"rendered":"<p>Willemstad, 3 di y\u00fcli 2026 \u2013 Konseho Sosial-Ekon\u00f3miko (SER) a risib\u00ed resientemente un grupo di studiante di Universidat di Hasselt na B\u00e9lgika pa un bishita di konosementu i interkambio.<\/p>\n","protected":false},"author":109,"featured_media":39204,"comment_status":"closed","ping_status":"closed","sticky":false,"template":"","format":"standard","meta":{"_et_pb_use_builder":"on","_et_pb_old_content":"<h1><span style=\"color: #0000ff;\">SER-advies uit over initiatiefvoorstel tot herziening OZB-stelsel<\/span><\/h1><p>Willemstad, 15 juli 2025 \u2013 De Sociaal-Economische Raad (SER) heeft op vrijdag 11 juli jongstleden een advies uitgebracht over de initiatiefontwerplandsverordening tot wijziging van de Landsverordening inzake de belastingheffing van onroerende zaken (Landsverordening onroerendezaakbelasting 2014). Het advies werd uitgebracht op verzoek van de Staten van Cura\u00e7ao.<\/p><p>Het initiatiefvoorstel is afkomstig van de fractie van de MAN in de Staten, die zich hierbij beroept op het recht van initiatief zoals vastgelegd in artikel 77 van de Staatsregeling van Cura\u00e7ao (A.B. 2010, no. 86). Dit artikel verleent Statenleden de bevoegdheid om wetsvoorstellen zelfstandig in te dienen en aan de regering voor te dragen.<\/p><p>Met het ontwerp beogen de indieners een herziening van het huidige OZB-stelsel, onder meer door aanpassing van de tariefstructuur, verhoging van de vrijstellingsdrempel en vereenvoudiging van de administratieve verwerking van de belasting op onroerende zaken.<\/p><p>De Staten zullen het advies van de SER betrekken bij hun verdere beraadslaging over het initiatiefwetsvoorstel.<\/p>","_et_gb_content_width":"","_links_to":"","_links_to_type":0,"wds_primary_category":0,"footnotes":""},"categories":[452,393],"tags":[],"class_list":["post-39202","post","type-post","status-publish","format-standard","has-post-thumbnail","hentry","category-452","category-komunikado-di-prensa"],"yoast_head":"<!-- This site is optimized with the Yoast SEO plugin v28.4 - https:\/\/yoast.com\/product\/yoast-seo-wordpress\/ -->\n<title>Studiantenan di Universidat di Hasselt a bishit\u00e1 SER den kuadro di programa di interkambio tokante promoshon di eksportashon - Sociaal Economische Raad Cura\u00e7ao<\/title>\n<meta name=\"robots\" content=\"index, follow, max-snippet:-1, max-image-preview:large, max-video-preview:-1\" \/>\n<link rel=\"canonical\" href=\"https:\/\/ser.cw\/pap\/2026\/07\/03\/diantenan-di-universidat-di-hasselt-a-bishita-ser-den-kuadro-di-programa-di-interkambio-tokante-promoshon-di-eksportashon\/\" \/>\n<meta property=\"og:locale\" content=\"en_US\" \/>\n<meta property=\"og:type\" content=\"article\" \/>\n<meta property=\"og:title\" content=\"Studiantenan di Universidat di Hasselt a bishit\u00e1 SER den kuadro di programa di interkambio tokante promoshon di eksportashon - Sociaal Economische Raad Cura\u00e7ao\" \/>\n<meta property=\"og:description\" content=\"Willemstad, 3 di y\u00fcli 2026 \u2013 Konseho Sosial-Ekon\u00f3miko (SER) a risib\u00ed resientemente un grupo di studiante di Universidat di Hasselt na B\u00e9lgika pa un bishita di konosementu i interkambio.\" \/>\n<meta property=\"og:url\" content=\"https:\/\/ser.cw\/pap\/2026\/07\/03\/diantenan-di-universidat-di-hasselt-a-bishita-ser-den-kuadro-di-programa-di-interkambio-tokante-promoshon-di-eksportashon\/\" \/>\n<meta property=\"og:site_name\" content=\"Sociaal Economische Raad Cura\u00e7ao\" \/>\n<meta property=\"article:published_time\" content=\"2026-07-03T22:09:12+00:00\" \/>\n<meta property=\"article:modified_time\" content=\"2026-08-14T15:44:17+00:00\" \/>\n<meta property=\"og:image\" content=\"https:\/\/ser.cw\/wp-content\/uploads\/sites\/280\/2026\/07\/WhatsApp-Image-2026-07-03-at-16.13.09.jpeg\" \/>\n\t<meta property=\"og:image:width\" content=\"2048\" \/>\n\t<meta property=\"og:image:height\" content=\"1536\" \/>\n\t<meta property=\"og:image:type\" content=\"image\/jpeg\" \/>\n<meta name=\"author\" content=\"Sandra Raphaela\" \/>\n<meta name=\"twitter:card\" content=\"summary_large_image\" \/>\n<meta name=\"twitter:label1\" content=\"Written by\" \/>\n\t<meta name=\"twitter:data1\" content=\"Sandra Raphaela\" \/>\n\t<meta name=\"twitter:label2\" content=\"Est. reading time\" \/>\n\t<meta name=\"twitter:data2\" content=\"4 minutes\" \/>\n<script type=\"application\/ld+json\" class=\"yoast-schema-graph\">{\"@context\":\"https:\\\/\\\/schema.org\",\"@graph\":[{\"@type\":\"Article\",\"@id\":\"https:\\\/\\\/ser.cw\\\/pap\\\/2026\\\/07\\\/03\\\/diantenan-di-universidat-di-hasselt-a-bishita-ser-den-kuadro-di-programa-di-interkambio-tokante-promoshon-di-eksportashon\\\/#article\",\"isPartOf\":{\"@id\":\"https:\\\/\\\/ser.cw\\\/pap\\\/2026\\\/07\\\/03\\\/diantenan-di-universidat-di-hasselt-a-bishita-ser-den-kuadro-di-programa-di-interkambio-tokante-promoshon-di-eksportashon\\\/\"},\"author\":{\"name\":\"Sandra Raphaela\",\"@id\":\"https:\\\/\\\/ser.cw\\\/#\\\/schema\\\/person\\\/89cf822c61b4b025468e7bf5f61e7e7c\"},\"headline\":\"Studiantenan di Universidat di Hasselt a bishit\u00e1 SER den kuadro di programa di interkambio tokante promoshon di eksportashon\",\"datePublished\":\"2026-07-03T22:09:12+00:00\",\"dateModified\":\"2026-08-14T15:44:17+00:00\",\"mainEntityOfPage\":{\"@id\":\"https:\\\/\\\/ser.cw\\\/pap\\\/2026\\\/07\\\/03\\\/diantenan-di-universidat-di-hasselt-a-bishita-ser-den-kuadro-di-programa-di-interkambio-tokante-promoshon-di-eksportashon\\\/\"},\"wordCount\":1727,\"image\":{\"@id\":\"https:\\\/\\\/ser.cw\\\/pap\\\/2026\\\/07\\\/03\\\/diantenan-di-universidat-di-hasselt-a-bishita-ser-den-kuadro-di-programa-di-interkambio-tokante-promoshon-di-eksportashon\\\/#primaryimage\"},\"thumbnailUrl\":\"https:\\\/\\\/ser.cw\\\/wp-content\\\/uploads\\\/sites\\\/280\\\/2026\\\/07\\\/WhatsApp-Image-2026-07-03-at-16.13.09.jpeg\",\"articleSection\":[\"2026\",\"Komunikado di prensa\"],\"inLanguage\":\"pap-CW\"},{\"@type\":\"WebPage\",\"@id\":\"https:\\\/\\\/ser.cw\\\/pap\\\/2026\\\/07\\\/03\\\/diantenan-di-universidat-di-hasselt-a-bishita-ser-den-kuadro-di-programa-di-interkambio-tokante-promoshon-di-eksportashon\\\/\",\"url\":\"https:\\\/\\\/ser.cw\\\/pap\\\/2026\\\/07\\\/03\\\/diantenan-di-universidat-di-hasselt-a-bishita-ser-den-kuadro-di-programa-di-interkambio-tokante-promoshon-di-eksportashon\\\/\",\"name\":\"Studiantenan di Universidat di Hasselt a bishit\u00e1 SER den kuadro di programa di interkambio tokante promoshon di eksportashon - Sociaal Economische Raad Cura\u00e7ao\",\"isPartOf\":{\"@id\":\"https:\\\/\\\/ser.cw\\\/#website\"},\"primaryImageOfPage\":{\"@id\":\"https:\\\/\\\/ser.cw\\\/pap\\\/2026\\\/07\\\/03\\\/diantenan-di-universidat-di-hasselt-a-bishita-ser-den-kuadro-di-programa-di-interkambio-tokante-promoshon-di-eksportashon\\\/#primaryimage\"},\"image\":{\"@id\":\"https:\\\/\\\/ser.cw\\\/pap\\\/2026\\\/07\\\/03\\\/diantenan-di-universidat-di-hasselt-a-bishita-ser-den-kuadro-di-programa-di-interkambio-tokante-promoshon-di-eksportashon\\\/#primaryimage\"},\"thumbnailUrl\":\"https:\\\/\\\/ser.cw\\\/wp-content\\\/uploads\\\/sites\\\/280\\\/2026\\\/07\\\/WhatsApp-Image-2026-07-03-at-16.13.09.jpeg\",\"datePublished\":\"2026-07-03T22:09:12+00:00\",\"dateModified\":\"2026-08-14T15:44:17+00:00\",\"author\":{\"@id\":\"https:\\\/\\\/ser.cw\\\/#\\\/schema\\\/person\\\/89cf822c61b4b025468e7bf5f61e7e7c\"},\"breadcrumb\":{\"@id\":\"https:\\\/\\\/ser.cw\\\/pap\\\/2026\\\/07\\\/03\\\/diantenan-di-universidat-di-hasselt-a-bishita-ser-den-kuadro-di-programa-di-interkambio-tokante-promoshon-di-eksportashon\\\/#breadcrumb\"},\"inLanguage\":\"pap-CW\",\"potentialAction\":[{\"@type\":\"ReadAction\",\"target\":[\"https:\\\/\\\/ser.cw\\\/pap\\\/2026\\\/07\\\/03\\\/diantenan-di-universidat-di-hasselt-a-bishita-ser-den-kuadro-di-programa-di-interkambio-tokante-promoshon-di-eksportashon\\\/\"]}]},{\"@type\":\"ImageObject\",\"inLanguage\":\"pap-CW\",\"@id\":\"https:\\\/\\\/ser.cw\\\/pap\\\/2026\\\/07\\\/03\\\/diantenan-di-universidat-di-hasselt-a-bishita-ser-den-kuadro-di-programa-di-interkambio-tokante-promoshon-di-eksportashon\\\/#primaryimage\",\"url\":\"https:\\\/\\\/ser.cw\\\/wp-content\\\/uploads\\\/sites\\\/280\\\/2026\\\/07\\\/WhatsApp-Image-2026-07-03-at-16.13.09.jpeg\",\"contentUrl\":\"https:\\\/\\\/ser.cw\\\/wp-content\\\/uploads\\\/sites\\\/280\\\/2026\\\/07\\\/WhatsApp-Image-2026-07-03-at-16.13.09.jpeg\",\"width\":2048,\"height\":1536},{\"@type\":\"BreadcrumbList\",\"@id\":\"https:\\\/\\\/ser.cw\\\/pap\\\/2026\\\/07\\\/03\\\/diantenan-di-universidat-di-hasselt-a-bishita-ser-den-kuadro-di-programa-di-interkambio-tokante-promoshon-di-eksportashon\\\/#breadcrumb\",\"itemListElement\":[{\"@type\":\"ListItem\",\"position\":1,\"name\":\"Home\",\"item\":\"https:\\\/\\\/ser.cw\\\/pap\\\/\"},{\"@type\":\"ListItem\",\"position\":2,\"name\":\"Studiantenan di Universidat di Hasselt a bishit\u00e1 SER den kuadro di programa di interkambio tokante promoshon di eksportashon\"}]},{\"@type\":\"WebSite\",\"@id\":\"https:\\\/\\\/ser.cw\\\/#website\",\"url\":\"https:\\\/\\\/ser.cw\\\/\",\"name\":\"Sociaal Economische Raad Cura\u00e7ao\",\"description\":\"adviesorgaan van de regering en het parlement van Cura\u00e7ao omtrent alle belangrijke onderwerpen van sociaal-economische aard\",\"potentialAction\":[{\"@type\":\"SearchAction\",\"target\":{\"@type\":\"EntryPoint\",\"urlTemplate\":\"https:\\\/\\\/ser.cw\\\/?s={search_term_string}\"},\"query-input\":{\"@type\":\"PropertyValueSpecification\",\"valueRequired\":true,\"valueName\":\"search_term_string\"}}],\"inLanguage\":\"pap-CW\"},{\"@type\":\"Person\",\"@id\":\"https:\\\/\\\/ser.cw\\\/#\\\/schema\\\/person\\\/89cf822c61b4b025468e7bf5f61e7e7c\",\"name\":\"Sandra Raphaela\",\"image\":{\"@type\":\"ImageObject\",\"inLanguage\":\"pap-CW\",\"@id\":\"https:\\\/\\\/ser.cw\\\/wp-content\\\/wphb-cache\\\/gravatar\\\/9b4\\\/9b44e5d3afdbce6cf4839235416da6b9x96.jpg\",\"url\":\"https:\\\/\\\/ser.cw\\\/wp-content\\\/wphb-cache\\\/gravatar\\\/9b4\\\/9b44e5d3afdbce6cf4839235416da6b9x96.jpg\",\"contentUrl\":\"https:\\\/\\\/ser.cw\\\/wp-content\\\/wphb-cache\\\/gravatar\\\/9b4\\\/9b44e5d3afdbce6cf4839235416da6b9x96.jpg\",\"caption\":\"Sandra Raphaela\"},\"url\":\"https:\\\/\\\/ser.cw\\\/pap\\\/author\\\/sandra\\\/\"}]}<\/script>\n<!-- \/ Yoast SEO plugin. -->","yoast_head_json":{"title":"Studiantenan di Universidat di Hasselt a bishit\u00e1 SER den kuadro di programa di interkambio tokante promoshon di eksportashon - Sociaal Economische Raad Cura\u00e7ao","robots":{"index":"index","follow":"follow","max-snippet":"max-snippet:-1","max-image-preview":"max-image-preview:large","max-video-preview":"max-video-preview:-1"},"canonical":"https:\/\/ser.cw\/pap\/2026\/07\/03\/diantenan-di-universidat-di-hasselt-a-bishita-ser-den-kuadro-di-programa-di-interkambio-tokante-promoshon-di-eksportashon\/","og_locale":"en_US","og_type":"article","og_title":"Studiantenan di Universidat di Hasselt a bishit\u00e1 SER den kuadro di programa di interkambio tokante promoshon di eksportashon - Sociaal Economische Raad Cura\u00e7ao","og_description":"Willemstad, 3 di y\u00fcli 2026 \u2013 Konseho Sosial-Ekon\u00f3miko (SER) a risib\u00ed resientemente un grupo di studiante di Universidat di Hasselt na B\u00e9lgika pa un bishita di konosementu i interkambio.","og_url":"https:\/\/ser.cw\/pap\/2026\/07\/03\/diantenan-di-universidat-di-hasselt-a-bishita-ser-den-kuadro-di-programa-di-interkambio-tokante-promoshon-di-eksportashon\/","og_site_name":"Sociaal Economische Raad Cura\u00e7ao","article_published_time":"2026-07-03T22:09:12+00:00","article_modified_time":"2026-08-14T15:44:17+00:00","og_image":[{"width":2048,"height":1536,"url":"https:\/\/ser.cw\/wp-content\/uploads\/sites\/280\/2026\/07\/WhatsApp-Image-2026-07-03-at-16.13.09.jpeg","type":"image\/jpeg"}],"author":"Sandra Raphaela","twitter_card":"summary_large_image","twitter_misc":{"Written by":"Sandra Raphaela","Est. reading time":"4 minutes"},"schema":{"@context":"https:\/\/schema.org","@graph":[{"@type":"Article","@id":"https:\/\/ser.cw\/pap\/2026\/07\/03\/diantenan-di-universidat-di-hasselt-a-bishita-ser-den-kuadro-di-programa-di-interkambio-tokante-promoshon-di-eksportashon\/#article","isPartOf":{"@id":"https:\/\/ser.cw\/pap\/2026\/07\/03\/diantenan-di-universidat-di-hasselt-a-bishita-ser-den-kuadro-di-programa-di-interkambio-tokante-promoshon-di-eksportashon\/"},"author":{"name":"Sandra Raphaela","@id":"https:\/\/ser.cw\/#\/schema\/person\/89cf822c61b4b025468e7bf5f61e7e7c"},"headline":"Studiantenan di Universidat di Hasselt a bishit\u00e1 SER den kuadro di programa di interkambio tokante promoshon di eksportashon","datePublished":"2026-07-03T22:09:12+00:00","dateModified":"2026-08-14T15:44:17+00:00","mainEntityOfPage":{"@id":"https:\/\/ser.cw\/pap\/2026\/07\/03\/diantenan-di-universidat-di-hasselt-a-bishita-ser-den-kuadro-di-programa-di-interkambio-tokante-promoshon-di-eksportashon\/"},"wordCount":1727,"image":{"@id":"https:\/\/ser.cw\/pap\/2026\/07\/03\/diantenan-di-universidat-di-hasselt-a-bishita-ser-den-kuadro-di-programa-di-interkambio-tokante-promoshon-di-eksportashon\/#primaryimage"},"thumbnailUrl":"https:\/\/ser.cw\/wp-content\/uploads\/sites\/280\/2026\/07\/WhatsApp-Image-2026-07-03-at-16.13.09.jpeg","articleSection":["2026","Komunikado di prensa"],"inLanguage":"pap-CW"},{"@type":"WebPage","@id":"https:\/\/ser.cw\/pap\/2026\/07\/03\/diantenan-di-universidat-di-hasselt-a-bishita-ser-den-kuadro-di-programa-di-interkambio-tokante-promoshon-di-eksportashon\/","url":"https:\/\/ser.cw\/pap\/2026\/07\/03\/diantenan-di-universidat-di-hasselt-a-bishita-ser-den-kuadro-di-programa-di-interkambio-tokante-promoshon-di-eksportashon\/","name":"Studiantenan di Universidat di Hasselt a bishit\u00e1 SER den kuadro di programa di interkambio tokante promoshon di eksportashon - Sociaal Economische Raad Cura\u00e7ao","isPartOf":{"@id":"https:\/\/ser.cw\/#website"},"primaryImageOfPage":{"@id":"https:\/\/ser.cw\/pap\/2026\/07\/03\/diantenan-di-universidat-di-hasselt-a-bishita-ser-den-kuadro-di-programa-di-interkambio-tokante-promoshon-di-eksportashon\/#primaryimage"},"image":{"@id":"https:\/\/ser.cw\/pap\/2026\/07\/03\/diantenan-di-universidat-di-hasselt-a-bishita-ser-den-kuadro-di-programa-di-interkambio-tokante-promoshon-di-eksportashon\/#primaryimage"},"thumbnailUrl":"https:\/\/ser.cw\/wp-content\/uploads\/sites\/280\/2026\/07\/WhatsApp-Image-2026-07-03-at-16.13.09.jpeg","datePublished":"2026-07-03T22:09:12+00:00","dateModified":"2026-08-14T15:44:17+00:00","author":{"@id":"https:\/\/ser.cw\/#\/schema\/person\/89cf822c61b4b025468e7bf5f61e7e7c"},"breadcrumb":{"@id":"https:\/\/ser.cw\/pap\/2026\/07\/03\/diantenan-di-universidat-di-hasselt-a-bishita-ser-den-kuadro-di-programa-di-interkambio-tokante-promoshon-di-eksportashon\/#breadcrumb"},"inLanguage":"pap-CW","potentialAction":[{"@type":"ReadAction","target":["https:\/\/ser.cw\/pap\/2026\/07\/03\/diantenan-di-universidat-di-hasselt-a-bishita-ser-den-kuadro-di-programa-di-interkambio-tokante-promoshon-di-eksportashon\/"]}]},{"@type":"ImageObject","inLanguage":"pap-CW","@id":"https:\/\/ser.cw\/pap\/2026\/07\/03\/diantenan-di-universidat-di-hasselt-a-bishita-ser-den-kuadro-di-programa-di-interkambio-tokante-promoshon-di-eksportashon\/#primaryimage","url":"https:\/\/ser.cw\/wp-content\/uploads\/sites\/280\/2026\/07\/WhatsApp-Image-2026-07-03-at-16.13.09.jpeg","contentUrl":"https:\/\/ser.cw\/wp-content\/uploads\/sites\/280\/2026\/07\/WhatsApp-Image-2026-07-03-at-16.13.09.jpeg","width":2048,"height":1536},{"@type":"BreadcrumbList","@id":"https:\/\/ser.cw\/pap\/2026\/07\/03\/diantenan-di-universidat-di-hasselt-a-bishita-ser-den-kuadro-di-programa-di-interkambio-tokante-promoshon-di-eksportashon\/#breadcrumb","itemListElement":[{"@type":"ListItem","position":1,"name":"Home","item":"https:\/\/ser.cw\/pap\/"},{"@type":"ListItem","position":2,"name":"Studiantenan di Universidat di Hasselt a bishit\u00e1 SER den kuadro di programa di interkambio tokante promoshon di eksportashon"}]},{"@type":"WebSite","@id":"https:\/\/ser.cw\/#website","url":"https:\/\/ser.cw\/","name":"Sociaal Economische Raad Cura\u00e7ao","description":"adviesorgaan van de regering en het parlement van Cura\u00e7ao omtrent alle belangrijke onderwerpen van sociaal-economische aard","potentialAction":[{"@type":"SearchAction","target":{"@type":"EntryPoint","urlTemplate":"https:\/\/ser.cw\/?s={search_term_string}"},"query-input":{"@type":"PropertyValueSpecification","valueRequired":true,"valueName":"search_term_string"}}],"inLanguage":"pap-CW"},{"@type":"Person","@id":"https:\/\/ser.cw\/#\/schema\/person\/89cf822c61b4b025468e7bf5f61e7e7c","name":"Sandra Raphaela","image":{"@type":"ImageObject","inLanguage":"pap-CW","@id":"https:\/\/ser.cw\/wp-content\/wphb-cache\/gravatar\/9b4\/9b44e5d3afdbce6cf4839235416da6b9x96.jpg","url":"https:\/\/ser.cw\/wp-content\/wphb-cache\/gravatar\/9b4\/9b44e5d3afdbce6cf4839235416da6b9x96.jpg","contentUrl":"https:\/\/ser.cw\/wp-content\/wphb-cache\/gravatar\/9b4\/9b44e5d3afdbce6cf4839235416da6b9x96.jpg","caption":"Sandra Raphaela"},"url":"https:\/\/ser.cw\/pap\/author\/sandra\/"}]}},"_links":{"self":[{"href":"https:\/\/ser.cw\/pap\/wp-json\/wp\/v2\/posts\/39202","targetHints":{"allow":["GET"]}}],"collection":[{"href":"https:\/\/ser.cw\/pap\/wp-json\/wp\/v2\/posts"}],"about":[{"href":"https:\/\/ser.cw\/pap\/wp-json\/wp\/v2\/types\/post"}],"author":[{"embeddable":true,"href":"https:\/\/ser.cw\/pap\/wp-json\/wp\/v2\/users\/109"}],"replies":[{"embeddable":true,"href":"https:\/\/ser.cw\/pap\/wp-json\/wp\/v2\/comments?post=39202"}],"version-history":[{"count":0,"href":"https:\/\/ser.cw\/pap\/wp-json\/wp\/v2\/posts\/39202\/revisions"}],"wp:featuredmedia":[{"embeddable":true,"href":"https:\/\/ser.cw\/pap\/wp-json\/wp\/v2\/media\/39204"}],"wp:attachment":[{"href":"https:\/\/ser.cw\/pap\/wp-json\/wp\/v2\/media?parent=39202"}],"wp:term":[{"taxonomy":"category","embeddable":true,"href":"https:\/\/ser.cw\/pap\/wp-json\/wp\/v2\/categories?post=39202"},{"taxonomy":"post_tag","embeddable":true,"href":"https:\/\/ser.cw\/pap\/wp-json\/wp\/v2\/tags?post=39202"}],"curies":[{"name":"wp","href":"https:\/\/api.w.org\/{rel}","templated":true}]}}