{"id":32638,"date":"2024-04-16T15:39:19","date_gmt":"2024-04-16T19:39:19","guid":{"rendered":"https:\/\/ser.cw\/?p=32638"},"modified":"2024-04-17T12:09:00","modified_gmt":"2024-04-17T16:09:00","slug":"ser-ta-emiti-konseho-riba-introdukshon-di-verlof-paternal","status":"publish","type":"post","link":"https:\/\/ser.cw\/pap\/2024\/04\/16\/ser-ta-emiti-konseho-riba-introdukshon-di-verlof-paternal\/","title":{"rendered":"SER ta emit\u00ed konseho riba introdukshon di verl\u00f2f paternal"},"content":{"rendered":"<p>[et_pb_section fb_built=&#8221;1&#8243; fullwidth=&#8221;on&#8221; _builder_version=&#8221;4.16&#8243; global_colors_info=&#8221;{}&#8221;][et_pb_fullwidth_slider _builder_version=&#8221;4.16&#8243; custom_padding=&#8221;|||&#8221; saved_tabs=&#8221;all&#8221; global_colors_info=&#8221;{}&#8221; button_text_size__hover_enabled=&#8221;off&#8221; button_text_size__hover=&#8221;null&#8221; button_one_text_size__hover_enabled=&#8221;off&#8221; button_one_text_size__hover=&#8221;null&#8221; button_two_text_size__hover_enabled=&#8221;off&#8221; button_two_text_size__hover=&#8221;null&#8221; button_text_color__hover_enabled=&#8221;off&#8221; button_text_color__hover=&#8221;null&#8221; button_one_text_color__hover_enabled=&#8221;off&#8221; button_one_text_color__hover=&#8221;null&#8221; button_two_text_color__hover_enabled=&#8221;off&#8221; button_two_text_color__hover=&#8221;null&#8221; button_border_width__hover_enabled=&#8221;off&#8221; button_border_width__hover=&#8221;null&#8221; button_one_border_width__hover_enabled=&#8221;off&#8221; button_one_border_width__hover=&#8221;null&#8221; button_two_border_width__hover_enabled=&#8221;off&#8221; button_two_border_width__hover=&#8221;null&#8221; button_border_color__hover_enabled=&#8221;off&#8221; button_border_color__hover=&#8221;null&#8221; button_one_border_color__hover_enabled=&#8221;off&#8221; button_one_border_color__hover=&#8221;null&#8221; button_two_border_color__hover_enabled=&#8221;off&#8221; button_two_border_color__hover=&#8221;null&#8221; button_border_radius__hover_enabled=&#8221;off&#8221; button_border_radius__hover=&#8221;null&#8221; button_one_border_radius__hover_enabled=&#8221;off&#8221; button_one_border_radius__hover=&#8221;null&#8221; button_two_border_radius__hover_enabled=&#8221;off&#8221; button_two_border_radius__hover=&#8221;null&#8221; button_letter_spacing__hover_enabled=&#8221;off&#8221; button_letter_spacing__hover=&#8221;null&#8221; button_one_letter_spacing__hover_enabled=&#8221;off&#8221; button_one_letter_spacing__hover=&#8221;null&#8221; button_two_letter_spacing__hover_enabled=&#8221;off&#8221; button_two_letter_spacing__hover=&#8221;null&#8221; button_bg_color__hover_enabled=&#8221;off&#8221; button_bg_color__hover=&#8221;null&#8221; button_one_bg_color__hover_enabled=&#8221;off&#8221; button_one_bg_color__hover=&#8221;null&#8221; button_two_bg_color__hover_enabled=&#8221;off&#8221; button_two_bg_color__hover=&#8221;null&#8221;][et_pb_slide use_bg_overlay=&#8221;off&#8221; use_text_overlay=&#8221;off&#8221; admin_title=&#8221;web&#8221; _builder_version=&#8221;4.16&#8243; header_font=&#8221;||||&#8221; body_font=&#8221;||||&#8221; background_color=&#8221;#ffffff&#8221; background_image=&#8221;https:\/\/ser.cw\/wp-content\/uploads\/sites\/280\/2017\/09\/Website-SER-Banner-voorstel-16-verbonden-1.jpg&#8221; button_on_hover=&#8221;on&#8221; global_colors_info=&#8221;{}&#8221; button_text_size__hover_enabled=&#8221;off&#8221; button_one_text_size__hover_enabled=&#8221;off&#8221; button_two_text_size__hover_enabled=&#8221;off&#8221; button_text_color__hover_enabled=&#8221;off&#8221; button_one_text_color__hover_enabled=&#8221;off&#8221; button_two_text_color__hover_enabled=&#8221;off&#8221; button_border_width__hover_enabled=&#8221;off&#8221; button_one_border_width__hover_enabled=&#8221;off&#8221; button_two_border_width__hover_enabled=&#8221;off&#8221; button_border_color__hover_enabled=&#8221;off&#8221; button_one_border_color__hover_enabled=&#8221;off&#8221; button_two_border_color__hover_enabled=&#8221;off&#8221; button_border_radius__hover_enabled=&#8221;off&#8221; button_one_border_radius__hover_enabled=&#8221;off&#8221; button_two_border_radius__hover_enabled=&#8221;off&#8221; button_letter_spacing__hover_enabled=&#8221;off&#8221; button_one_letter_spacing__hover_enabled=&#8221;off&#8221; button_two_letter_spacing__hover_enabled=&#8221;off&#8221; button_bg_color__hover_enabled=&#8221;off&#8221; button_one_bg_color__hover_enabled=&#8221;off&#8221; button_two_bg_color__hover_enabled=&#8221;off&#8221; sticky_transition=&#8221;on&#8221;][\/et_pb_slide][\/et_pb_fullwidth_slider][\/et_pb_section][et_pb_section fb_built=&#8221;1&#8243; module_class=&#8221;persbericht-titel&#8221; _builder_version=&#8221;4.16&#8243; background_color=&#8221;rgba(255,255,255,0)&#8221; custom_padding=&#8221;0px|0px|0px|0px&#8221; transparent_background=&#8221;on&#8221; global_colors_info=&#8221;{}&#8221;][et_pb_row column_structure=&#8221;2_3,1_3&#8243; use_custom_gutter=&#8221;on&#8221; gutter_width=&#8221;1&#8243; _builder_version=&#8221;4.16&#8243; global_colors_info=&#8221;{}&#8221;][et_pb_column type=&#8221;2_3&#8243; _builder_version=&#8221;4.16&#8243; custom_padding=&#8221;|||&#8221; global_colors_info=&#8221;{}&#8221; custom_padding__hover=&#8221;|||&#8221;][et_pb_text admin_label=&#8221;Niet aanpassen&#8221; _builder_version=&#8221;4.23&#8243; background_color=&#8221;rgba(255,255,255,0.68)&#8221; custom_padding=&#8221;15px|30px|3px|30px&#8221; border_style=&#8221;solid&#8221; global_colors_info=&#8221;{}&#8221;]<\/p>\n<h2>Komunikado di prensa<\/h2>\n<p>[\/et_pb_text][\/et_pb_column][et_pb_column type=&#8221;1_3&#8243; _builder_version=&#8221;4.16&#8243; custom_padding=&#8221;|||&#8221; global_colors_info=&#8221;{}&#8221; custom_padding__hover=&#8221;|||&#8221;][\/et_pb_column][\/et_pb_row][\/et_pb_section][et_pb_section fb_built=&#8221;1&#8243; _builder_version=&#8221;4.16&#8243; background_color=&#8221;#d1f0ff&#8221; custom_padding=&#8221;0px|0px|0px|0px&#8221; global_colors_info=&#8221;{}&#8221;][et_pb_row column_structure=&#8221;2_3,1_3&#8243; use_custom_gutter=&#8221;on&#8221; gutter_width=&#8221;1&#8243; make_equal=&#8221;on&#8221; _builder_version=&#8221;4.16&#8243; global_colors_info=&#8221;{}&#8221;][et_pb_column type=&#8221;2_3&#8243; _builder_version=&#8221;4.16&#8243; background_color=&#8221;#fcfeff&#8221; custom_padding=&#8221;30px|30px|30px|30px&#8221; global_colors_info=&#8221;{}&#8221; custom_padding__hover=&#8221;|||&#8221;][et_pb_text _builder_version=&#8221;4.24.3&#8243; border_style=&#8221;solid&#8221; global_colors_info=&#8221;{}&#8221;]<\/p>\n<h1 style=\"text-align: justify\"><span lang=\"pap\" style=\"font-size: 16pt;line-height: 107%;font-family: Cuprum;color: #0000ff\">SER ta emit\u00ed konseho riba introdukshon di verl\u00f2f paternal<\/span><\/h1>\n<p>&nbsp;<\/p>\n<p>Willemstad, 16 di aprel 2024 &#8211; Konseho Sosial Ekon\u00f3miko (SER) a entreg\u00e1 ayera, djaluna 15 di aprel 2024, un konseho detay\u00e1 riba un inisiativa di lei pa introdus\u00ed un areglo di verl\u00f2f paternal. E inisiativa aki a ser propon\u00e9 dor di frakshon di MAN den Parlamento i tin komo ophetivo introdukshon di un areglo general di verl\u00f2f paternal di sinku dia di trabou pa tatanan ora nan yu nase.<\/p>\n<p>E petishon pa konsulta a ser risib\u00ed den e \u00faltimo kuartal di a\u00f1a pas\u00e1. Sinembargo, e proseso di konseho a tuma mas tempu ku a spera pa motibu ku a reahust\u00e1 e ag\u00e8nda di investigashon i konseho di SER den e \u00faltimo lunanan di 2023. No opstante di esei, e konseho di SER ta bas\u00e1 riba un investigashon riguroso riba e tema, inkluso un an\u00e1lisis profundo di literatura eksistente, investigashon komparativo entre paisnan, i entrevistanan ku v\u00e1rios perito den komunidat.<\/p>\n<p>E konseho di SER, solisit\u00e1 pa Presidente di Parlamento, ta hunga un papel importante den e proseso legislativo i tin komo meta pa inform\u00e1 Parlamento di e posibel efektonan sosioekon\u00f3miko ku por surgi dor di implementashon di e areglo propon\u00e9.<\/p>\n<p>SER a evalu\u00e1 tur aspekto relevante di e proposishon di inisiativa di lei, inkluso e konsekuensianan legal i finansiero i e impakto sosioekon\u00f3miko. Ademas, e konseho ta hasi rekomendashonnan pa komunik\u00e1 e kambionan pa inform\u00e1 tantu empresario komo trahad\u00f3nan di un forma adeku\u00e1 riba e reglamentashon propon\u00e9.<\/p>\n<p>Segun e \u00f3rgano konsultivo tripartit, e paso aki ta marka un desaroyo importante den legislashon sosioekon\u00f3miko di K\u00f2rsou, ku efektonan di t\u00e9rmino largu riba merkado laboral i riba komunidat en general.<\/p>\n<p>&nbsp;<\/p>\n<p>&nbsp;<\/p>\n<p>&nbsp;<\/p>\n<p>&nbsp;<\/p>\n<p><span data-ccp-props=\"{&quot;201341983&quot;:0,&quot;335551550&quot;:6,&quot;335551620&quot;:6,&quot;335559739&quot;:160,&quot;335559740&quot;:259}\">\u00a0<\/span><br \/>\n[\/et_pb_text][et_pb_text admin_label=&#8221;Add to any &#8211; niet aanpassen&#8221; _builder_version=&#8221;4.16&#8243; border_style=&#8221;solid&#8221; saved_tabs=&#8221;all&#8221; global_colors_info=&#8221;{}&#8221;]<\/p>\n<pre><code><div class=\"addtoany_shortcode\"><div class=\"a2a_kit a2a_kit_size_24 addtoany_list\" data-a2a-url=\"https:\/\/ser.cw\/pap\/2024\/04\/16\/ser-ta-emiti-konseho-riba-introdukshon-di-verlof-paternal\/\" data-a2a-title=\"SER ta emit\u00ed konseho riba introdukshon di verl\u00f2f paternal\"><a class=\"a2a_dd addtoany_share_save addtoany_share\" href=\"https:\/\/www.addtoany.com\/share\"><img decoding=\"async\" src=\"https:\/\/ser.cw\/wp-content\/uploads\/sites\/280\/2017\/12\/share.png\" alt=\"Share\"><\/a><\/div><\/div><\/code><\/pre>\n<p>[\/et_pb_text][et_pb_post_nav in_same_term=&#8221;on&#8221; admin_label=&#8221;Post Navigation &#8211; niet aanpassen&#8221; _builder_version=&#8221;4.23&#8243; border_style=&#8221;solid&#8221; hide_prev=&#8221;off&#8221; hide_next=&#8221;off&#8221; global_colors_info=&#8221;{}&#8221;][\/et_pb_post_nav][\/et_pb_column][et_pb_column type=&#8221;1_3&#8243; _builder_version=&#8221;4.16&#8243; background_color=&#8221;#f4fbff&#8221; custom_padding=&#8221;30px|30px|30px|30px&#8221; global_colors_info=&#8221;{}&#8221; custom_padding__hover=&#8221;|||&#8221;][et_pb_post_title title=&#8221;off&#8221; meta=&#8221;off&#8221; admin_label=&#8221;Post Title &#8211; niet aanpassen&#8221; _builder_version=&#8221;4.22.1&#8243; border_style=&#8221;solid&#8221; global_colors_info=&#8221;{}&#8221;][\/et_pb_post_title][et_pb_text _builder_version=&#8221;4.23&#8243; global_colors_info=&#8221;{}&#8221;][\/et_pb_text][et_pb_image title_text=&#8221;IMG_6480&#8243; align_tablet=&#8221;center&#8221; align_phone=&#8221;center&#8221; align_last_edited=&#8221;on|desktop&#8221; admin_label=&#8221;Extra afbeelding&#8221; _builder_version=&#8221;4.23&#8243; animation_style=&#8221;slide&#8221; animation_direction=&#8221;left&#8221; animation_duration=&#8221;500ms&#8221; animation_intensity_slide=&#8221;10%&#8221; border_style=&#8221;solid&#8221; sticky=&#8221;off&#8221; always_center_on_mobile=&#8221;on&#8221; global_colors_info=&#8221;{}&#8221;][\/et_pb_image][et_pb_text _builder_version=&#8221;4.22.1&#8243; global_colors_info=&#8221;{}&#8221;][\/et_pb_text][et_pb_image title_text=&#8221;IMG_6475&#8243; align_tablet=&#8221;center&#8221; align_phone=&#8221;center&#8221; align_last_edited=&#8221;on|desktop&#8221; admin_label=&#8221;Extra afbeelding&#8221; _builder_version=&#8221;4.23&#8243; animation_style=&#8221;slide&#8221; animation_direction=&#8221;left&#8221; animation_duration=&#8221;500ms&#8221; animation_intensity_slide=&#8221;10%&#8221; border_style=&#8221;solid&#8221; sticky=&#8221;off&#8221; always_center_on_mobile=&#8221;on&#8221; global_colors_info=&#8221;{}&#8221;][\/et_pb_image][et_pb_text _builder_version=&#8221;4.22.1&#8243; global_colors_info=&#8221;{}&#8221;][\/et_pb_text][\/et_pb_column][\/et_pb_row][\/et_pb_section]<\/p>\n","protected":false},"excerpt":{"rendered":"<p>Willemstad, 16 di aprel 2024 &#8211; Konseho Sosial Ekon\u00f3miko (SER) a entreg\u00e1 ayera, djaluna 15 di aprel 2024, un konseho detay\u00e1 riba un inisiativa di lei pa introdus\u00ed un areglo di verl\u00f2f paternal<\/p>\n","protected":false},"author":111,"featured_media":32680,"comment_status":"closed","ping_status":"closed","sticky":false,"template":"","format":"standard","meta":{"_et_pb_use_builder":"on","_et_pb_old_content":"","_et_gb_content_width":"","_links_to":"","_links_to_type":0,"wds_primary_category":0,"footnotes":""},"categories":[393],"tags":[],"class_list":["post-32638","post","type-post","status-publish","format-standard","has-post-thumbnail","hentry","category-komunikado-di-prensa"],"yoast_head":"<!-- This site is optimized with the Yoast SEO plugin v27.3 - https:\/\/yoast.com\/product\/yoast-seo-wordpress\/ -->\n<title>SER ta emit\u00ed konseho riba introdukshon di verl\u00f2f paternal - Sociaal Economische Raad Cura\u00e7ao<\/title>\n<meta name=\"robots\" content=\"index, follow, max-snippet:-1, max-image-preview:large, max-video-preview:-1\" \/>\n<link rel=\"canonical\" href=\"https:\/\/ser.cw\/pap\/2024\/04\/16\/ser-ta-emiti-konseho-riba-introdukshon-di-verlof-paternal\/\" \/>\n<meta property=\"og:locale\" content=\"en_US\" \/>\n<meta property=\"og:type\" content=\"article\" \/>\n<meta property=\"og:title\" content=\"SER ta emit\u00ed konseho riba introdukshon di verl\u00f2f paternal - Sociaal Economische Raad Cura\u00e7ao\" \/>\n<meta property=\"og:description\" content=\"Willemstad, 16 di aprel 2024 - Konseho Sosial Ekon\u00f3miko (SER) a entreg\u00e1 ayera, djaluna 15 di aprel 2024, un konseho detay\u00e1 riba un inisiativa di lei pa introdus\u00ed un areglo di verl\u00f2f paternal\" \/>\n<meta property=\"og:url\" content=\"https:\/\/ser.cw\/pap\/2024\/04\/16\/ser-ta-emiti-konseho-riba-introdukshon-di-verlof-paternal\/\" \/>\n<meta property=\"og:site_name\" content=\"Sociaal Economische Raad Cura\u00e7ao\" \/>\n<meta property=\"article:published_time\" content=\"2024-04-16T19:39:19+00:00\" \/>\n<meta property=\"article:modified_time\" content=\"2024-04-17T16:09:00+00:00\" \/>\n<meta property=\"og:image\" content=\"https:\/\/ser.cw\/wp-content\/uploads\/sites\/280\/2024\/04\/Vaderschap-Papiaments-819x1024.png\" \/>\n\t<meta property=\"og:image:width\" content=\"819\" \/>\n\t<meta property=\"og:image:height\" content=\"1024\" \/>\n\t<meta property=\"og:image:type\" content=\"image\/png\" \/>\n<meta name=\"author\" content=\"Lidia Rocha-Teixeira\" \/>\n<meta name=\"twitter:card\" content=\"summary_large_image\" \/>\n<meta name=\"twitter:label1\" content=\"Written by\" \/>\n\t<meta name=\"twitter:data1\" content=\"Lidia Rocha-Teixeira\" \/>\n\t<meta name=\"twitter:label2\" content=\"Est. reading time\" \/>\n\t<meta name=\"twitter:data2\" content=\"2 minutes\" \/>\n<script type=\"application\/ld+json\" class=\"yoast-schema-graph\">{\"@context\":\"https:\\\/\\\/schema.org\",\"@graph\":[{\"@type\":\"Article\",\"@id\":\"https:\\\/\\\/ser.cw\\\/pap\\\/2024\\\/04\\\/16\\\/ser-ta-emiti-konseho-riba-introdukshon-di-verlof-paternal\\\/#article\",\"isPartOf\":{\"@id\":\"https:\\\/\\\/ser.cw\\\/pap\\\/2024\\\/04\\\/16\\\/ser-ta-emiti-konseho-riba-introdukshon-di-verlof-paternal\\\/\"},\"author\":{\"name\":\"Lidia Rocha-Teixeira\",\"@id\":\"https:\\\/\\\/ser.cw\\\/#\\\/schema\\\/person\\\/950d47af65d238679b324eb3e947eacc\"},\"headline\":\"SER ta emit\u00ed konseho riba introdukshon di verl\u00f2f paternal\",\"datePublished\":\"2024-04-16T19:39:19+00:00\",\"dateModified\":\"2024-04-17T16:09:00+00:00\",\"mainEntityOfPage\":{\"@id\":\"https:\\\/\\\/ser.cw\\\/pap\\\/2024\\\/04\\\/16\\\/ser-ta-emiti-konseho-riba-introdukshon-di-verlof-paternal\\\/\"},\"wordCount\":1219,\"image\":{\"@id\":\"https:\\\/\\\/ser.cw\\\/pap\\\/2024\\\/04\\\/16\\\/ser-ta-emiti-konseho-riba-introdukshon-di-verlof-paternal\\\/#primaryimage\"},\"thumbnailUrl\":\"https:\\\/\\\/ser.cw\\\/wp-content\\\/uploads\\\/sites\\\/280\\\/2024\\\/04\\\/Vaderschap-Papiaments.png\",\"articleSection\":[\"Komunikado di prensa\"],\"inLanguage\":\"pap-CW\"},{\"@type\":\"WebPage\",\"@id\":\"https:\\\/\\\/ser.cw\\\/pap\\\/2024\\\/04\\\/16\\\/ser-ta-emiti-konseho-riba-introdukshon-di-verlof-paternal\\\/\",\"url\":\"https:\\\/\\\/ser.cw\\\/pap\\\/2024\\\/04\\\/16\\\/ser-ta-emiti-konseho-riba-introdukshon-di-verlof-paternal\\\/\",\"name\":\"SER ta emit\u00ed konseho riba introdukshon di verl\u00f2f paternal - Sociaal Economische Raad Cura\u00e7ao\",\"isPartOf\":{\"@id\":\"https:\\\/\\\/ser.cw\\\/#website\"},\"primaryImageOfPage\":{\"@id\":\"https:\\\/\\\/ser.cw\\\/pap\\\/2024\\\/04\\\/16\\\/ser-ta-emiti-konseho-riba-introdukshon-di-verlof-paternal\\\/#primaryimage\"},\"image\":{\"@id\":\"https:\\\/\\\/ser.cw\\\/pap\\\/2024\\\/04\\\/16\\\/ser-ta-emiti-konseho-riba-introdukshon-di-verlof-paternal\\\/#primaryimage\"},\"thumbnailUrl\":\"https:\\\/\\\/ser.cw\\\/wp-content\\\/uploads\\\/sites\\\/280\\\/2024\\\/04\\\/Vaderschap-Papiaments.png\",\"datePublished\":\"2024-04-16T19:39:19+00:00\",\"dateModified\":\"2024-04-17T16:09:00+00:00\",\"author\":{\"@id\":\"https:\\\/\\\/ser.cw\\\/#\\\/schema\\\/person\\\/950d47af65d238679b324eb3e947eacc\"},\"breadcrumb\":{\"@id\":\"https:\\\/\\\/ser.cw\\\/pap\\\/2024\\\/04\\\/16\\\/ser-ta-emiti-konseho-riba-introdukshon-di-verlof-paternal\\\/#breadcrumb\"},\"inLanguage\":\"pap-CW\",\"potentialAction\":[{\"@type\":\"ReadAction\",\"target\":[\"https:\\\/\\\/ser.cw\\\/pap\\\/2024\\\/04\\\/16\\\/ser-ta-emiti-konseho-riba-introdukshon-di-verlof-paternal\\\/\"]}]},{\"@type\":\"ImageObject\",\"inLanguage\":\"pap-CW\",\"@id\":\"https:\\\/\\\/ser.cw\\\/pap\\\/2024\\\/04\\\/16\\\/ser-ta-emiti-konseho-riba-introdukshon-di-verlof-paternal\\\/#primaryimage\",\"url\":\"https:\\\/\\\/ser.cw\\\/wp-content\\\/uploads\\\/sites\\\/280\\\/2024\\\/04\\\/Vaderschap-Papiaments.png\",\"contentUrl\":\"https:\\\/\\\/ser.cw\\\/wp-content\\\/uploads\\\/sites\\\/280\\\/2024\\\/04\\\/Vaderschap-Papiaments.png\",\"width\":1600,\"height\":2000},{\"@type\":\"BreadcrumbList\",\"@id\":\"https:\\\/\\\/ser.cw\\\/pap\\\/2024\\\/04\\\/16\\\/ser-ta-emiti-konseho-riba-introdukshon-di-verlof-paternal\\\/#breadcrumb\",\"itemListElement\":[{\"@type\":\"ListItem\",\"position\":1,\"name\":\"Home\",\"item\":\"https:\\\/\\\/ser.cw\\\/pap\\\/\"},{\"@type\":\"ListItem\",\"position\":2,\"name\":\"SER ta emit\u00ed konseho riba introdukshon di verl\u00f2f paternal\"}]},{\"@type\":\"WebSite\",\"@id\":\"https:\\\/\\\/ser.cw\\\/#website\",\"url\":\"https:\\\/\\\/ser.cw\\\/\",\"name\":\"Sociaal Economische Raad Cura\u00e7ao\",\"description\":\"adviesorgaan van de regering en het parlement van Cura\u00e7ao omtrent alle belangrijke onderwerpen van sociaal-economische aard\",\"potentialAction\":[{\"@type\":\"SearchAction\",\"target\":{\"@type\":\"EntryPoint\",\"urlTemplate\":\"https:\\\/\\\/ser.cw\\\/?s={search_term_string}\"},\"query-input\":{\"@type\":\"PropertyValueSpecification\",\"valueRequired\":true,\"valueName\":\"search_term_string\"}}],\"inLanguage\":\"pap-CW\"},{\"@type\":\"Person\",\"@id\":\"https:\\\/\\\/ser.cw\\\/#\\\/schema\\\/person\\\/950d47af65d238679b324eb3e947eacc\",\"name\":\"Lidia Rocha-Teixeira\",\"image\":{\"@type\":\"ImageObject\",\"inLanguage\":\"pap-CW\",\"@id\":\"https:\\\/\\\/ser.cw\\\/wp-content\\\/wphb-cache\\\/gravatar\\\/f5f\\\/f5fba2fe2fedc34a45ee60ea9edba895x96.jpg\",\"url\":\"https:\\\/\\\/ser.cw\\\/wp-content\\\/wphb-cache\\\/gravatar\\\/f5f\\\/f5fba2fe2fedc34a45ee60ea9edba895x96.jpg\",\"contentUrl\":\"https:\\\/\\\/ser.cw\\\/wp-content\\\/wphb-cache\\\/gravatar\\\/f5f\\\/f5fba2fe2fedc34a45ee60ea9edba895x96.jpg\",\"caption\":\"Lidia Rocha-Teixeira\"},\"url\":\"https:\\\/\\\/ser.cw\\\/pap\\\/author\\\/lidia\\\/\"}]}<\/script>\n<!-- \/ Yoast SEO plugin. -->","yoast_head_json":{"title":"SER ta emit\u00ed konseho riba introdukshon di verl\u00f2f paternal - Sociaal Economische Raad Cura\u00e7ao","robots":{"index":"index","follow":"follow","max-snippet":"max-snippet:-1","max-image-preview":"max-image-preview:large","max-video-preview":"max-video-preview:-1"},"canonical":"https:\/\/ser.cw\/pap\/2024\/04\/16\/ser-ta-emiti-konseho-riba-introdukshon-di-verlof-paternal\/","og_locale":"en_US","og_type":"article","og_title":"SER ta emit\u00ed konseho riba introdukshon di verl\u00f2f paternal - Sociaal Economische Raad Cura\u00e7ao","og_description":"Willemstad, 16 di aprel 2024 - Konseho Sosial Ekon\u00f3miko (SER) a entreg\u00e1 ayera, djaluna 15 di aprel 2024, un konseho detay\u00e1 riba un inisiativa di lei pa introdus\u00ed un areglo di verl\u00f2f paternal","og_url":"https:\/\/ser.cw\/pap\/2024\/04\/16\/ser-ta-emiti-konseho-riba-introdukshon-di-verlof-paternal\/","og_site_name":"Sociaal Economische Raad Cura\u00e7ao","article_published_time":"2024-04-16T19:39:19+00:00","article_modified_time":"2024-04-17T16:09:00+00:00","og_image":[{"width":819,"height":1024,"url":"https:\/\/ser.cw\/wp-content\/uploads\/sites\/280\/2024\/04\/Vaderschap-Papiaments-819x1024.png","type":"image\/png"}],"author":"Lidia Rocha-Teixeira","twitter_card":"summary_large_image","twitter_misc":{"Written by":"Lidia Rocha-Teixeira","Est. reading time":"2 minutes"},"schema":{"@context":"https:\/\/schema.org","@graph":[{"@type":"Article","@id":"https:\/\/ser.cw\/pap\/2024\/04\/16\/ser-ta-emiti-konseho-riba-introdukshon-di-verlof-paternal\/#article","isPartOf":{"@id":"https:\/\/ser.cw\/pap\/2024\/04\/16\/ser-ta-emiti-konseho-riba-introdukshon-di-verlof-paternal\/"},"author":{"name":"Lidia Rocha-Teixeira","@id":"https:\/\/ser.cw\/#\/schema\/person\/950d47af65d238679b324eb3e947eacc"},"headline":"SER ta emit\u00ed konseho riba introdukshon di verl\u00f2f paternal","datePublished":"2024-04-16T19:39:19+00:00","dateModified":"2024-04-17T16:09:00+00:00","mainEntityOfPage":{"@id":"https:\/\/ser.cw\/pap\/2024\/04\/16\/ser-ta-emiti-konseho-riba-introdukshon-di-verlof-paternal\/"},"wordCount":1219,"image":{"@id":"https:\/\/ser.cw\/pap\/2024\/04\/16\/ser-ta-emiti-konseho-riba-introdukshon-di-verlof-paternal\/#primaryimage"},"thumbnailUrl":"https:\/\/ser.cw\/wp-content\/uploads\/sites\/280\/2024\/04\/Vaderschap-Papiaments.png","articleSection":["Komunikado di prensa"],"inLanguage":"pap-CW"},{"@type":"WebPage","@id":"https:\/\/ser.cw\/pap\/2024\/04\/16\/ser-ta-emiti-konseho-riba-introdukshon-di-verlof-paternal\/","url":"https:\/\/ser.cw\/pap\/2024\/04\/16\/ser-ta-emiti-konseho-riba-introdukshon-di-verlof-paternal\/","name":"SER ta emit\u00ed konseho riba introdukshon di verl\u00f2f paternal - Sociaal Economische Raad Cura\u00e7ao","isPartOf":{"@id":"https:\/\/ser.cw\/#website"},"primaryImageOfPage":{"@id":"https:\/\/ser.cw\/pap\/2024\/04\/16\/ser-ta-emiti-konseho-riba-introdukshon-di-verlof-paternal\/#primaryimage"},"image":{"@id":"https:\/\/ser.cw\/pap\/2024\/04\/16\/ser-ta-emiti-konseho-riba-introdukshon-di-verlof-paternal\/#primaryimage"},"thumbnailUrl":"https:\/\/ser.cw\/wp-content\/uploads\/sites\/280\/2024\/04\/Vaderschap-Papiaments.png","datePublished":"2024-04-16T19:39:19+00:00","dateModified":"2024-04-17T16:09:00+00:00","author":{"@id":"https:\/\/ser.cw\/#\/schema\/person\/950d47af65d238679b324eb3e947eacc"},"breadcrumb":{"@id":"https:\/\/ser.cw\/pap\/2024\/04\/16\/ser-ta-emiti-konseho-riba-introdukshon-di-verlof-paternal\/#breadcrumb"},"inLanguage":"pap-CW","potentialAction":[{"@type":"ReadAction","target":["https:\/\/ser.cw\/pap\/2024\/04\/16\/ser-ta-emiti-konseho-riba-introdukshon-di-verlof-paternal\/"]}]},{"@type":"ImageObject","inLanguage":"pap-CW","@id":"https:\/\/ser.cw\/pap\/2024\/04\/16\/ser-ta-emiti-konseho-riba-introdukshon-di-verlof-paternal\/#primaryimage","url":"https:\/\/ser.cw\/wp-content\/uploads\/sites\/280\/2024\/04\/Vaderschap-Papiaments.png","contentUrl":"https:\/\/ser.cw\/wp-content\/uploads\/sites\/280\/2024\/04\/Vaderschap-Papiaments.png","width":1600,"height":2000},{"@type":"BreadcrumbList","@id":"https:\/\/ser.cw\/pap\/2024\/04\/16\/ser-ta-emiti-konseho-riba-introdukshon-di-verlof-paternal\/#breadcrumb","itemListElement":[{"@type":"ListItem","position":1,"name":"Home","item":"https:\/\/ser.cw\/pap\/"},{"@type":"ListItem","position":2,"name":"SER ta emit\u00ed konseho riba introdukshon di verl\u00f2f paternal"}]},{"@type":"WebSite","@id":"https:\/\/ser.cw\/#website","url":"https:\/\/ser.cw\/","name":"Sociaal Economische Raad Cura\u00e7ao","description":"adviesorgaan van de regering en het parlement van Cura\u00e7ao omtrent alle belangrijke onderwerpen van sociaal-economische aard","potentialAction":[{"@type":"SearchAction","target":{"@type":"EntryPoint","urlTemplate":"https:\/\/ser.cw\/?s={search_term_string}"},"query-input":{"@type":"PropertyValueSpecification","valueRequired":true,"valueName":"search_term_string"}}],"inLanguage":"pap-CW"},{"@type":"Person","@id":"https:\/\/ser.cw\/#\/schema\/person\/950d47af65d238679b324eb3e947eacc","name":"Lidia Rocha-Teixeira","image":{"@type":"ImageObject","inLanguage":"pap-CW","@id":"https:\/\/ser.cw\/wp-content\/wphb-cache\/gravatar\/f5f\/f5fba2fe2fedc34a45ee60ea9edba895x96.jpg","url":"https:\/\/ser.cw\/wp-content\/wphb-cache\/gravatar\/f5f\/f5fba2fe2fedc34a45ee60ea9edba895x96.jpg","contentUrl":"https:\/\/ser.cw\/wp-content\/wphb-cache\/gravatar\/f5f\/f5fba2fe2fedc34a45ee60ea9edba895x96.jpg","caption":"Lidia Rocha-Teixeira"},"url":"https:\/\/ser.cw\/pap\/author\/lidia\/"}]}},"_links":{"self":[{"href":"https:\/\/ser.cw\/pap\/wp-json\/wp\/v2\/posts\/32638","targetHints":{"allow":["GET"]}}],"collection":[{"href":"https:\/\/ser.cw\/pap\/wp-json\/wp\/v2\/posts"}],"about":[{"href":"https:\/\/ser.cw\/pap\/wp-json\/wp\/v2\/types\/post"}],"author":[{"embeddable":true,"href":"https:\/\/ser.cw\/pap\/wp-json\/wp\/v2\/users\/111"}],"replies":[{"embeddable":true,"href":"https:\/\/ser.cw\/pap\/wp-json\/wp\/v2\/comments?post=32638"}],"version-history":[{"count":0,"href":"https:\/\/ser.cw\/pap\/wp-json\/wp\/v2\/posts\/32638\/revisions"}],"wp:featuredmedia":[{"embeddable":true,"href":"https:\/\/ser.cw\/pap\/wp-json\/wp\/v2\/media\/32680"}],"wp:attachment":[{"href":"https:\/\/ser.cw\/pap\/wp-json\/wp\/v2\/media?parent=32638"}],"wp:term":[{"taxonomy":"category","embeddable":true,"href":"https:\/\/ser.cw\/pap\/wp-json\/wp\/v2\/categories?post=32638"},{"taxonomy":"post_tag","embeddable":true,"href":"https:\/\/ser.cw\/pap\/wp-json\/wp\/v2\/tags?post=32638"}],"curies":[{"name":"wp","href":"https:\/\/api.w.org\/{rel}","templated":true}]}}