{"id":11646,"date":"2018-06-22T12:00:24","date_gmt":"2018-06-22T16:00:24","guid":{"rendered":"https:\/\/ser.cw\/2018\/06\/22\/despues-di-deliberashon-bilateral-ku-mishon-di-nu\/"},"modified":"2022-09-21T08:50:47","modified_gmt":"2022-09-21T12:50:47","slug":"despues-di-deliberashon-bilateral-ku-mishon-di-nu","status":"publish","type":"post","link":"https:\/\/ser.cw\/pap\/2018\/06\/22\/despues-di-deliberashon-bilateral-ku-mishon-di-nu\/","title":{"rendered":"Despues di deliberashon bilateral ku mishon di NU"},"content":{"rendered":"<p>[et_pb_section fb_built=&#8221;1&#8243; fullwidth=&#8221;on&#8221; _builder_version=&#8221;3.22.3&#8243;][et_pb_fullwidth_slider _builder_version=&#8221;3.16&#8243; custom_padding=&#8221;|||&#8221; saved_tabs=&#8221;all&#8221; button_text_size__hover_enabled=&#8221;off&#8221; button_one_text_size__hover_enabled=&#8221;off&#8221; button_two_text_size__hover_enabled=&#8221;off&#8221; button_text_color__hover_enabled=&#8221;off&#8221; button_one_text_color__hover_enabled=&#8221;off&#8221; button_two_text_color__hover_enabled=&#8221;off&#8221; button_border_width__hover_enabled=&#8221;off&#8221; button_one_border_width__hover_enabled=&#8221;off&#8221; button_two_border_width__hover_enabled=&#8221;off&#8221; button_border_color__hover_enabled=&#8221;off&#8221; button_one_border_color__hover_enabled=&#8221;off&#8221; button_two_border_color__hover_enabled=&#8221;off&#8221; button_border_radius__hover_enabled=&#8221;off&#8221; button_one_border_radius__hover_enabled=&#8221;off&#8221; button_two_border_radius__hover_enabled=&#8221;off&#8221; button_letter_spacing__hover_enabled=&#8221;off&#8221; button_one_letter_spacing__hover_enabled=&#8221;off&#8221; button_two_letter_spacing__hover_enabled=&#8221;off&#8221; button_bg_color__hover_enabled=&#8221;off&#8221; button_one_bg_color__hover_enabled=&#8221;off&#8221; button_two_bg_color__hover_enabled=&#8221;off&#8221;][et_pb_slide use_bg_overlay=&#8221;off&#8221; use_text_overlay=&#8221;off&#8221; admin_title=&#8221;web&#8221; _builder_version=&#8221;3.16&#8243; header_font=&#8221;||||&#8221; body_font=&#8221;||||&#8221; background_color=&#8221;#ffffff&#8221; background_image=&#8221;https:\/\/ser.cw\/wp-content\/uploads\/sites\/280\/2017\/09\/Website-SER-Banner-voorstel-16-verbonden-1.jpg&#8221; button_on_hover=&#8221;on&#8221; button_text_size__hover_enabled=&#8221;off&#8221; button_one_text_size__hover_enabled=&#8221;off&#8221; button_two_text_size__hover_enabled=&#8221;off&#8221; button_text_color__hover_enabled=&#8221;off&#8221; button_one_text_color__hover_enabled=&#8221;off&#8221; button_two_text_color__hover_enabled=&#8221;off&#8221; button_border_width__hover_enabled=&#8221;off&#8221; button_one_border_width__hover_enabled=&#8221;off&#8221; button_two_border_width__hover_enabled=&#8221;off&#8221; button_border_color__hover_enabled=&#8221;off&#8221; button_one_border_color__hover_enabled=&#8221;off&#8221; button_two_border_color__hover_enabled=&#8221;off&#8221; button_border_radius__hover_enabled=&#8221;off&#8221; button_one_border_radius__hover_enabled=&#8221;off&#8221; button_two_border_radius__hover_enabled=&#8221;off&#8221; button_letter_spacing__hover_enabled=&#8221;off&#8221; button_one_letter_spacing__hover_enabled=&#8221;off&#8221; button_two_letter_spacing__hover_enabled=&#8221;off&#8221; button_bg_color__hover_enabled=&#8221;off&#8221; button_one_bg_color__hover_enabled=&#8221;off&#8221; button_two_bg_color__hover_enabled=&#8221;off&#8221;][\/et_pb_slide][\/et_pb_fullwidth_slider][\/et_pb_section][et_pb_section fb_built=&#8221;1&#8243; module_class=&#8221;persbericht-titel&#8221; _builder_version=&#8221;3.22.3&#8243; background_color=&#8221;rgba(255,255,255,0)&#8221; custom_padding=&#8221;0px|0px|0px|0px&#8221; transparent_background=&#8221;on&#8221;][et_pb_row use_custom_gutter=&#8221;on&#8221; gutter_width=&#8221;1&#8243; background_repeat_1=&#8221;no-repeat&#8221; background_repeat_2=&#8221;no-repeat&#8221; _builder_version=&#8221;3.22.3&#8243;][et_pb_column type=&#8221;2_3&#8243; _builder_version=&#8221;3.0.47&#8243;][et_pb_text admin_label=&#8221;Niet aanpassen&#8221; _builder_version=&#8221;3.0.87&#8243; background_color=&#8221;rgba(255,255,255,0.68)&#8221; custom_padding=&#8221;15px|30px|3px|30px&#8221; border_style=&#8221;solid&#8221;]<\/p>\n<h2>Komunikado<\/h2>\n<p>[\/et_pb_text][\/et_pb_column][et_pb_column type=&#8221;1_3&#8243; _builder_version=&#8221;3.0.47&#8243;][\/et_pb_column][\/et_pb_row][\/et_pb_section][et_pb_section fb_built=&#8221;1&#8243; _builder_version=&#8221;3.22.3&#8243; background_color=&#8221;#d1f0ff&#8221; custom_padding=&#8221;0px|0px|0px|0px&#8221;][et_pb_row use_custom_gutter=&#8221;on&#8221; gutter_width=&#8221;1&#8243; make_equal=&#8221;on&#8221; background_color_1=&#8221;#fcfeff&#8221; background_color_2=&#8221;#f4fbff&#8221; background_repeat_1=&#8221;no-repeat&#8221; background_repeat_2=&#8221;no-repeat&#8221; padding_top_1=&#8221;30px&#8221; padding_top_2=&#8221;30px&#8221; padding_right_1=&#8221;30px&#8221; padding_right_2=&#8221;30px&#8221; padding_bottom_1=&#8221;30px&#8221; padding_bottom_2=&#8221;30px&#8221; padding_left_1=&#8221;30px&#8221; padding_left_2=&#8221;30px&#8221; _builder_version=&#8221;3.22.3&#8243;][et_pb_column type=&#8221;2_3&#8243; _builder_version=&#8221;3.0.47&#8243;][et_pb_text _builder_version=&#8221;3.24&#8243; border_style=&#8221;solid&#8221;]<\/p>\n<h1><span style=\"color: #0000ff\">Despues di deliberashon bilateral ku mishon di NU<\/span><\/h1>\n<p>WILLEMSTAD \u2013 Riba djaweps 21 di y\u00fcni 2018 Konseho Sosial Ekon\u00f3miko (SER) a tene un kombersashon bilateral ku e delegashon di Nashonnan Un\u00ed (NU) den kuadro di e asina yam\u00e1 <strong><em>Mainstreaming Acceleration Policy Support\u00a0<\/em><\/strong>(MAPS).<br \/>Meta di mishon MAPS ta pa desaroy\u00e1 un plan di implementashon efektivo pa metanan di desaroyo sostenibel (Sustainable Development Goals, SDGs) pa K\u00f2rsou.<\/p>\n<p>Despues di un presentashon k\u00f2rtiku di parti di e delegashon di NU tokante e metanan di desaroyo sostenibel i e trayekto di MAPS a profundis\u00e1 kon SER komo konseho konsultativo ta mira e problemanan sosialekon\u00f3miko aktual na K\u00f2rsou. \u00a0A papia riba e r\u00f2l ku SER ta ehers\u00e9 den esak\u00ed i kon por duna kontenido na esak\u00ed ora ta bai duna konseho riba implementashon di e metanan, SDG, bas\u00e1 riba su posishon independiente den e sistema di estado di K\u00f2rsou.<\/p>\n<p>SER, konsistiendo di representantenan di e s\u00edrkulo di do\u00f1o di trabou i trahad\u00f3 i ekspertonan independiente a deliber\u00e1 mas profundo riba esakinan dor di si\u00f1al\u00e1 e problemanan aktual ku mester di atenshon urgente, manera sinkronisashon di ense\u00f1ansa ku merkado laboral, e stagnamentu largu di ekonomia i e sirkunstansianan di labor riba e isla.<\/p>\n<p>Aspektonan manera inovashon i preservashon di ekonomia tambe a ha\u00f1a hopi atenshon. Ademas a para ketu riba e eksperensianan ku e mishon di NU a obten\u00e9 ku otro islanan chikitu i su r\u00f2l ku el a ehers\u00e9 ku e otro \u00f3rganonan di konseho konsultativo.<\/p>\n<p>E kombersashon a finalis\u00e1 ku SER ta primint\u00ed ku internamente nan lo deliber\u00e1 si dado kaso ta asina kon e por ehers\u00e9 un r\u00f2l signifikativo na momento di duna konseho tokante implementashon di e metanan di desaroyo sostenibel (SDG).<\/p>\n<p>[\/et_pb_text][et_pb_text admin_label=&#8221;Add to any &#8211; niet aanpassen&#8221; _builder_version=&#8221;3.0.87&#8243; border_style=&#8221;solid&#8221; saved_tabs=&#8221;all&#8221;]<\/p>\n<pre><code><div class=\"addtoany_shortcode\"><div class=\"a2a_kit a2a_kit_size_24 addtoany_list\" data-a2a-url=\"https:\/\/ser.cw\/pap\/2018\/06\/22\/despues-di-deliberashon-bilateral-ku-mishon-di-nu\/\" data-a2a-title=\"Despues di deliberashon bilateral ku mishon di NU\"><a class=\"a2a_dd addtoany_share_save addtoany_share\" href=\"https:\/\/www.addtoany.com\/share\"><img decoding=\"async\" src=\"https:\/\/ser.cw\/wp-content\/uploads\/sites\/280\/2017\/12\/share.png\" alt=\"Share\"><\/a><\/div><\/div><\/code><\/pre>\n<p>[\/et_pb_text][et_pb_post_nav in_same_term=&#8221;on&#8221; admin_label=&#8221;Post Navigation &#8211; niet aanpassen&#8221; _builder_version=&#8221;3.0.87&#8243; border_style=&#8221;solid&#8221; hide_prev=&#8221;off&#8221; hide_next=&#8221;off&#8221;][\/et_pb_post_nav][\/et_pb_column][et_pb_column type=&#8221;1_3&#8243; _builder_version=&#8221;3.0.47&#8243;][et_pb_post_title title=&#8221;off&#8221; meta=&#8221;off&#8221; admin_label=&#8221;Post Title &#8211; niet aanpassen&#8221; _builder_version=&#8221;3.0.87&#8243; border_style=&#8221;solid&#8221;][\/et_pb_post_title][et_pb_image align_tablet=&#8221;center&#8221; align_last_edited=&#8221;on|desktop&#8221; admin_label=&#8221;Extra afbeelding&#8221; _builder_version=&#8221;3.23&#8243; animation_style=&#8221;slide&#8221; animation_direction=&#8221;left&#8221; animation_duration=&#8221;500ms&#8221; animation_intensity_slide=&#8221;10%&#8221; border_style=&#8221;solid&#8221; sticky=&#8221;off&#8221; always_center_on_mobile=&#8221;on&#8221;][\/et_pb_image][et_pb_image align_tablet=&#8221;center&#8221; align_last_edited=&#8221;on|desktop&#8221; admin_label=&#8221;Extra afbeelding&#8221; _builder_version=&#8221;3.23&#8243; animation_style=&#8221;slide&#8221; animation_direction=&#8221;left&#8221; animation_duration=&#8221;500ms&#8221; animation_intensity_slide=&#8221;10%&#8221; border_style=&#8221;solid&#8221; sticky=&#8221;off&#8221; always_center_on_mobile=&#8221;on&#8221;][\/et_pb_image][\/et_pb_column][\/et_pb_row][\/et_pb_section]<\/p>\n","protected":false},"excerpt":{"rendered":"<p>SER lo deliber\u00e1 riba su mes r\u00f2l tokante implementashon preservashon i desaroyo sostenibel (SDG).<\/p>\n","protected":false},"author":110,"featured_media":11647,"comment_status":"closed","ping_status":"closed","sticky":false,"template":"","format":"standard","meta":{"_et_pb_use_builder":"on","_et_pb_old_content":"<p>[et_pb_section bb_built=\"1\" fullwidth=\"on\" specialty=\"off\" next_background_color=\"rgba(255,255,255,0)\"][et_pb_fullwidth_slider _builder_version=\"3.2.2\" saved_tabs=\"all\" custom_padding=\"|||\" box_shadow_blur=\"10px\" box_shadow_color=\"rgba(0,0,0,0.1)\"][et_pb_slide background_color=\"#ffffff\" use_background_color_gradient=\"off\" background_color_gradient_start=\"#2b87da\" background_color_gradient_end=\"#29c4a9\" background_color_gradient_type=\"linear\" background_color_gradient_direction=\"180deg\" background_color_gradient_direction_radial=\"center\" background_color_gradient_start_position=\"0%\" background_color_gradient_end_position=\"100%\" background_image=\"https:\/\/ser.cw\/wp-content\/uploads\/sites\/280\/2017\/09\/Website-SER-Banner-voorstel-16-verbonden-1.jpg\" parallax=\"off\" parallax_method=\"off\" background_position=\"center\" background_size=\"cover\" background_repeat=\"no-repeat\" background_blend=\"normal\" allow_player_pause=\"off\" admin_title=\"web\" use_bg_overlay=\"off\" use_text_overlay=\"off\" text_border_radius=\"3\" alignment=\"center\" background_layout=\"dark\" header_font_select=\"default\" header_font=\"||||\" body_font_select=\"default\" body_font=\"||||\" custom_button=\"off\" button_font_select=\"default\" button_font=\"||||\" button_use_icon=\"on\" button_on_hover=\"on\" _builder_version=\"3.2.2\" button_link=\"#\" background_color_gradient_overlays_image=\"off\" background_video_pause_outside_viewport=\"on\" child_filter_hue_rotate=\"0deg\" child_filter_saturate=\"100%\" child_filter_brightness=\"100%\" child_filter_contrast=\"100%\" child_filter_invert=\"0%\" child_filter_sepia=\"0%\" child_filter_opacity=\"100%\" child_filter_blur=\"0px\" child_mix_blend_mode=\"normal\" text_shadow_style=\"none\" header_text_shadow_style=\"none\" body_text_shadow_style=\"none\" button_bg_use_color_gradient=\"off\" button_bg_color_gradient_overlays_image=\"off\" button_text_shadow_style=\"none\" box_shadow_style_button=\"none\" text_shadow_horizontal_length=\"0em\" text_shadow_vertical_length=\"0em\" text_shadow_blur_strength=\"0em\" header_text_shadow_horizontal_length=\"0em\" header_text_shadow_vertical_length=\"0em\" header_text_shadow_blur_strength=\"0em\" body_text_shadow_horizontal_length=\"0em\" body_text_shadow_vertical_length=\"0em\" body_text_shadow_blur_strength=\"0em\" button_text_shadow_horizontal_length=\"0em\" button_text_shadow_vertical_length=\"0em\" button_text_shadow_blur_strength=\"0em\" \/][\/et_pb_fullwidth_slider][\/et_pb_section][et_pb_section bb_built=\"1\" fullwidth=\"off\" specialty=\"off\" _builder_version=\"3.0.71\" background_color=\"rgba(255,255,255,0)\" custom_padding=\"0px|0px|0px|0px\" transparent_background=\"on\" module_class=\"persbericht-titel\" prev_background_color=\"#ffffff\" next_background_color=\"#d1f0ff\"][et_pb_row _builder_version=\"3.0.71\" background_repeat_1=\"no-repeat\" background_repeat_2=\"no-repeat\" use_custom_gutter=\"on\" gutter_width=\"1\"][et_pb_column type=\"2_3\"][et_pb_text admin_label=\"Niet aanpassen\" _builder_version=\"3.0.71\" background_layout=\"light\" text_orientation=\"left\" border_style=\"solid\" background_color=\"rgba(255,255,255,0.68)\" custom_padding=\"15px|30px|3px|30px\"]<\/p><h2>Komunikado<\/h2><p>[\/et_pb_text][\/et_pb_column][et_pb_column type=\"1_3\"][\/et_pb_column][\/et_pb_row][\/et_pb_section][et_pb_section bb_built=\"1\" fullwidth=\"off\" specialty=\"off\" _builder_version=\"3.0.71\" background_color=\"#d1f0ff\" custom_padding=\"0px|0px|0px|0px\" prev_background_color=\"rgba(255,255,255,0)\"][et_pb_row _builder_version=\"3.0.71\" background_color_1=\"#fcfeff\" background_repeat_1=\"no-repeat\" background_color_2=\"#f4fbff\" background_repeat_2=\"no-repeat\" use_custom_gutter=\"on\" gutter_width=\"1\" make_equal=\"on\" padding_top_1=\"30px\" padding_right_1=\"30px\" padding_bottom_1=\"30px\" padding_left_1=\"30px\" padding_top_2=\"30px\" padding_right_2=\"30px\" padding_bottom_2=\"30px\" padding_left_2=\"30px\"][et_pb_column type=\"2_3\"][et_pb_text _builder_version=\"3.2.2\" border_style=\"solid\"]<\/p><h1><span style=\"color: #0000ff;\">Despues di deliberashon bilateral ku mishon di NU<\/span><\/h1><p>WILLEMSTAD \u2013 Riba djaweps 21 di y\u00fcni 2018 Konseho Sosial Ekon\u00f3miko (SER) a tene un kombersashon bilateral ku e delegashon di Nashonnan Un\u00ed (NU) den kuadro di e asina yam\u00e1 <strong><em>Mainstreaming Acceleration Policy Support\u00a0<\/em><\/strong>(MAPS). <br \/>Meta di mishon MAPS ta pa desaroy\u00e1 un plan di implementashon efektivo pa metanan di desaroyo sostenibel (Sustainable Development Goals, SDGs) pa K\u00f2rsou.<\/p><p>Despues di un presentashon k\u00f2rtiku di parti di e delegashon di NU tokante e metanan di desaroyo sostenibel i e trayekto di MAPS a profundis\u00e1 kon SER komo konseho konsultativo ta mira e problemanan sosialekon\u00f3miko aktual na K\u00f2rsou. \u00a0A papia riba e r\u00f2l ku SER ta ehers\u00e9 den esak\u00ed i kon por duna kontenido na esak\u00ed ora ta bai duna konseho riba implementashon di e metanan, SDG, bas\u00e1 riba su posishon independiente den e sistema di estado di K\u00f2rsou.<\/p><p>SER, konsistiendo di representantenan di e s\u00edrkulo di do\u00f1o di trabou i trahad\u00f3 i ekspertonan independiente a deliber\u00e1 mas profundo riba esakinan dor di si\u00f1al\u00e1 e problemanan aktual ku mester di atenshon urgente, manera sinkronisashon di ense\u00f1ansa ku merkado laboral, e stagnamentu largu di ekonomia i e sirkunstansianan di labor riba e isla.<\/p><p>Aspektonan manera inovashon i preservashon di ekonomia tambe a ha\u00f1a hopi atenshon. Ademas a para ketu riba e eksperensianan ku e mishon di NU a obten\u00e9 ku otro islanan chikitu i su r\u00f2l ku el a ehers\u00e9 ku e otro \u00f3rganonan di konseho konsultativo.<\/p><p>E kombersashon a finalis\u00e1 ku SER ta primint\u00ed ku internamente nan lo deliber\u00e1 si dado kaso ta asina kon e por ehers\u00e9 un r\u00f2l signifikativo na momento di duna konseho tokante implementashon di e metanan di desaroyo sostenibel (SDG).<\/p><p>[\/et_pb_text][et_pb_text admin_label=\"Add to any - niet aanpassen\" _builder_version=\"3.0.71\" background_layout=\"light\" text_orientation=\"left\" border_style=\"solid\" saved_tabs=\"all\"]<\/p><pre><code>[addtoany]<\/code><\/pre><p>[\/et_pb_text][et_pb_post_nav admin_label=\"Post Navigation - niet aanpassen\" _builder_version=\"3.0.71\" in_same_term=\"on\" hide_prev=\"off\" hide_next=\"off\" border_style=\"solid\" show_prev=\"on\" show_next=\"on\" \/][\/et_pb_column][et_pb_column type=\"1_3\"][et_pb_post_title admin_label=\"Post Title - niet aanpassen\" _builder_version=\"3.0.71\" title=\"off\" meta=\"off\" author=\"on\" date=\"on\" categories=\"on\" comments=\"on\" featured_image=\"on\" featured_placement=\"below\" parallax_method=\"off\" text_orientation=\"left\" text_color=\"dark\" text_background=\"off\" border_style=\"solid\" \/][et_pb_image admin_label=\"Extra afbeelding\" _builder_version=\"3.0.71\" show_in_lightbox=\"off\" url_new_window=\"off\" use_overlay=\"off\" sticky=\"off\" align=\"left\" always_center_on_mobile=\"on\" border_style=\"solid\" force_fullwidth=\"off\" animation_style=\"slide\" animation_duration=\"500ms\" animation_intensity_slide=\"10%\" animation_direction=\"left\" show_bottom_space=\"on\" \/][et_pb_image admin_label=\"Extra afbeelding\" _builder_version=\"3.0.71\" show_in_lightbox=\"off\" url_new_window=\"off\" use_overlay=\"off\" sticky=\"off\" align=\"left\" always_center_on_mobile=\"on\" border_style=\"solid\" force_fullwidth=\"off\" animation_style=\"slide\" animation_duration=\"500ms\" animation_intensity_slide=\"10%\" animation_direction=\"left\" show_bottom_space=\"on\" \/][\/et_pb_column][\/et_pb_row][\/et_pb_section]<\/p>","_et_gb_content_width":"","_links_to":"","_links_to_type":0,"wds_primary_category":0,"footnotes":""},"categories":[391,393],"tags":[],"class_list":["post-11646","post","type-post","status-publish","format-standard","has-post-thumbnail","hentry","category-international","category-komunikado-di-prensa"],"yoast_head":"<!-- This site is optimized with the Yoast SEO plugin v27.3 - https:\/\/yoast.com\/product\/yoast-seo-wordpress\/ -->\n<title>Despues di deliberashon bilateral ku mishon di NU - Sociaal Economische Raad Cura\u00e7ao<\/title>\n<meta name=\"robots\" content=\"index, follow, max-snippet:-1, max-image-preview:large, max-video-preview:-1\" \/>\n<link rel=\"canonical\" href=\"https:\/\/ser.cw\/pap\/2018\/06\/22\/despues-di-deliberashon-bilateral-ku-mishon-di-nu\/\" \/>\n<meta property=\"og:locale\" content=\"en_US\" \/>\n<meta property=\"og:type\" content=\"article\" \/>\n<meta property=\"og:title\" content=\"Despues di deliberashon bilateral ku mishon di NU - Sociaal Economische Raad Cura\u00e7ao\" \/>\n<meta property=\"og:description\" content=\"SER lo deliber\u00e1 riba su mes r\u00f2l tokante implementashon preservashon i desaroyo sostenibel (SDG).\" \/>\n<meta property=\"og:url\" content=\"https:\/\/ser.cw\/pap\/2018\/06\/22\/despues-di-deliberashon-bilateral-ku-mishon-di-nu\/\" \/>\n<meta property=\"og:site_name\" content=\"Sociaal Economische Raad Cura\u00e7ao\" \/>\n<meta property=\"article:published_time\" content=\"2018-06-22T16:00:24+00:00\" \/>\n<meta property=\"article:modified_time\" content=\"2022-09-21T12:50:47+00:00\" \/>\n<meta property=\"og:image\" content=\"https:\/\/ser.cw\/wp-content\/uploads\/sites\/280\/2018\/06\/IMG_8220.jpg\" \/>\n\t<meta property=\"og:image:width\" content=\"1200\" \/>\n\t<meta property=\"og:image:height\" content=\"900\" \/>\n\t<meta property=\"og:image:type\" content=\"image\/jpeg\" \/>\n<meta name=\"author\" content=\"siegert\" \/>\n<meta name=\"twitter:card\" content=\"summary_large_image\" \/>\n<meta name=\"twitter:label1\" content=\"Written by\" \/>\n\t<meta name=\"twitter:data1\" content=\"siegert\" \/>\n\t<meta name=\"twitter:label2\" content=\"Est. reading time\" \/>\n\t<meta name=\"twitter:data2\" content=\"5 minutes\" \/>\n<script type=\"application\/ld+json\" class=\"yoast-schema-graph\">{\"@context\":\"https:\\\/\\\/schema.org\",\"@graph\":[{\"@type\":\"Article\",\"@id\":\"https:\\\/\\\/ser.cw\\\/pap\\\/2018\\\/06\\\/22\\\/despues-di-deliberashon-bilateral-ku-mishon-di-nu\\\/#article\",\"isPartOf\":{\"@id\":\"https:\\\/\\\/ser.cw\\\/pap\\\/2018\\\/06\\\/22\\\/despues-di-deliberashon-bilateral-ku-mishon-di-nu\\\/\"},\"author\":{\"name\":\"siegert\",\"@id\":\"https:\\\/\\\/ser.cw\\\/#\\\/schema\\\/person\\\/31848600e79dfedaea7a875c84abcc5e\"},\"headline\":\"Despues di deliberashon bilateral ku mishon di NU\",\"datePublished\":\"2018-06-22T16:00:24+00:00\",\"dateModified\":\"2022-09-21T12:50:47+00:00\",\"mainEntityOfPage\":{\"@id\":\"https:\\\/\\\/ser.cw\\\/pap\\\/2018\\\/06\\\/22\\\/despues-di-deliberashon-bilateral-ku-mishon-di-nu\\\/\"},\"wordCount\":1001,\"image\":{\"@id\":\"https:\\\/\\\/ser.cw\\\/pap\\\/2018\\\/06\\\/22\\\/despues-di-deliberashon-bilateral-ku-mishon-di-nu\\\/#primaryimage\"},\"thumbnailUrl\":\"https:\\\/\\\/ser.cw\\\/wp-content\\\/uploads\\\/sites\\\/280\\\/2018\\\/06\\\/IMG_8220.jpg\",\"articleSection\":[\"International\",\"Komunikado di prensa\"],\"inLanguage\":\"pap-CW\"},{\"@type\":\"WebPage\",\"@id\":\"https:\\\/\\\/ser.cw\\\/pap\\\/2018\\\/06\\\/22\\\/despues-di-deliberashon-bilateral-ku-mishon-di-nu\\\/\",\"url\":\"https:\\\/\\\/ser.cw\\\/pap\\\/2018\\\/06\\\/22\\\/despues-di-deliberashon-bilateral-ku-mishon-di-nu\\\/\",\"name\":\"Despues di deliberashon bilateral ku mishon di NU - Sociaal Economische Raad Cura\u00e7ao\",\"isPartOf\":{\"@id\":\"https:\\\/\\\/ser.cw\\\/#website\"},\"primaryImageOfPage\":{\"@id\":\"https:\\\/\\\/ser.cw\\\/pap\\\/2018\\\/06\\\/22\\\/despues-di-deliberashon-bilateral-ku-mishon-di-nu\\\/#primaryimage\"},\"image\":{\"@id\":\"https:\\\/\\\/ser.cw\\\/pap\\\/2018\\\/06\\\/22\\\/despues-di-deliberashon-bilateral-ku-mishon-di-nu\\\/#primaryimage\"},\"thumbnailUrl\":\"https:\\\/\\\/ser.cw\\\/wp-content\\\/uploads\\\/sites\\\/280\\\/2018\\\/06\\\/IMG_8220.jpg\",\"datePublished\":\"2018-06-22T16:00:24+00:00\",\"dateModified\":\"2022-09-21T12:50:47+00:00\",\"author\":{\"@id\":\"https:\\\/\\\/ser.cw\\\/#\\\/schema\\\/person\\\/31848600e79dfedaea7a875c84abcc5e\"},\"breadcrumb\":{\"@id\":\"https:\\\/\\\/ser.cw\\\/pap\\\/2018\\\/06\\\/22\\\/despues-di-deliberashon-bilateral-ku-mishon-di-nu\\\/#breadcrumb\"},\"inLanguage\":\"pap-CW\",\"potentialAction\":[{\"@type\":\"ReadAction\",\"target\":[\"https:\\\/\\\/ser.cw\\\/pap\\\/2018\\\/06\\\/22\\\/despues-di-deliberashon-bilateral-ku-mishon-di-nu\\\/\"]}]},{\"@type\":\"ImageObject\",\"inLanguage\":\"pap-CW\",\"@id\":\"https:\\\/\\\/ser.cw\\\/pap\\\/2018\\\/06\\\/22\\\/despues-di-deliberashon-bilateral-ku-mishon-di-nu\\\/#primaryimage\",\"url\":\"https:\\\/\\\/ser.cw\\\/wp-content\\\/uploads\\\/sites\\\/280\\\/2018\\\/06\\\/IMG_8220.jpg\",\"contentUrl\":\"https:\\\/\\\/ser.cw\\\/wp-content\\\/uploads\\\/sites\\\/280\\\/2018\\\/06\\\/IMG_8220.jpg\",\"width\":1200,\"height\":900,\"caption\":\"Op de foto: de VN-missie in gesprek met de SER\"},{\"@type\":\"BreadcrumbList\",\"@id\":\"https:\\\/\\\/ser.cw\\\/pap\\\/2018\\\/06\\\/22\\\/despues-di-deliberashon-bilateral-ku-mishon-di-nu\\\/#breadcrumb\",\"itemListElement\":[{\"@type\":\"ListItem\",\"position\":1,\"name\":\"Home\",\"item\":\"https:\\\/\\\/ser.cw\\\/pap\\\/\"},{\"@type\":\"ListItem\",\"position\":2,\"name\":\"Despues di deliberashon bilateral ku mishon di NU\"}]},{\"@type\":\"WebSite\",\"@id\":\"https:\\\/\\\/ser.cw\\\/#website\",\"url\":\"https:\\\/\\\/ser.cw\\\/\",\"name\":\"Sociaal Economische Raad Cura\u00e7ao\",\"description\":\"adviesorgaan van de regering en het parlement van Cura\u00e7ao omtrent alle belangrijke onderwerpen van sociaal-economische aard\",\"potentialAction\":[{\"@type\":\"SearchAction\",\"target\":{\"@type\":\"EntryPoint\",\"urlTemplate\":\"https:\\\/\\\/ser.cw\\\/?s={search_term_string}\"},\"query-input\":{\"@type\":\"PropertyValueSpecification\",\"valueRequired\":true,\"valueName\":\"search_term_string\"}}],\"inLanguage\":\"pap-CW\"},{\"@type\":\"Person\",\"@id\":\"https:\\\/\\\/ser.cw\\\/#\\\/schema\\\/person\\\/31848600e79dfedaea7a875c84abcc5e\",\"name\":\"siegert\",\"image\":{\"@type\":\"ImageObject\",\"inLanguage\":\"pap-CW\",\"@id\":\"https:\\\/\\\/ser.cw\\\/wp-content\\\/wphb-cache\\\/gravatar\\\/eec\\\/eec22b70397594faf50b7a76ebff68aex96.jpg\",\"url\":\"https:\\\/\\\/ser.cw\\\/wp-content\\\/wphb-cache\\\/gravatar\\\/eec\\\/eec22b70397594faf50b7a76ebff68aex96.jpg\",\"contentUrl\":\"https:\\\/\\\/ser.cw\\\/wp-content\\\/wphb-cache\\\/gravatar\\\/eec\\\/eec22b70397594faf50b7a76ebff68aex96.jpg\",\"caption\":\"siegert\"},\"url\":\"https:\\\/\\\/ser.cw\\\/pap\\\/author\\\/siegert\\\/\"}]}<\/script>\n<!-- \/ Yoast SEO plugin. -->","yoast_head_json":{"title":"Despues di deliberashon bilateral ku mishon di NU - Sociaal Economische Raad Cura\u00e7ao","robots":{"index":"index","follow":"follow","max-snippet":"max-snippet:-1","max-image-preview":"max-image-preview:large","max-video-preview":"max-video-preview:-1"},"canonical":"https:\/\/ser.cw\/pap\/2018\/06\/22\/despues-di-deliberashon-bilateral-ku-mishon-di-nu\/","og_locale":"en_US","og_type":"article","og_title":"Despues di deliberashon bilateral ku mishon di NU - Sociaal Economische Raad Cura\u00e7ao","og_description":"SER lo deliber\u00e1 riba su mes r\u00f2l tokante implementashon preservashon i desaroyo sostenibel (SDG).","og_url":"https:\/\/ser.cw\/pap\/2018\/06\/22\/despues-di-deliberashon-bilateral-ku-mishon-di-nu\/","og_site_name":"Sociaal Economische Raad Cura\u00e7ao","article_published_time":"2018-06-22T16:00:24+00:00","article_modified_time":"2022-09-21T12:50:47+00:00","og_image":[{"width":1200,"height":900,"url":"https:\/\/ser.cw\/wp-content\/uploads\/sites\/280\/2018\/06\/IMG_8220.jpg","type":"image\/jpeg"}],"author":"siegert","twitter_card":"summary_large_image","twitter_misc":{"Written by":"siegert","Est. reading time":"5 minutes"},"schema":{"@context":"https:\/\/schema.org","@graph":[{"@type":"Article","@id":"https:\/\/ser.cw\/pap\/2018\/06\/22\/despues-di-deliberashon-bilateral-ku-mishon-di-nu\/#article","isPartOf":{"@id":"https:\/\/ser.cw\/pap\/2018\/06\/22\/despues-di-deliberashon-bilateral-ku-mishon-di-nu\/"},"author":{"name":"siegert","@id":"https:\/\/ser.cw\/#\/schema\/person\/31848600e79dfedaea7a875c84abcc5e"},"headline":"Despues di deliberashon bilateral ku mishon di NU","datePublished":"2018-06-22T16:00:24+00:00","dateModified":"2022-09-21T12:50:47+00:00","mainEntityOfPage":{"@id":"https:\/\/ser.cw\/pap\/2018\/06\/22\/despues-di-deliberashon-bilateral-ku-mishon-di-nu\/"},"wordCount":1001,"image":{"@id":"https:\/\/ser.cw\/pap\/2018\/06\/22\/despues-di-deliberashon-bilateral-ku-mishon-di-nu\/#primaryimage"},"thumbnailUrl":"https:\/\/ser.cw\/wp-content\/uploads\/sites\/280\/2018\/06\/IMG_8220.jpg","articleSection":["International","Komunikado di prensa"],"inLanguage":"pap-CW"},{"@type":"WebPage","@id":"https:\/\/ser.cw\/pap\/2018\/06\/22\/despues-di-deliberashon-bilateral-ku-mishon-di-nu\/","url":"https:\/\/ser.cw\/pap\/2018\/06\/22\/despues-di-deliberashon-bilateral-ku-mishon-di-nu\/","name":"Despues di deliberashon bilateral ku mishon di NU - Sociaal Economische Raad Cura\u00e7ao","isPartOf":{"@id":"https:\/\/ser.cw\/#website"},"primaryImageOfPage":{"@id":"https:\/\/ser.cw\/pap\/2018\/06\/22\/despues-di-deliberashon-bilateral-ku-mishon-di-nu\/#primaryimage"},"image":{"@id":"https:\/\/ser.cw\/pap\/2018\/06\/22\/despues-di-deliberashon-bilateral-ku-mishon-di-nu\/#primaryimage"},"thumbnailUrl":"https:\/\/ser.cw\/wp-content\/uploads\/sites\/280\/2018\/06\/IMG_8220.jpg","datePublished":"2018-06-22T16:00:24+00:00","dateModified":"2022-09-21T12:50:47+00:00","author":{"@id":"https:\/\/ser.cw\/#\/schema\/person\/31848600e79dfedaea7a875c84abcc5e"},"breadcrumb":{"@id":"https:\/\/ser.cw\/pap\/2018\/06\/22\/despues-di-deliberashon-bilateral-ku-mishon-di-nu\/#breadcrumb"},"inLanguage":"pap-CW","potentialAction":[{"@type":"ReadAction","target":["https:\/\/ser.cw\/pap\/2018\/06\/22\/despues-di-deliberashon-bilateral-ku-mishon-di-nu\/"]}]},{"@type":"ImageObject","inLanguage":"pap-CW","@id":"https:\/\/ser.cw\/pap\/2018\/06\/22\/despues-di-deliberashon-bilateral-ku-mishon-di-nu\/#primaryimage","url":"https:\/\/ser.cw\/wp-content\/uploads\/sites\/280\/2018\/06\/IMG_8220.jpg","contentUrl":"https:\/\/ser.cw\/wp-content\/uploads\/sites\/280\/2018\/06\/IMG_8220.jpg","width":1200,"height":900,"caption":"Op de foto: de VN-missie in gesprek met de SER"},{"@type":"BreadcrumbList","@id":"https:\/\/ser.cw\/pap\/2018\/06\/22\/despues-di-deliberashon-bilateral-ku-mishon-di-nu\/#breadcrumb","itemListElement":[{"@type":"ListItem","position":1,"name":"Home","item":"https:\/\/ser.cw\/pap\/"},{"@type":"ListItem","position":2,"name":"Despues di deliberashon bilateral ku mishon di NU"}]},{"@type":"WebSite","@id":"https:\/\/ser.cw\/#website","url":"https:\/\/ser.cw\/","name":"Sociaal Economische Raad Cura\u00e7ao","description":"adviesorgaan van de regering en het parlement van Cura\u00e7ao omtrent alle belangrijke onderwerpen van sociaal-economische aard","potentialAction":[{"@type":"SearchAction","target":{"@type":"EntryPoint","urlTemplate":"https:\/\/ser.cw\/?s={search_term_string}"},"query-input":{"@type":"PropertyValueSpecification","valueRequired":true,"valueName":"search_term_string"}}],"inLanguage":"pap-CW"},{"@type":"Person","@id":"https:\/\/ser.cw\/#\/schema\/person\/31848600e79dfedaea7a875c84abcc5e","name":"siegert","image":{"@type":"ImageObject","inLanguage":"pap-CW","@id":"https:\/\/ser.cw\/wp-content\/wphb-cache\/gravatar\/eec\/eec22b70397594faf50b7a76ebff68aex96.jpg","url":"https:\/\/ser.cw\/wp-content\/wphb-cache\/gravatar\/eec\/eec22b70397594faf50b7a76ebff68aex96.jpg","contentUrl":"https:\/\/ser.cw\/wp-content\/wphb-cache\/gravatar\/eec\/eec22b70397594faf50b7a76ebff68aex96.jpg","caption":"siegert"},"url":"https:\/\/ser.cw\/pap\/author\/siegert\/"}]}},"_links":{"self":[{"href":"https:\/\/ser.cw\/pap\/wp-json\/wp\/v2\/posts\/11646","targetHints":{"allow":["GET"]}}],"collection":[{"href":"https:\/\/ser.cw\/pap\/wp-json\/wp\/v2\/posts"}],"about":[{"href":"https:\/\/ser.cw\/pap\/wp-json\/wp\/v2\/types\/post"}],"author":[{"embeddable":true,"href":"https:\/\/ser.cw\/pap\/wp-json\/wp\/v2\/users\/110"}],"replies":[{"embeddable":true,"href":"https:\/\/ser.cw\/pap\/wp-json\/wp\/v2\/comments?post=11646"}],"version-history":[{"count":0,"href":"https:\/\/ser.cw\/pap\/wp-json\/wp\/v2\/posts\/11646\/revisions"}],"wp:featuredmedia":[{"embeddable":true,"href":"https:\/\/ser.cw\/pap\/wp-json\/wp\/v2\/media\/11647"}],"wp:attachment":[{"href":"https:\/\/ser.cw\/pap\/wp-json\/wp\/v2\/media?parent=11646"}],"wp:term":[{"taxonomy":"category","embeddable":true,"href":"https:\/\/ser.cw\/pap\/wp-json\/wp\/v2\/categories?post=11646"},{"taxonomy":"post_tag","embeddable":true,"href":"https:\/\/ser.cw\/pap\/wp-json\/wp\/v2\/tags?post=11646"}],"curies":[{"name":"wp","href":"https:\/\/api.w.org\/{rel}","templated":true}]}}