{"id":11422,"date":"2018-04-10T20:08:32","date_gmt":"2018-04-11T00:08:32","guid":{"rendered":"https:\/\/ser.cw\/2018\/04\/10\/relato-anual-konseho-sosial-ekonomiko-2017-entrega-na-minister-president\/"},"modified":"2022-09-21T08:52:19","modified_gmt":"2022-09-21T12:52:19","slug":"relato-anual-konseho-sosial-ekonomiko-2017-entrega-na-minister-president","status":"publish","type":"post","link":"https:\/\/ser.cw\/pap\/2018\/04\/10\/relato-anual-konseho-sosial-ekonomiko-2017-entrega-na-minister-president\/","title":{"rendered":"Relato Anual Konseho Sosial Ekon\u00f3miko 2017 entreg\u00e1 na Minister-presid\u00e8nt"},"content":{"rendered":"<p>[et_pb_section fb_built=&#8221;1&#8243; fullwidth=&#8221;on&#8221; _builder_version=&#8221;3.22.3&#8243;][et_pb_fullwidth_slider _builder_version=&#8221;3.16&#8243; custom_padding=&#8221;|||&#8221; saved_tabs=&#8221;all&#8221; button_text_size__hover_enabled=&#8221;off&#8221; button_one_text_size__hover_enabled=&#8221;off&#8221; button_two_text_size__hover_enabled=&#8221;off&#8221; button_text_color__hover_enabled=&#8221;off&#8221; button_one_text_color__hover_enabled=&#8221;off&#8221; button_two_text_color__hover_enabled=&#8221;off&#8221; button_border_width__hover_enabled=&#8221;off&#8221; button_one_border_width__hover_enabled=&#8221;off&#8221; button_two_border_width__hover_enabled=&#8221;off&#8221; button_border_color__hover_enabled=&#8221;off&#8221; button_one_border_color__hover_enabled=&#8221;off&#8221; button_two_border_color__hover_enabled=&#8221;off&#8221; button_border_radius__hover_enabled=&#8221;off&#8221; button_one_border_radius__hover_enabled=&#8221;off&#8221; button_two_border_radius__hover_enabled=&#8221;off&#8221; button_letter_spacing__hover_enabled=&#8221;off&#8221; button_one_letter_spacing__hover_enabled=&#8221;off&#8221; button_two_letter_spacing__hover_enabled=&#8221;off&#8221; button_bg_color__hover_enabled=&#8221;off&#8221; button_one_bg_color__hover_enabled=&#8221;off&#8221; button_two_bg_color__hover_enabled=&#8221;off&#8221;][et_pb_slide use_bg_overlay=&#8221;off&#8221; use_text_overlay=&#8221;off&#8221; admin_title=&#8221;web&#8221; _builder_version=&#8221;3.16&#8243; header_font=&#8221;||||&#8221; body_font=&#8221;||||&#8221; background_color=&#8221;#ffffff&#8221; background_image=&#8221;https:\/\/ser.cw\/wp-content\/uploads\/sites\/280\/2017\/09\/Website-SER-Banner-voorstel-16-verbonden-1.jpg&#8221; button_on_hover=&#8221;on&#8221; button_text_size__hover_enabled=&#8221;off&#8221; button_one_text_size__hover_enabled=&#8221;off&#8221; button_two_text_size__hover_enabled=&#8221;off&#8221; button_text_color__hover_enabled=&#8221;off&#8221; button_one_text_color__hover_enabled=&#8221;off&#8221; button_two_text_color__hover_enabled=&#8221;off&#8221; button_border_width__hover_enabled=&#8221;off&#8221; button_one_border_width__hover_enabled=&#8221;off&#8221; button_two_border_width__hover_enabled=&#8221;off&#8221; button_border_color__hover_enabled=&#8221;off&#8221; button_one_border_color__hover_enabled=&#8221;off&#8221; button_two_border_color__hover_enabled=&#8221;off&#8221; button_border_radius__hover_enabled=&#8221;off&#8221; button_one_border_radius__hover_enabled=&#8221;off&#8221; button_two_border_radius__hover_enabled=&#8221;off&#8221; button_letter_spacing__hover_enabled=&#8221;off&#8221; button_one_letter_spacing__hover_enabled=&#8221;off&#8221; button_two_letter_spacing__hover_enabled=&#8221;off&#8221; button_bg_color__hover_enabled=&#8221;off&#8221; button_one_bg_color__hover_enabled=&#8221;off&#8221; button_two_bg_color__hover_enabled=&#8221;off&#8221;][\/et_pb_slide][\/et_pb_fullwidth_slider][\/et_pb_section][et_pb_section fb_built=&#8221;1&#8243; module_class=&#8221;persbericht-titel&#8221; _builder_version=&#8221;3.22.3&#8243; background_color=&#8221;rgba(255,255,255,0)&#8221; custom_padding=&#8221;0px|0px|0px|0px&#8221; transparent_background=&#8221;on&#8221;][et_pb_row use_custom_gutter=&#8221;on&#8221; gutter_width=&#8221;1&#8243; background_repeat_1=&#8221;no-repeat&#8221; background_repeat_2=&#8221;no-repeat&#8221; _builder_version=&#8221;3.22.3&#8243;][et_pb_column type=&#8221;2_3&#8243; _builder_version=&#8221;3.0.47&#8243;][et_pb_text admin_label=&#8221;Niet aanpassen&#8221; _builder_version=&#8221;3.0.87&#8243; background_color=&#8221;rgba(255,255,255,0.68)&#8221; custom_padding=&#8221;15px|30px|3px|30px&#8221; border_style=&#8221;solid&#8221;]<\/p>\n<h2>Komunikado<\/h2>\n<p>[\/et_pb_text][\/et_pb_column][et_pb_column type=&#8221;1_3&#8243; _builder_version=&#8221;3.0.47&#8243;][\/et_pb_column][\/et_pb_row][\/et_pb_section][et_pb_section fb_built=&#8221;1&#8243; _builder_version=&#8221;3.22.3&#8243; background_color=&#8221;#d1f0ff&#8221; custom_padding=&#8221;0px|0px|0px|0px&#8221;][et_pb_row use_custom_gutter=&#8221;on&#8221; gutter_width=&#8221;1&#8243; make_equal=&#8221;on&#8221; background_color_1=&#8221;#fcfeff&#8221; background_color_2=&#8221;#f4fbff&#8221; background_repeat_1=&#8221;no-repeat&#8221; background_repeat_2=&#8221;no-repeat&#8221; padding_top_1=&#8221;30px&#8221; padding_top_2=&#8221;30px&#8221; padding_right_1=&#8221;30px&#8221; padding_right_2=&#8221;30px&#8221; padding_bottom_1=&#8221;30px&#8221; padding_bottom_2=&#8221;30px&#8221; padding_left_1=&#8221;30px&#8221; padding_left_2=&#8221;30px&#8221; _builder_version=&#8221;3.22.3&#8243;][et_pb_column type=&#8221;2_3&#8243; _builder_version=&#8221;3.0.47&#8243;][et_pb_text _builder_version=&#8221;3.24&#8243;]<\/p>\n<h1><span style=\"color: #0000ff\">Relato Anual Konseho Sosial Ekon\u00f3miko 2017 entreg\u00e1 na Minister-presid\u00e8nt<\/span><\/h1>\n<p>Minister-presid\u00e8nt a risib\u00ed e prom\u00e9 ehemplar satisfaktorio for di man di e Presidente den funshon di SER, sr. J. Jacobs, den presensia di sr. R. Henriquez i algun konseheronan di maneho di SER i di e Kabinete di Minister-presid\u00e8nt.<br \/>Minister-presid\u00e8nt a mustra su apresio pa e trabounan diligente i e inovashonnan di SER ku a tuma lug\u00e1 for di e di dos mitar di 2017. Minister-presid\u00e8nt a enfatis\u00e1 ku e konsehonan bon balans\u00e1 ku SER ta emit\u00ed, ta yuda ora di hiba un diskushon bon inform\u00e1 riba sierto t\u00f3pikonan.<br \/>Tambe a elabor\u00e1 riba t\u00f3pikonan aktual ku den futuro serkano lo pidi SER pa konseho.<br \/>E <a href=\"https:\/\/ser.cw\/wp-content\/uploads\/sites\/280\/2018\/04\/Jaarverslag-2017-Final.pdf\" target=\"_blank\" rel=\"noopener\">relato anual<\/a>\u00a0ta raport\u00e1 tokante e aktividatnan di SER pero tambe e aktividatnan den kuadro di e Centraal Georganiseerd Overleg in Ambtenarenzaken (CGOA) i por ha\u00f1a esaki riba e w\u00e8psait di SER <a href=\"http:\/\/www.ser.cw\/\" target=\"_blank\" rel=\"noopener\">www.ser.cw<\/a>.<\/p>\n<p>Riba e portr\u00e8tnan:<br \/>&#8211; Entrega di e relato anual 2017 na Minister-presid\u00e8nt<br \/>&#8211; E delegashon di SER ku Minister-presid\u00e8nt<br \/>&#8211; E delegashon di SER den kombersashon ku e Minister- presid\u00e8nt<\/p>\n<p>[\/et_pb_text][et_pb_text admin_label=&#8221;Add to any &#8211; niet aanpassen&#8221; _builder_version=&#8221;3.0.87&#8243; border_style=&#8221;solid&#8221; saved_tabs=&#8221;all&#8221;]<\/p>\n<pre><code><div class=\"addtoany_shortcode\"><div class=\"a2a_kit a2a_kit_size_24 addtoany_list\" data-a2a-url=\"https:\/\/ser.cw\/pap\/2018\/04\/10\/relato-anual-konseho-sosial-ekonomiko-2017-entrega-na-minister-president\/\" data-a2a-title=\"Relato Anual Konseho Sosial Ekon\u00f3miko 2017 entreg\u00e1 na Minister-presid\u00e8nt\"><a class=\"a2a_dd addtoany_share_save addtoany_share\" href=\"https:\/\/www.addtoany.com\/share\"><img decoding=\"async\" src=\"https:\/\/ser.cw\/wp-content\/uploads\/sites\/280\/2017\/12\/share.png\" alt=\"Share\"><\/a><\/div><\/div><\/code><\/pre>\n<p>[\/et_pb_text][et_pb_post_nav in_same_term=&#8221;on&#8221; admin_label=&#8221;Post Navigation &#8211; niet aanpassen&#8221; _builder_version=&#8221;3.0.87&#8243; border_style=&#8221;solid&#8221; hide_prev=&#8221;off&#8221; hide_next=&#8221;off&#8221;][\/et_pb_post_nav][\/et_pb_column][et_pb_column type=&#8221;1_3&#8243; _builder_version=&#8221;3.0.47&#8243;][et_pb_post_title title=&#8221;off&#8221; meta=&#8221;off&#8221; admin_label=&#8221;Post Title &#8211; niet aanpassen&#8221; _builder_version=&#8221;3.0.87&#8243; border_style=&#8221;solid&#8221;][\/et_pb_post_title][et_pb_image src=&#8221;https:\/\/ser.cw\/wp-content\/uploads\/sites\/280\/2018\/04\/WhatsApp-Image-2018-04-10-at-13.44.59.jpeg&#8221; align_tablet=&#8221;center&#8221; align_last_edited=&#8221;on|desktop&#8221; admin_label=&#8221;Extra afbeelding&#8221; _builder_version=&#8221;3.24&#8243; animation_style=&#8221;slide&#8221; animation_direction=&#8221;left&#8221; animation_duration=&#8221;500ms&#8221; animation_intensity_slide=&#8221;10%&#8221; border_style=&#8221;solid&#8221; sticky=&#8221;off&#8221; always_center_on_mobile=&#8221;on&#8221;][\/et_pb_image][et_pb_image src=&#8221;https:\/\/ser.cw\/wp-content\/uploads\/sites\/280\/2018\/04\/WhatsApp-Image-2018-04-10-at-13.45.00-1.jpeg&#8221; align_tablet=&#8221;center&#8221; align_last_edited=&#8221;on|desktop&#8221; admin_label=&#8221;Extra afbeelding&#8221; _builder_version=&#8221;3.24&#8243; animation_style=&#8221;slide&#8221; animation_direction=&#8221;left&#8221; animation_duration=&#8221;500ms&#8221; animation_intensity_slide=&#8221;10%&#8221; border_style=&#8221;solid&#8221; sticky=&#8221;off&#8221; always_center_on_mobile=&#8221;on&#8221;][\/et_pb_image][\/et_pb_column][\/et_pb_row][\/et_pb_section]<\/p>\n","protected":false},"excerpt":{"rendered":"<p>Durante di un reunion formal ku Minister presidente i alabes minister di asuntu nan general se\u00f1or E. Rhuggenaath, Konseho Sosial Ekon\u00f3miko a present\u00e1 nan relato anual 2017 <\/p>\n","protected":false},"author":109,"featured_media":11423,"comment_status":"closed","ping_status":"closed","sticky":false,"template":"","format":"standard","meta":{"_et_pb_use_builder":"on","_et_pb_old_content":"<p>[et_pb_section bb_built=\"1\" fullwidth=\"on\" specialty=\"off\" next_background_color=\"rgba(255,255,255,0)\"][et_pb_fullwidth_slider _builder_version=\"3.2.2\" saved_tabs=\"all\" custom_padding=\"|||\" box_shadow_blur=\"10px\" box_shadow_color=\"rgba(0,0,0,0.1)\"][et_pb_slide background_color=\"#ffffff\" use_background_color_gradient=\"off\" background_color_gradient_start=\"#2b87da\" background_color_gradient_end=\"#29c4a9\" background_color_gradient_type=\"linear\" background_color_gradient_direction=\"180deg\" background_color_gradient_direction_radial=\"center\" background_color_gradient_start_position=\"0%\" background_color_gradient_end_position=\"100%\" background_image=\"https:\/\/ser.cw\/wp-content\/uploads\/sites\/280\/2017\/09\/Website-SER-Banner-voorstel-16-verbonden-1.jpg\" parallax=\"off\" parallax_method=\"off\" background_position=\"center\" background_size=\"cover\" background_repeat=\"no-repeat\" background_blend=\"normal\" allow_player_pause=\"off\" admin_title=\"web\" use_bg_overlay=\"off\" use_text_overlay=\"off\" text_border_radius=\"3\" alignment=\"center\" background_layout=\"dark\" header_font_select=\"default\" header_font=\"||||\" body_font_select=\"default\" body_font=\"||||\" custom_button=\"off\" button_font_select=\"default\" button_font=\"||||\" button_use_icon=\"on\" button_on_hover=\"on\" _builder_version=\"3.2.2\" button_link=\"#\" background_color_gradient_overlays_image=\"off\" background_video_pause_outside_viewport=\"on\" child_filter_hue_rotate=\"0deg\" child_filter_saturate=\"100%\" child_filter_brightness=\"100%\" child_filter_contrast=\"100%\" child_filter_invert=\"0%\" child_filter_sepia=\"0%\" child_filter_opacity=\"100%\" child_filter_blur=\"0px\" child_mix_blend_mode=\"normal\" text_shadow_style=\"none\" header_text_shadow_style=\"none\" body_text_shadow_style=\"none\" button_bg_use_color_gradient=\"off\" button_bg_color_gradient_overlays_image=\"off\" button_text_shadow_style=\"none\" box_shadow_style_button=\"none\" text_shadow_horizontal_length=\"0em\" text_shadow_vertical_length=\"0em\" text_shadow_blur_strength=\"0em\" header_text_shadow_horizontal_length=\"0em\" header_text_shadow_vertical_length=\"0em\" header_text_shadow_blur_strength=\"0em\" body_text_shadow_horizontal_length=\"0em\" body_text_shadow_vertical_length=\"0em\" body_text_shadow_blur_strength=\"0em\" button_text_shadow_horizontal_length=\"0em\" button_text_shadow_vertical_length=\"0em\" button_text_shadow_blur_strength=\"0em\" \/][\/et_pb_fullwidth_slider][\/et_pb_section][et_pb_section bb_built=\"1\" fullwidth=\"off\" specialty=\"off\" _builder_version=\"3.0.71\" background_color=\"rgba(255,255,255,0)\" custom_padding=\"0px|0px|0px|0px\" transparent_background=\"on\" module_class=\"persbericht-titel\" prev_background_color=\"#ffffff\" next_background_color=\"#d1f0ff\"][et_pb_row _builder_version=\"3.0.71\" background_repeat_1=\"no-repeat\" background_repeat_2=\"no-repeat\" use_custom_gutter=\"on\" gutter_width=\"1\"][et_pb_column type=\"2_3\"][et_pb_text admin_label=\"Niet aanpassen\" _builder_version=\"3.0.71\" background_layout=\"light\" text_orientation=\"left\" border_style=\"solid\" background_color=\"rgba(255,255,255,0.68)\" custom_padding=\"15px|30px|3px|30px\"]<\/p><h2>Komunikado<\/h2><p>[\/et_pb_text][\/et_pb_column][et_pb_column type=\"1_3\"][\/et_pb_column][\/et_pb_row][\/et_pb_section][et_pb_section bb_built=\"1\" fullwidth=\"off\" specialty=\"off\" _builder_version=\"3.0.71\" background_color=\"#d1f0ff\" custom_padding=\"0px|0px|0px|0px\" prev_background_color=\"rgba(255,255,255,0)\"][et_pb_row _builder_version=\"3.0.71\" background_color_1=\"#fcfeff\" background_repeat_1=\"no-repeat\" background_color_2=\"#f4fbff\" background_repeat_2=\"no-repeat\" use_custom_gutter=\"on\" gutter_width=\"1\" make_equal=\"on\" padding_top_1=\"30px\" padding_right_1=\"30px\" padding_bottom_1=\"30px\" padding_left_1=\"30px\" padding_top_2=\"30px\" padding_right_2=\"30px\" padding_bottom_2=\"30px\" padding_left_2=\"30px\"][et_pb_column type=\"2_3\"][et_pb_text _builder_version=\"3.2.2\"]<\/p><h3><span style=\"color: #0000ff;\">Relato Anual Konseho Sosial Ekon\u00f3miko 2017 entreg\u00e1 na Minister-presid\u00e8nt<\/span><\/h3><p>Minister-presid\u00e8nt a risib\u00ed e prom\u00e9 ehemplar satisfaktorio for di man di e Presidente den funshon di SER, sr. J. Jacobs, den presensia di sr. R. Henriquez i algun konseheronan di maneho di SER i di e Kabinete di Minister-presid\u00e8nt.<br \/>Minister-presid\u00e8nt a mustra su apresio pa e trabounan diligente i e inovashonnan di SER ku a tuma lug\u00e1 for di e di dos mitar di 2017. Minister-presid\u00e8nt a enfatis\u00e1 ku e konsehonan bon balans\u00e1 ku SER ta emit\u00ed, ta yuda ora di hiba un diskushon bon inform\u00e1 riba sierto t\u00f3pikonan.<br \/>Tambe a elabor\u00e1 riba t\u00f3pikonan aktual ku den futuro serkano lo pidi SER pa konseho.<br \/>E <a href=\"https:\/\/ser.cw\/2018\/04\/10\/aanbieding-jaarverslag-sociaal-economische-raad-2017-aan-minister-president\/\" target=\"_blank\" rel=\"noopener\">relato anual<\/a>\u00a0ta raport\u00e1 tokante e aktividatnan di SER pero tambe e aktividatnan den kuadro di e Centraal Georganiseerd Overleg in Ambtenarenzaken (CGOA) i por ha\u00f1a esaki riba e w\u00e8psait di SER <a href=\"http:\/\/www.ser.cw\/\" target=\"_blank\" rel=\"noopener\">www.ser.cw<\/a>.<\/p><p>Riba e portr\u00e8tnan:<br \/>- Entrega di e relato anual 2017 na Minister-presid\u00e8nt<br \/>- E delegashon di SER ku Minister-presid\u00e8nt<br \/>- E delegashon di SER den kombersashon ku e Minister- presid\u00e8nt<\/p><p>[\/et_pb_text][et_pb_text admin_label=\"Add to any - niet aanpassen\" _builder_version=\"3.0.71\" background_layout=\"light\" text_orientation=\"left\" border_style=\"solid\" saved_tabs=\"all\"]<\/p><pre><code>[addtoany]<\/code><\/pre><p>[\/et_pb_text][et_pb_post_nav admin_label=\"Post Navigation - niet aanpassen\" _builder_version=\"3.0.71\" in_same_term=\"on\" hide_prev=\"off\" hide_next=\"off\" border_style=\"solid\" show_prev=\"on\" show_next=\"on\" \/][\/et_pb_column][et_pb_column type=\"1_3\"][et_pb_post_title admin_label=\"Post Title - niet aanpassen\" _builder_version=\"3.0.71\" title=\"off\" meta=\"off\" author=\"on\" date=\"on\" categories=\"on\" comments=\"on\" featured_image=\"on\" featured_placement=\"below\" parallax_method=\"on\" text_orientation=\"left\" text_color=\"dark\" text_background=\"off\" border_style=\"solid\" \/][et_pb_image admin_label=\"Extra afbeelding\" _builder_version=\"3.0.71\" show_in_lightbox=\"off\" url_new_window=\"off\" use_overlay=\"off\" sticky=\"off\" align=\"left\" always_center_on_mobile=\"on\" border_style=\"solid\" force_fullwidth=\"off\" src=\"https:\/\/ser.cw\/wp-content\/uploads\/sites\/280\/2018\/04\/WhatsApp-Image-2018-04-10-at-13.44.59.jpeg\" animation_style=\"slide\" animation_duration=\"500ms\" animation_intensity_slide=\"10%\" animation_direction=\"left\" show_bottom_space=\"on\" \/][et_pb_image admin_label=\"Extra afbeelding\" _builder_version=\"3.0.71\" show_in_lightbox=\"off\" url_new_window=\"off\" use_overlay=\"off\" sticky=\"off\" align=\"left\" always_center_on_mobile=\"on\" border_style=\"solid\" force_fullwidth=\"off\" src=\"https:\/\/ser.cw\/wp-content\/uploads\/sites\/280\/2018\/04\/WhatsApp-Image-2018-04-10-at-13.45.00-1.jpeg\" animation_style=\"slide\" animation_duration=\"500ms\" animation_intensity_slide=\"10%\" animation_direction=\"left\" show_bottom_space=\"on\" \/][\/et_pb_column][\/et_pb_row][\/et_pb_section]<\/p>","_et_gb_content_width":"","_links_to":"","_links_to_type":0,"wds_primary_category":0,"footnotes":""},"categories":[],"tags":[],"class_list":["post-11422","post","type-post","status-publish","format-standard","has-post-thumbnail","hentry"],"yoast_head":"<!-- This site is optimized with the Yoast SEO plugin v27.3 - https:\/\/yoast.com\/product\/yoast-seo-wordpress\/ -->\n<title>Relato Anual Konseho Sosial Ekon\u00f3miko 2017 entreg\u00e1 na Minister-presid\u00e8nt - Sociaal Economische Raad Cura\u00e7ao<\/title>\n<meta name=\"robots\" content=\"index, follow, max-snippet:-1, max-image-preview:large, max-video-preview:-1\" \/>\n<link rel=\"canonical\" href=\"https:\/\/ser.cw\/pap\/2018\/04\/10\/relato-anual-konseho-sosial-ekonomiko-2017-entrega-na-minister-president\/\" \/>\n<meta property=\"og:locale\" content=\"en_US\" \/>\n<meta property=\"og:type\" content=\"article\" \/>\n<meta property=\"og:title\" content=\"Relato Anual Konseho Sosial Ekon\u00f3miko 2017 entreg\u00e1 na Minister-presid\u00e8nt - Sociaal Economische Raad Cura\u00e7ao\" \/>\n<meta property=\"og:description\" content=\"Durante di un reunion formal ku Minister presidente i alabes minister di asuntu nan general se\u00f1or E. Rhuggenaath, Konseho Sosial Ekon\u00f3miko a present\u00e1 nan relato anual 2017\" \/>\n<meta property=\"og:url\" content=\"https:\/\/ser.cw\/pap\/2018\/04\/10\/relato-anual-konseho-sosial-ekonomiko-2017-entrega-na-minister-president\/\" \/>\n<meta property=\"og:site_name\" content=\"Sociaal Economische Raad Cura\u00e7ao\" \/>\n<meta property=\"article:published_time\" content=\"2018-04-11T00:08:32+00:00\" \/>\n<meta property=\"article:modified_time\" content=\"2022-09-21T12:52:19+00:00\" \/>\n<meta property=\"og:image\" content=\"https:\/\/ser.cw\/wp-content\/uploads\/sites\/280\/2018\/04\/WhatsApp-Image-2018-04-10-at-13.45.00.jpeg\" \/>\n\t<meta property=\"og:image:width\" content=\"675\" \/>\n\t<meta property=\"og:image:height\" content=\"900\" \/>\n\t<meta property=\"og:image:type\" content=\"image\/jpeg\" \/>\n<meta name=\"author\" content=\"Sandra Raphaela\" \/>\n<meta name=\"twitter:card\" content=\"summary_large_image\" \/>\n<meta name=\"twitter:label1\" content=\"Written by\" \/>\n\t<meta name=\"twitter:data1\" content=\"Sandra Raphaela\" \/>\n\t<meta name=\"twitter:label2\" content=\"Est. reading time\" \/>\n\t<meta name=\"twitter:data2\" content=\"5 minutes\" \/>\n<script type=\"application\/ld+json\" class=\"yoast-schema-graph\">{\"@context\":\"https:\\\/\\\/schema.org\",\"@graph\":[{\"@type\":\"Article\",\"@id\":\"https:\\\/\\\/ser.cw\\\/pap\\\/2018\\\/04\\\/10\\\/relato-anual-konseho-sosial-ekonomiko-2017-entrega-na-minister-president\\\/#article\",\"isPartOf\":{\"@id\":\"https:\\\/\\\/ser.cw\\\/pap\\\/2018\\\/04\\\/10\\\/relato-anual-konseho-sosial-ekonomiko-2017-entrega-na-minister-president\\\/\"},\"author\":{\"name\":\"Sandra Raphaela\",\"@id\":\"https:\\\/\\\/ser.cw\\\/#\\\/schema\\\/person\\\/89cf822c61b4b025468e7bf5f61e7e7c\"},\"headline\":\"Relato Anual Konseho Sosial Ekon\u00f3miko 2017 entreg\u00e1 na Minister-presid\u00e8nt\",\"datePublished\":\"2018-04-11T00:08:32+00:00\",\"dateModified\":\"2022-09-21T12:52:19+00:00\",\"mainEntityOfPage\":{\"@id\":\"https:\\\/\\\/ser.cw\\\/pap\\\/2018\\\/04\\\/10\\\/relato-anual-konseho-sosial-ekonomiko-2017-entrega-na-minister-president\\\/\"},\"wordCount\":920,\"image\":{\"@id\":\"https:\\\/\\\/ser.cw\\\/pap\\\/2018\\\/04\\\/10\\\/relato-anual-konseho-sosial-ekonomiko-2017-entrega-na-minister-president\\\/#primaryimage\"},\"thumbnailUrl\":\"https:\\\/\\\/ser.cw\\\/wp-content\\\/uploads\\\/sites\\\/280\\\/2018\\\/04\\\/WhatsApp-Image-2018-04-10-at-13.45.00.jpeg\",\"inLanguage\":\"pap-CW\"},{\"@type\":\"WebPage\",\"@id\":\"https:\\\/\\\/ser.cw\\\/pap\\\/2018\\\/04\\\/10\\\/relato-anual-konseho-sosial-ekonomiko-2017-entrega-na-minister-president\\\/\",\"url\":\"https:\\\/\\\/ser.cw\\\/pap\\\/2018\\\/04\\\/10\\\/relato-anual-konseho-sosial-ekonomiko-2017-entrega-na-minister-president\\\/\",\"name\":\"Relato Anual Konseho Sosial Ekon\u00f3miko 2017 entreg\u00e1 na Minister-presid\u00e8nt - Sociaal Economische Raad Cura\u00e7ao\",\"isPartOf\":{\"@id\":\"https:\\\/\\\/ser.cw\\\/#website\"},\"primaryImageOfPage\":{\"@id\":\"https:\\\/\\\/ser.cw\\\/pap\\\/2018\\\/04\\\/10\\\/relato-anual-konseho-sosial-ekonomiko-2017-entrega-na-minister-president\\\/#primaryimage\"},\"image\":{\"@id\":\"https:\\\/\\\/ser.cw\\\/pap\\\/2018\\\/04\\\/10\\\/relato-anual-konseho-sosial-ekonomiko-2017-entrega-na-minister-president\\\/#primaryimage\"},\"thumbnailUrl\":\"https:\\\/\\\/ser.cw\\\/wp-content\\\/uploads\\\/sites\\\/280\\\/2018\\\/04\\\/WhatsApp-Image-2018-04-10-at-13.45.00.jpeg\",\"datePublished\":\"2018-04-11T00:08:32+00:00\",\"dateModified\":\"2022-09-21T12:52:19+00:00\",\"author\":{\"@id\":\"https:\\\/\\\/ser.cw\\\/#\\\/schema\\\/person\\\/89cf822c61b4b025468e7bf5f61e7e7c\"},\"breadcrumb\":{\"@id\":\"https:\\\/\\\/ser.cw\\\/pap\\\/2018\\\/04\\\/10\\\/relato-anual-konseho-sosial-ekonomiko-2017-entrega-na-minister-president\\\/#breadcrumb\"},\"inLanguage\":\"pap-CW\",\"potentialAction\":[{\"@type\":\"ReadAction\",\"target\":[\"https:\\\/\\\/ser.cw\\\/pap\\\/2018\\\/04\\\/10\\\/relato-anual-konseho-sosial-ekonomiko-2017-entrega-na-minister-president\\\/\"]}]},{\"@type\":\"ImageObject\",\"inLanguage\":\"pap-CW\",\"@id\":\"https:\\\/\\\/ser.cw\\\/pap\\\/2018\\\/04\\\/10\\\/relato-anual-konseho-sosial-ekonomiko-2017-entrega-na-minister-president\\\/#primaryimage\",\"url\":\"https:\\\/\\\/ser.cw\\\/wp-content\\\/uploads\\\/sites\\\/280\\\/2018\\\/04\\\/WhatsApp-Image-2018-04-10-at-13.45.00.jpeg\",\"contentUrl\":\"https:\\\/\\\/ser.cw\\\/wp-content\\\/uploads\\\/sites\\\/280\\\/2018\\\/04\\\/WhatsApp-Image-2018-04-10-at-13.45.00.jpeg\",\"width\":675,\"height\":900},{\"@type\":\"BreadcrumbList\",\"@id\":\"https:\\\/\\\/ser.cw\\\/pap\\\/2018\\\/04\\\/10\\\/relato-anual-konseho-sosial-ekonomiko-2017-entrega-na-minister-president\\\/#breadcrumb\",\"itemListElement\":[{\"@type\":\"ListItem\",\"position\":1,\"name\":\"Home\",\"item\":\"https:\\\/\\\/ser.cw\\\/pap\\\/\"},{\"@type\":\"ListItem\",\"position\":2,\"name\":\"Relato Anual Konseho Sosial Ekon\u00f3miko 2017 entreg\u00e1 na Minister-presid\u00e8nt\"}]},{\"@type\":\"WebSite\",\"@id\":\"https:\\\/\\\/ser.cw\\\/#website\",\"url\":\"https:\\\/\\\/ser.cw\\\/\",\"name\":\"Sociaal Economische Raad Cura\u00e7ao\",\"description\":\"adviesorgaan van de regering en het parlement van Cura\u00e7ao omtrent alle belangrijke onderwerpen van sociaal-economische aard\",\"potentialAction\":[{\"@type\":\"SearchAction\",\"target\":{\"@type\":\"EntryPoint\",\"urlTemplate\":\"https:\\\/\\\/ser.cw\\\/?s={search_term_string}\"},\"query-input\":{\"@type\":\"PropertyValueSpecification\",\"valueRequired\":true,\"valueName\":\"search_term_string\"}}],\"inLanguage\":\"pap-CW\"},{\"@type\":\"Person\",\"@id\":\"https:\\\/\\\/ser.cw\\\/#\\\/schema\\\/person\\\/89cf822c61b4b025468e7bf5f61e7e7c\",\"name\":\"Sandra Raphaela\",\"image\":{\"@type\":\"ImageObject\",\"inLanguage\":\"pap-CW\",\"@id\":\"https:\\\/\\\/ser.cw\\\/wp-content\\\/wphb-cache\\\/gravatar\\\/9b4\\\/9b44e5d3afdbce6cf4839235416da6b9x96.jpg\",\"url\":\"https:\\\/\\\/ser.cw\\\/wp-content\\\/wphb-cache\\\/gravatar\\\/9b4\\\/9b44e5d3afdbce6cf4839235416da6b9x96.jpg\",\"contentUrl\":\"https:\\\/\\\/ser.cw\\\/wp-content\\\/wphb-cache\\\/gravatar\\\/9b4\\\/9b44e5d3afdbce6cf4839235416da6b9x96.jpg\",\"caption\":\"Sandra Raphaela\"},\"url\":\"https:\\\/\\\/ser.cw\\\/pap\\\/author\\\/sandra\\\/\"}]}<\/script>\n<!-- \/ Yoast SEO plugin. -->","yoast_head_json":{"title":"Relato Anual Konseho Sosial Ekon\u00f3miko 2017 entreg\u00e1 na Minister-presid\u00e8nt - Sociaal Economische Raad Cura\u00e7ao","robots":{"index":"index","follow":"follow","max-snippet":"max-snippet:-1","max-image-preview":"max-image-preview:large","max-video-preview":"max-video-preview:-1"},"canonical":"https:\/\/ser.cw\/pap\/2018\/04\/10\/relato-anual-konseho-sosial-ekonomiko-2017-entrega-na-minister-president\/","og_locale":"en_US","og_type":"article","og_title":"Relato Anual Konseho Sosial Ekon\u00f3miko 2017 entreg\u00e1 na Minister-presid\u00e8nt - Sociaal Economische Raad Cura\u00e7ao","og_description":"Durante di un reunion formal ku Minister presidente i alabes minister di asuntu nan general se\u00f1or E. Rhuggenaath, Konseho Sosial Ekon\u00f3miko a present\u00e1 nan relato anual 2017","og_url":"https:\/\/ser.cw\/pap\/2018\/04\/10\/relato-anual-konseho-sosial-ekonomiko-2017-entrega-na-minister-president\/","og_site_name":"Sociaal Economische Raad Cura\u00e7ao","article_published_time":"2018-04-11T00:08:32+00:00","article_modified_time":"2022-09-21T12:52:19+00:00","og_image":[{"width":675,"height":900,"url":"https:\/\/ser.cw\/wp-content\/uploads\/sites\/280\/2018\/04\/WhatsApp-Image-2018-04-10-at-13.45.00.jpeg","type":"image\/jpeg"}],"author":"Sandra Raphaela","twitter_card":"summary_large_image","twitter_misc":{"Written by":"Sandra Raphaela","Est. reading time":"5 minutes"},"schema":{"@context":"https:\/\/schema.org","@graph":[{"@type":"Article","@id":"https:\/\/ser.cw\/pap\/2018\/04\/10\/relato-anual-konseho-sosial-ekonomiko-2017-entrega-na-minister-president\/#article","isPartOf":{"@id":"https:\/\/ser.cw\/pap\/2018\/04\/10\/relato-anual-konseho-sosial-ekonomiko-2017-entrega-na-minister-president\/"},"author":{"name":"Sandra Raphaela","@id":"https:\/\/ser.cw\/#\/schema\/person\/89cf822c61b4b025468e7bf5f61e7e7c"},"headline":"Relato Anual Konseho Sosial Ekon\u00f3miko 2017 entreg\u00e1 na Minister-presid\u00e8nt","datePublished":"2018-04-11T00:08:32+00:00","dateModified":"2022-09-21T12:52:19+00:00","mainEntityOfPage":{"@id":"https:\/\/ser.cw\/pap\/2018\/04\/10\/relato-anual-konseho-sosial-ekonomiko-2017-entrega-na-minister-president\/"},"wordCount":920,"image":{"@id":"https:\/\/ser.cw\/pap\/2018\/04\/10\/relato-anual-konseho-sosial-ekonomiko-2017-entrega-na-minister-president\/#primaryimage"},"thumbnailUrl":"https:\/\/ser.cw\/wp-content\/uploads\/sites\/280\/2018\/04\/WhatsApp-Image-2018-04-10-at-13.45.00.jpeg","inLanguage":"pap-CW"},{"@type":"WebPage","@id":"https:\/\/ser.cw\/pap\/2018\/04\/10\/relato-anual-konseho-sosial-ekonomiko-2017-entrega-na-minister-president\/","url":"https:\/\/ser.cw\/pap\/2018\/04\/10\/relato-anual-konseho-sosial-ekonomiko-2017-entrega-na-minister-president\/","name":"Relato Anual Konseho Sosial Ekon\u00f3miko 2017 entreg\u00e1 na Minister-presid\u00e8nt - Sociaal Economische Raad Cura\u00e7ao","isPartOf":{"@id":"https:\/\/ser.cw\/#website"},"primaryImageOfPage":{"@id":"https:\/\/ser.cw\/pap\/2018\/04\/10\/relato-anual-konseho-sosial-ekonomiko-2017-entrega-na-minister-president\/#primaryimage"},"image":{"@id":"https:\/\/ser.cw\/pap\/2018\/04\/10\/relato-anual-konseho-sosial-ekonomiko-2017-entrega-na-minister-president\/#primaryimage"},"thumbnailUrl":"https:\/\/ser.cw\/wp-content\/uploads\/sites\/280\/2018\/04\/WhatsApp-Image-2018-04-10-at-13.45.00.jpeg","datePublished":"2018-04-11T00:08:32+00:00","dateModified":"2022-09-21T12:52:19+00:00","author":{"@id":"https:\/\/ser.cw\/#\/schema\/person\/89cf822c61b4b025468e7bf5f61e7e7c"},"breadcrumb":{"@id":"https:\/\/ser.cw\/pap\/2018\/04\/10\/relato-anual-konseho-sosial-ekonomiko-2017-entrega-na-minister-president\/#breadcrumb"},"inLanguage":"pap-CW","potentialAction":[{"@type":"ReadAction","target":["https:\/\/ser.cw\/pap\/2018\/04\/10\/relato-anual-konseho-sosial-ekonomiko-2017-entrega-na-minister-president\/"]}]},{"@type":"ImageObject","inLanguage":"pap-CW","@id":"https:\/\/ser.cw\/pap\/2018\/04\/10\/relato-anual-konseho-sosial-ekonomiko-2017-entrega-na-minister-president\/#primaryimage","url":"https:\/\/ser.cw\/wp-content\/uploads\/sites\/280\/2018\/04\/WhatsApp-Image-2018-04-10-at-13.45.00.jpeg","contentUrl":"https:\/\/ser.cw\/wp-content\/uploads\/sites\/280\/2018\/04\/WhatsApp-Image-2018-04-10-at-13.45.00.jpeg","width":675,"height":900},{"@type":"BreadcrumbList","@id":"https:\/\/ser.cw\/pap\/2018\/04\/10\/relato-anual-konseho-sosial-ekonomiko-2017-entrega-na-minister-president\/#breadcrumb","itemListElement":[{"@type":"ListItem","position":1,"name":"Home","item":"https:\/\/ser.cw\/pap\/"},{"@type":"ListItem","position":2,"name":"Relato Anual Konseho Sosial Ekon\u00f3miko 2017 entreg\u00e1 na Minister-presid\u00e8nt"}]},{"@type":"WebSite","@id":"https:\/\/ser.cw\/#website","url":"https:\/\/ser.cw\/","name":"Sociaal Economische Raad Cura\u00e7ao","description":"adviesorgaan van de regering en het parlement van Cura\u00e7ao omtrent alle belangrijke onderwerpen van sociaal-economische aard","potentialAction":[{"@type":"SearchAction","target":{"@type":"EntryPoint","urlTemplate":"https:\/\/ser.cw\/?s={search_term_string}"},"query-input":{"@type":"PropertyValueSpecification","valueRequired":true,"valueName":"search_term_string"}}],"inLanguage":"pap-CW"},{"@type":"Person","@id":"https:\/\/ser.cw\/#\/schema\/person\/89cf822c61b4b025468e7bf5f61e7e7c","name":"Sandra Raphaela","image":{"@type":"ImageObject","inLanguage":"pap-CW","@id":"https:\/\/ser.cw\/wp-content\/wphb-cache\/gravatar\/9b4\/9b44e5d3afdbce6cf4839235416da6b9x96.jpg","url":"https:\/\/ser.cw\/wp-content\/wphb-cache\/gravatar\/9b4\/9b44e5d3afdbce6cf4839235416da6b9x96.jpg","contentUrl":"https:\/\/ser.cw\/wp-content\/wphb-cache\/gravatar\/9b4\/9b44e5d3afdbce6cf4839235416da6b9x96.jpg","caption":"Sandra Raphaela"},"url":"https:\/\/ser.cw\/pap\/author\/sandra\/"}]}},"_links":{"self":[{"href":"https:\/\/ser.cw\/pap\/wp-json\/wp\/v2\/posts\/11422","targetHints":{"allow":["GET"]}}],"collection":[{"href":"https:\/\/ser.cw\/pap\/wp-json\/wp\/v2\/posts"}],"about":[{"href":"https:\/\/ser.cw\/pap\/wp-json\/wp\/v2\/types\/post"}],"author":[{"embeddable":true,"href":"https:\/\/ser.cw\/pap\/wp-json\/wp\/v2\/users\/109"}],"replies":[{"embeddable":true,"href":"https:\/\/ser.cw\/pap\/wp-json\/wp\/v2\/comments?post=11422"}],"version-history":[{"count":0,"href":"https:\/\/ser.cw\/pap\/wp-json\/wp\/v2\/posts\/11422\/revisions"}],"wp:featuredmedia":[{"embeddable":true,"href":"https:\/\/ser.cw\/pap\/wp-json\/wp\/v2\/media\/11423"}],"wp:attachment":[{"href":"https:\/\/ser.cw\/pap\/wp-json\/wp\/v2\/media?parent=11422"}],"wp:term":[{"taxonomy":"category","embeddable":true,"href":"https:\/\/ser.cw\/pap\/wp-json\/wp\/v2\/categories?post=11422"},{"taxonomy":"post_tag","embeddable":true,"href":"https:\/\/ser.cw\/pap\/wp-json\/wp\/v2\/tags?post=11422"}],"curies":[{"name":"wp","href":"https:\/\/api.w.org\/{rel}","templated":true}]}}