{"id":11192,"date":"2018-04-10T16:08:59","date_gmt":"2018-04-10T20:08:59","guid":{"rendered":"https:\/\/ser.cw\/2018\/04\/10\/delegashonnan-tekniko-di-konsehonan-sosial-ekonomiko-ser-di-korsou-i-sint-maarten-ta-kompromete-nan-mes-pa-fortifika-kolaborashon-institushonal\/"},"modified":"2022-09-21T08:52:24","modified_gmt":"2022-09-21T12:52:24","slug":"delegashonnan-tekniko-di-konsehonan-sosial-ekonomiko-ser-di-korsou-i-sint-maarten-ta-kompromete-nan-mes-pa-fortifika-kolaborashon-institushonal","status":"publish","type":"post","link":"https:\/\/ser.cw\/pap\/2018\/04\/10\/delegashonnan-tekniko-di-konsehonan-sosial-ekonomiko-ser-di-korsou-i-sint-maarten-ta-kompromete-nan-mes-pa-fortifika-kolaborashon-institushonal\/","title":{"rendered":"Delegashonnan t\u00e9kniko di Konsehonan Sosial-Ekon\u00f3miko (SER) di K\u00f2rsou i Sint Maarten ta kompromet\u00e9 nan mes pa fortifik\u00e1 kolaborashon institushonal"},"content":{"rendered":"<p>[et_pb_section fb_built=&#8221;1&#8243; fullwidth=&#8221;on&#8221; _builder_version=&#8221;3.22.3&#8243;][et_pb_fullwidth_slider _builder_version=&#8221;3.16&#8243; custom_padding=&#8221;|||&#8221; saved_tabs=&#8221;all&#8221; button_text_size__hover_enabled=&#8221;off&#8221; button_one_text_size__hover_enabled=&#8221;off&#8221; button_two_text_size__hover_enabled=&#8221;off&#8221; button_text_color__hover_enabled=&#8221;off&#8221; button_one_text_color__hover_enabled=&#8221;off&#8221; button_two_text_color__hover_enabled=&#8221;off&#8221; button_border_width__hover_enabled=&#8221;off&#8221; button_one_border_width__hover_enabled=&#8221;off&#8221; button_two_border_width__hover_enabled=&#8221;off&#8221; button_border_color__hover_enabled=&#8221;off&#8221; button_one_border_color__hover_enabled=&#8221;off&#8221; button_two_border_color__hover_enabled=&#8221;off&#8221; button_border_radius__hover_enabled=&#8221;off&#8221; button_one_border_radius__hover_enabled=&#8221;off&#8221; button_two_border_radius__hover_enabled=&#8221;off&#8221; button_letter_spacing__hover_enabled=&#8221;off&#8221; button_one_letter_spacing__hover_enabled=&#8221;off&#8221; button_two_letter_spacing__hover_enabled=&#8221;off&#8221; button_bg_color__hover_enabled=&#8221;off&#8221; button_one_bg_color__hover_enabled=&#8221;off&#8221; button_two_bg_color__hover_enabled=&#8221;off&#8221;][et_pb_slide use_bg_overlay=&#8221;off&#8221; use_text_overlay=&#8221;off&#8221; admin_title=&#8221;web&#8221; _builder_version=&#8221;3.16&#8243; header_font=&#8221;||||&#8221; body_font=&#8221;||||&#8221; background_color=&#8221;#ffffff&#8221; background_image=&#8221;https:\/\/ser.cw\/wp-content\/uploads\/sites\/280\/2017\/09\/Website-SER-Banner-voorstel-16-verbonden-1.jpg&#8221; button_on_hover=&#8221;on&#8221; button_text_size__hover_enabled=&#8221;off&#8221; button_one_text_size__hover_enabled=&#8221;off&#8221; button_two_text_size__hover_enabled=&#8221;off&#8221; button_text_color__hover_enabled=&#8221;off&#8221; button_one_text_color__hover_enabled=&#8221;off&#8221; button_two_text_color__hover_enabled=&#8221;off&#8221; button_border_width__hover_enabled=&#8221;off&#8221; button_one_border_width__hover_enabled=&#8221;off&#8221; button_two_border_width__hover_enabled=&#8221;off&#8221; button_border_color__hover_enabled=&#8221;off&#8221; button_one_border_color__hover_enabled=&#8221;off&#8221; button_two_border_color__hover_enabled=&#8221;off&#8221; button_border_radius__hover_enabled=&#8221;off&#8221; button_one_border_radius__hover_enabled=&#8221;off&#8221; button_two_border_radius__hover_enabled=&#8221;off&#8221; button_letter_spacing__hover_enabled=&#8221;off&#8221; button_one_letter_spacing__hover_enabled=&#8221;off&#8221; button_two_letter_spacing__hover_enabled=&#8221;off&#8221; button_bg_color__hover_enabled=&#8221;off&#8221; button_one_bg_color__hover_enabled=&#8221;off&#8221; button_two_bg_color__hover_enabled=&#8221;off&#8221;][\/et_pb_slide][\/et_pb_fullwidth_slider][\/et_pb_section][et_pb_section fb_built=&#8221;1&#8243; module_class=&#8221;persbericht-titel&#8221; _builder_version=&#8221;3.22.3&#8243; background_color=&#8221;rgba(255,255,255,0)&#8221; custom_padding=&#8221;0px|0px|0px|0px&#8221; transparent_background=&#8221;on&#8221;][et_pb_row use_custom_gutter=&#8221;on&#8221; gutter_width=&#8221;1&#8243; background_repeat_1=&#8221;no-repeat&#8221; background_repeat_2=&#8221;no-repeat&#8221; _builder_version=&#8221;3.22.3&#8243;][et_pb_column type=&#8221;2_3&#8243; _builder_version=&#8221;3.0.47&#8243;][et_pb_text admin_label=&#8221;Niet aanpassen&#8221; _builder_version=&#8221;3.0.87&#8243; background_color=&#8221;rgba(255,255,255,0.68)&#8221; custom_padding=&#8221;15px|30px|3px|30px&#8221; border_style=&#8221;solid&#8221;]<\/p>\n<h2>Komunikado<\/h2>\n<p>[\/et_pb_text][\/et_pb_column][et_pb_column type=&#8221;1_3&#8243; _builder_version=&#8221;3.0.47&#8243;][\/et_pb_column][\/et_pb_row][\/et_pb_section][et_pb_section fb_built=&#8221;1&#8243; _builder_version=&#8221;3.22.3&#8243; background_color=&#8221;#d1f0ff&#8221; custom_padding=&#8221;0px|0px|0px|0px&#8221;][et_pb_row use_custom_gutter=&#8221;on&#8221; gutter_width=&#8221;1&#8243; make_equal=&#8221;on&#8221; background_color_1=&#8221;#fcfeff&#8221; background_color_2=&#8221;#f4fbff&#8221; background_repeat_1=&#8221;no-repeat&#8221; background_repeat_2=&#8221;no-repeat&#8221; padding_top_1=&#8221;30px&#8221; padding_top_2=&#8221;30px&#8221; padding_right_1=&#8221;30px&#8221; padding_right_2=&#8221;30px&#8221; padding_bottom_1=&#8221;30px&#8221; padding_bottom_2=&#8221;30px&#8221; padding_left_1=&#8221;30px&#8221; padding_left_2=&#8221;30px&#8221; _builder_version=&#8221;3.22.3&#8243;][et_pb_column type=&#8221;2_3&#8243; _builder_version=&#8221;3.0.47&#8243;][et_pb_text _builder_version=&#8221;3.24&#8243;]<\/p>\n<h1><span style=\"color: #0000ff\">Delegashonnan t\u00e9kniko di Konsehonan Sosial-Ekon\u00f3miko (SER) di K\u00f2rsou i Sint Maarten ta kompromet\u00e9 nan mes pa fortifik\u00e1 kolaborashon institushonal<\/span><\/h1>\n<p>Intensifikashon di lasonan di kolaborashon riba nivel institushonal i pa kohuntamente organis\u00e1 charlanan, simposia i tayernan riba temanan sosial-ekon\u00f3miko ku pa e paisnan di Karibe den Reino ta aktual i relevante. Esakinan ta algun di e palabrashonnan ku e delegashonnan t\u00e9kniko di e Konsehonan Sosial Ekon\u00f3miko (SER) di K\u00f2rsou i\u00a0 Sint Maarten a has\u00ed ku otro durante un enkuentro di trabou ku a tuma lug\u00e1 djaluna mainta 9 di aprel den e sala di reunion di SER di K\u00f2rsou na Ansinghstraat. Durante e enkuentro di trabou ak\u00ed, SER di Sint Maarten tabata represent\u00e1 pa su direktor\/sekretario-general sr. Gerard Richardson, kompa\u00f1\u00e1 pa un konsehero hur\u00eddiko sra. Dani\u00eble F. Choennie-Babel. Di parti di SER K\u00f2rsou tabata presente sr. Ra\u00fal \u00a0Henriquez, ku a hasi un bishita di \u00a0kortesia djamars dia 3 di aprel \u00faltimo na e SER di Sint Maarten i e konseheronan sra. Sharlyn Vill\u00e1real-Curial, sra. Miloushka Sboui-Racamy, sra. Sonja Boersma i sra. Ingrid Bernadina-Provence. E delegashonnan a ekspres\u00e1 nan deseo i boluntat pa stimul\u00e1 mas interkambio di eksperensia riba nivel institushonal, pa si\u00f1a di otro i pa konhuntamente organis\u00e1 proyekto- i programanan di trabou.<br \/>A papia riba e posibilidat pa riba korto plaso organis\u00e1 un simposio, huntu ku SER di Aruba, riba e tema di indokumentashon, migrashon ilegal i refugiadonan, ku pa tur tres pais i pa henter Reino ta relevante i aktual, konsiderando e implikashonnan sosial-ekon\u00f3miko serio ku e desaroyo aki por tin.<br \/>Mas aleu a interkambi\u00e1 di pensamentu ku otro riba e ambishon di SER K\u00f2rsou pa sigui fortifik\u00e1 lasonan di kooperashon regional den kuadro di e ret CESALC (Consejos Econ\u00f3micos y Sociales de Am\u00e9rica Latina y del Caribe) i tambe riba nivel mundial relashon\u00e1 ku e Asosashon Internashonal di Konsehonan Sosial Ekon\u00f3miko i institutonan similar (AICESIS).<br \/>SER di Sint Maarten a ekspres\u00e1 enf\u00e1tikamente ku e ta kompart\u00ed e vishon aki.<\/p>\n<p>Riba e foto: e delegashonnan t\u00e9kniko den kombersashon ku otro.<\/p>\n<p>[\/et_pb_text][et_pb_text admin_label=&#8221;Add to any &#8211; niet aanpassen&#8221; _builder_version=&#8221;3.0.87&#8243; border_style=&#8221;solid&#8221; saved_tabs=&#8221;all&#8221;]<\/p>\n<pre><code><div class=\"addtoany_shortcode\"><div class=\"a2a_kit a2a_kit_size_24 addtoany_list\" data-a2a-url=\"https:\/\/ser.cw\/pap\/2018\/04\/10\/delegashonnan-tekniko-di-konsehonan-sosial-ekonomiko-ser-di-korsou-i-sint-maarten-ta-kompromete-nan-mes-pa-fortifika-kolaborashon-institushonal\/\" data-a2a-title=\"Delegashonnan t\u00e9kniko di Konsehonan Sosial-Ekon\u00f3miko (SER) di K\u00f2rsou i Sint Maarten ta kompromet\u00e9 nan mes pa fortifik\u00e1 kolaborashon institushonal\"><a class=\"a2a_dd addtoany_share_save addtoany_share\" href=\"https:\/\/www.addtoany.com\/share\"><img decoding=\"async\" src=\"https:\/\/ser.cw\/wp-content\/uploads\/sites\/280\/2017\/12\/share.png\" alt=\"Share\"><\/a><\/div><\/div><\/code><\/pre>\n<p>[\/et_pb_text][et_pb_post_nav in_same_term=&#8221;on&#8221; admin_label=&#8221;Post Navigation &#8211; niet aanpassen&#8221; _builder_version=&#8221;3.0.87&#8243; border_style=&#8221;solid&#8221; hide_prev=&#8221;off&#8221; hide_next=&#8221;off&#8221;][\/et_pb_post_nav][\/et_pb_column][et_pb_column type=&#8221;1_3&#8243; _builder_version=&#8221;3.0.47&#8243;][et_pb_post_title title=&#8221;off&#8221; meta=&#8221;off&#8221; admin_label=&#8221;Post Title &#8211; niet aanpassen&#8221; _builder_version=&#8221;3.0.87&#8243; border_style=&#8221;solid&#8221;][\/et_pb_post_title][et_pb_image align_tablet=&#8221;center&#8221; align_last_edited=&#8221;on|desktop&#8221; admin_label=&#8221;Extra afbeelding&#8221; _builder_version=&#8221;3.24&#8243; animation_style=&#8221;slide&#8221; animation_direction=&#8221;left&#8221; animation_duration=&#8221;500ms&#8221; animation_intensity_slide=&#8221;10%&#8221; border_style=&#8221;solid&#8221; sticky=&#8221;off&#8221; always_center_on_mobile=&#8221;on&#8221;][\/et_pb_image][et_pb_image align_tablet=&#8221;center&#8221; align_last_edited=&#8221;on|desktop&#8221; admin_label=&#8221;Extra afbeelding&#8221; _builder_version=&#8221;3.23&#8243; animation_style=&#8221;slide&#8221; animation_direction=&#8221;left&#8221; animation_duration=&#8221;500ms&#8221; animation_intensity_slide=&#8221;10%&#8221; border_style=&#8221;solid&#8221; sticky=&#8221;off&#8221; always_center_on_mobile=&#8221;on&#8221;][\/et_pb_image][\/et_pb_column][\/et_pb_row][\/et_pb_section]<\/p>\n","protected":false},"excerpt":{"rendered":"<p>Intensifikashon di lasonan di kolaborashon riba nivel institushonal i pa kohuntamente organis\u00e1 charlanan, simposia i tayernan riba temanan sosial-ekon\u00f3miko ku pa e paisnan di Karibe den Reino ta aktual i relevante.<\/p>\n","protected":false},"author":109,"featured_media":11193,"comment_status":"closed","ping_status":"closed","sticky":false,"template":"","format":"standard","meta":{"_et_pb_use_builder":"on","_et_pb_old_content":"<p>[et_pb_section fb_built=\"1\" fullwidth=\"on\" _builder_version=\"3.22.3\"][et_pb_fullwidth_slider _builder_version=\"3.16\" custom_padding=\"|||\" saved_tabs=\"all\" button_text_size__hover_enabled=\"off\" button_one_text_size__hover_enabled=\"off\" button_two_text_size__hover_enabled=\"off\" button_text_color__hover_enabled=\"off\" button_one_text_color__hover_enabled=\"off\" button_two_text_color__hover_enabled=\"off\" button_border_width__hover_enabled=\"off\" button_one_border_width__hover_enabled=\"off\" button_two_border_width__hover_enabled=\"off\" button_border_color__hover_enabled=\"off\" button_one_border_color__hover_enabled=\"off\" button_two_border_color__hover_enabled=\"off\" button_border_radius__hover_enabled=\"off\" button_one_border_radius__hover_enabled=\"off\" button_two_border_radius__hover_enabled=\"off\" button_letter_spacing__hover_enabled=\"off\" button_one_letter_spacing__hover_enabled=\"off\" button_two_letter_spacing__hover_enabled=\"off\" button_bg_color__hover_enabled=\"off\" button_one_bg_color__hover_enabled=\"off\" button_two_bg_color__hover_enabled=\"off\"][et_pb_slide use_bg_overlay=\"off\" use_text_overlay=\"off\" admin_title=\"web\" _builder_version=\"3.16\" header_font=\"||||\" body_font=\"||||\" background_color=\"#ffffff\" background_image=\"https:\/\/ser.cw\/wp-content\/uploads\/sites\/280\/2017\/09\/Website-SER-Banner-voorstel-16-verbonden-1.jpg\" button_on_hover=\"on\" button_text_size__hover_enabled=\"off\" button_one_text_size__hover_enabled=\"off\" button_two_text_size__hover_enabled=\"off\" button_text_color__hover_enabled=\"off\" button_one_text_color__hover_enabled=\"off\" button_two_text_color__hover_enabled=\"off\" button_border_width__hover_enabled=\"off\" button_one_border_width__hover_enabled=\"off\" button_two_border_width__hover_enabled=\"off\" button_border_color__hover_enabled=\"off\" button_one_border_color__hover_enabled=\"off\" button_two_border_color__hover_enabled=\"off\" button_border_radius__hover_enabled=\"off\" button_one_border_radius__hover_enabled=\"off\" button_two_border_radius__hover_enabled=\"off\" button_letter_spacing__hover_enabled=\"off\" button_one_letter_spacing__hover_enabled=\"off\" button_two_letter_spacing__hover_enabled=\"off\" button_bg_color__hover_enabled=\"off\" button_one_bg_color__hover_enabled=\"off\" button_two_bg_color__hover_enabled=\"off\"][\/et_pb_slide][\/et_pb_fullwidth_slider][\/et_pb_section][et_pb_section fb_built=\"1\" module_class=\"persbericht-titel\" _builder_version=\"3.22.3\" background_color=\"rgba(255,255,255,0)\" custom_padding=\"0px|0px|0px|0px\" transparent_background=\"on\"][et_pb_row use_custom_gutter=\"on\" gutter_width=\"1\" background_repeat_1=\"no-repeat\" background_repeat_2=\"no-repeat\" _builder_version=\"3.22.3\"][et_pb_column type=\"2_3\" _builder_version=\"3.0.47\"][et_pb_text admin_label=\"Niet aanpassen\" _builder_version=\"3.0.87\" background_color=\"rgba(255,255,255,0.68)\" custom_padding=\"15px|30px|3px|30px\" border_style=\"solid\"]<\/p><h2>Komunikado<\/h2><p>[\/et_pb_text][\/et_pb_column][et_pb_column type=\"1_3\" _builder_version=\"3.0.47\"][\/et_pb_column][\/et_pb_row][\/et_pb_section][et_pb_section fb_built=\"1\" _builder_version=\"3.22.3\" background_color=\"#d1f0ff\" custom_padding=\"0px|0px|0px|0px\"][et_pb_row use_custom_gutter=\"on\" gutter_width=\"1\" make_equal=\"on\" background_color_1=\"#fcfeff\" background_color_2=\"#f4fbff\" background_repeat_1=\"no-repeat\" background_repeat_2=\"no-repeat\" padding_top_1=\"30px\" padding_top_2=\"30px\" padding_right_1=\"30px\" padding_right_2=\"30px\" padding_bottom_1=\"30px\" padding_bottom_2=\"30px\" padding_left_1=\"30px\" padding_left_2=\"30px\" _builder_version=\"3.22.3\"][et_pb_column type=\"2_3\" _builder_version=\"3.0.47\"][et_pb_text _builder_version=\"3.24\"]<\/p><h1><span style=\"color: #0000ff;\">Delegashonnan t\u00e9kniko di Konsehonan Sosial-Ekon\u00f3miko (SER) di K\u00f2rsou i Sint Maarten ta kompromet\u00e9 nan mes pa fortifik\u00e1 kolaborashon institushonal<\/span><\/h1><p>Intensifikashon di lasonan di kolaborashon riba nivel institushonal i pa kohuntamente organis\u00e1 charlanan, simposia i tayernan riba temanan sosial-ekon\u00f3miko ku pa e paisnan di Karibe den Reino ta aktual i relevante. Esakinan ta algun di e palabrashonnan ku e delegashonnan t\u00e9kniko di e Konsehonan Sosial Ekon\u00f3miko (SER) di K\u00f2rsou i\u00a0 Sint Maarten a has\u00ed ku otro durante un enkuentro di trabou ku a tuma lug\u00e1 djaluna mainta 9 di aprel den e sala di reunion di SER di K\u00f2rsou na Ansinghstraat. Durante e enkuentro di trabou ak\u00ed, SER di Sint Maarten tabata represent\u00e1 pa su direktor\/sekretario-general sr. Gerard Richardson, kompa\u00f1\u00e1 pa un konsehero hur\u00eddiko sra. Dani\u00eble F. Choennie-Babel. Di parti di SER K\u00f2rsou tabata presente sr. Ra\u00fal \u00a0Henriquez, ku a hasi un bishita di \u00a0kortesia djamars dia 3 di aprel \u00faltimo na e SER di Sint Maarten i e konseheronan sra. Sharlyn Vill\u00e1real-Curial, sra. Miloushka Sboui-Racamy, sra. Sonja Boersma i sra. Ingrid Bernadina-Provence. E delegashonnan a ekspres\u00e1 nan deseo i boluntat pa stimul\u00e1 mas interkambio di eksperensia riba nivel institushonal, pa si\u00f1a di otro i pa konhuntamente organis\u00e1 proyekto- i programanan di trabou.<br \/>A papia riba e posibilidat pa riba korto plaso organis\u00e1 un simposio, huntu ku SER di Aruba, riba e tema di indokumentashon, migrashon ilegal i refugiadonan, ku pa tur tres pais i pa henter Reino ta relevante i aktual, konsiderando e implikashonnan sosial-ekon\u00f3miko serio ku e desaroyo aki por tin.<br \/>Mas aleu a interkambi\u00e1 di pensamentu ku otro riba e ambishon di SER K\u00f2rsou pa sigui fortifik\u00e1 lasonan di kooperashon regional den kuadro di e ret CESALC (Consejos Econ\u00f3micos y Sociales de Am\u00e9rica Latina y del Caribe) i tambe riba nivel mundial relashon\u00e1 ku e Asosashon Internashonal di Konsehonan Sosial Ekon\u00f3miko i institutonan similar (AICESIS).<br \/>SER di Sint Maarten a ekspres\u00e1 enf\u00e1tikamente ku e ta kompart\u00ed e vishon aki.<\/p><p>Riba e foto: e delegashonnan t\u00e9kniko den kombersashon ku otro.<\/p><p>[\/et_pb_text][et_pb_text admin_label=\"Add to any - niet aanpassen\" _builder_version=\"3.0.87\" border_style=\"solid\" saved_tabs=\"all\"]<\/p><pre><code>[addtoany]<\/code><\/pre><p>[\/et_pb_text][et_pb_post_nav in_same_term=\"on\" admin_label=\"Post Navigation - niet aanpassen\" _builder_version=\"3.0.87\" border_style=\"solid\" hide_prev=\"off\" hide_next=\"off\"][\/et_pb_post_nav][\/et_pb_column][et_pb_column type=\"1_3\" _builder_version=\"3.0.47\"][et_pb_post_title title=\"off\" meta=\"off\" admin_label=\"Post Title - niet aanpassen\" _builder_version=\"3.0.87\" border_style=\"solid\"][\/et_pb_post_title][et_pb_image align_tablet=\"center\" align_last_edited=\"on|desktop\" admin_label=\"Extra afbeelding\" _builder_version=\"3.24\" animation_style=\"slide\" animation_direction=\"left\" animation_duration=\"500ms\" animation_intensity_slide=\"10%\" border_style=\"solid\" sticky=\"off\" always_center_on_mobile=\"on\"][\/et_pb_image][et_pb_image align_tablet=\"center\" align_last_edited=\"on|desktop\" admin_label=\"Extra afbeelding\" _builder_version=\"3.23\" animation_style=\"slide\" animation_direction=\"left\" animation_duration=\"500ms\" animation_intensity_slide=\"10%\" border_style=\"solid\" sticky=\"off\" always_center_on_mobile=\"on\"][\/et_pb_image][\/et_pb_column][\/et_pb_row][\/et_pb_section]<\/p>","_et_gb_content_width":"","_links_to":"","_links_to_type":0,"wds_primary_category":0,"footnotes":""},"categories":[],"tags":[],"class_list":["post-11192","post","type-post","status-publish","format-standard","has-post-thumbnail","hentry"],"yoast_head":"<!-- This site is optimized with the Yoast SEO plugin v27.3 - https:\/\/yoast.com\/product\/yoast-seo-wordpress\/ -->\n<title>Delegashonnan t\u00e9kniko di Konsehonan Sosial-Ekon\u00f3miko (SER) di K\u00f2rsou i Sint Maarten ta kompromet\u00e9 nan mes pa fortifik\u00e1 kolaborashon institushonal - Sociaal Economische Raad Cura\u00e7ao<\/title>\n<meta name=\"robots\" content=\"index, follow, max-snippet:-1, max-image-preview:large, max-video-preview:-1\" \/>\n<link rel=\"canonical\" href=\"https:\/\/ser.cw\/pap\/2018\/04\/10\/delegashonnan-tekniko-di-konsehonan-sosial-ekonomiko-ser-di-korsou-i-sint-maarten-ta-kompromete-nan-mes-pa-fortifika-kolaborashon-institushonal\/\" \/>\n<meta property=\"og:locale\" content=\"en_US\" \/>\n<meta property=\"og:type\" content=\"article\" \/>\n<meta property=\"og:title\" content=\"Delegashonnan t\u00e9kniko di Konsehonan Sosial-Ekon\u00f3miko (SER) di K\u00f2rsou i Sint Maarten ta kompromet\u00e9 nan mes pa fortifik\u00e1 kolaborashon institushonal - Sociaal Economische Raad Cura\u00e7ao\" \/>\n<meta property=\"og:description\" content=\"Intensifikashon di lasonan di kolaborashon riba nivel institushonal i pa kohuntamente organis\u00e1 charlanan, simposia i tayernan riba temanan sosial-ekon\u00f3miko ku pa e paisnan di Karibe den Reino ta aktual i relevante.\" \/>\n<meta property=\"og:url\" content=\"https:\/\/ser.cw\/pap\/2018\/04\/10\/delegashonnan-tekniko-di-konsehonan-sosial-ekonomiko-ser-di-korsou-i-sint-maarten-ta-kompromete-nan-mes-pa-fortifika-kolaborashon-institushonal\/\" \/>\n<meta property=\"og:site_name\" content=\"Sociaal Economische Raad Cura\u00e7ao\" \/>\n<meta property=\"article:published_time\" content=\"2018-04-10T20:08:59+00:00\" \/>\n<meta property=\"article:modified_time\" content=\"2022-09-21T12:52:24+00:00\" \/>\n<meta property=\"og:image\" content=\"https:\/\/ser.cw\/wp-content\/uploads\/sites\/280\/2018\/04\/WhatsApp-Image-2018-04-09-at-14.20.34-1.jpeg\" \/>\n\t<meta property=\"og:image:width\" content=\"1200\" \/>\n\t<meta property=\"og:image:height\" content=\"720\" \/>\n\t<meta property=\"og:image:type\" content=\"image\/jpeg\" \/>\n<meta name=\"author\" content=\"Sandra Raphaela\" \/>\n<meta name=\"twitter:card\" content=\"summary_large_image\" \/>\n<meta name=\"twitter:label1\" content=\"Written by\" \/>\n\t<meta name=\"twitter:data1\" content=\"Sandra Raphaela\" \/>\n\t<meta name=\"twitter:label2\" content=\"Est. reading time\" \/>\n\t<meta name=\"twitter:data2\" content=\"5 minutes\" \/>\n<script type=\"application\/ld+json\" class=\"yoast-schema-graph\">{\"@context\":\"https:\\\/\\\/schema.org\",\"@graph\":[{\"@type\":\"Article\",\"@id\":\"https:\\\/\\\/ser.cw\\\/pap\\\/2018\\\/04\\\/10\\\/delegashonnan-tekniko-di-konsehonan-sosial-ekonomiko-ser-di-korsou-i-sint-maarten-ta-kompromete-nan-mes-pa-fortifika-kolaborashon-institushonal\\\/#article\",\"isPartOf\":{\"@id\":\"https:\\\/\\\/ser.cw\\\/pap\\\/2018\\\/04\\\/10\\\/delegashonnan-tekniko-di-konsehonan-sosial-ekonomiko-ser-di-korsou-i-sint-maarten-ta-kompromete-nan-mes-pa-fortifika-kolaborashon-institushonal\\\/\"},\"author\":{\"name\":\"Sandra Raphaela\",\"@id\":\"https:\\\/\\\/ser.cw\\\/#\\\/schema\\\/person\\\/89cf822c61b4b025468e7bf5f61e7e7c\"},\"headline\":\"Delegashonnan t\u00e9kniko di Konsehonan Sosial-Ekon\u00f3miko (SER) di K\u00f2rsou i Sint Maarten ta kompromet\u00e9 nan mes pa fortifik\u00e1 kolaborashon institushonal\",\"datePublished\":\"2018-04-10T20:08:59+00:00\",\"dateModified\":\"2022-09-21T12:52:24+00:00\",\"mainEntityOfPage\":{\"@id\":\"https:\\\/\\\/ser.cw\\\/pap\\\/2018\\\/04\\\/10\\\/delegashonnan-tekniko-di-konsehonan-sosial-ekonomiko-ser-di-korsou-i-sint-maarten-ta-kompromete-nan-mes-pa-fortifika-kolaborashon-institushonal\\\/\"},\"wordCount\":1070,\"image\":{\"@id\":\"https:\\\/\\\/ser.cw\\\/pap\\\/2018\\\/04\\\/10\\\/delegashonnan-tekniko-di-konsehonan-sosial-ekonomiko-ser-di-korsou-i-sint-maarten-ta-kompromete-nan-mes-pa-fortifika-kolaborashon-institushonal\\\/#primaryimage\"},\"thumbnailUrl\":\"https:\\\/\\\/ser.cw\\\/wp-content\\\/uploads\\\/sites\\\/280\\\/2018\\\/04\\\/WhatsApp-Image-2018-04-09-at-14.20.34-1.jpeg\",\"inLanguage\":\"pap-CW\"},{\"@type\":\"WebPage\",\"@id\":\"https:\\\/\\\/ser.cw\\\/pap\\\/2018\\\/04\\\/10\\\/delegashonnan-tekniko-di-konsehonan-sosial-ekonomiko-ser-di-korsou-i-sint-maarten-ta-kompromete-nan-mes-pa-fortifika-kolaborashon-institushonal\\\/\",\"url\":\"https:\\\/\\\/ser.cw\\\/pap\\\/2018\\\/04\\\/10\\\/delegashonnan-tekniko-di-konsehonan-sosial-ekonomiko-ser-di-korsou-i-sint-maarten-ta-kompromete-nan-mes-pa-fortifika-kolaborashon-institushonal\\\/\",\"name\":\"Delegashonnan t\u00e9kniko di Konsehonan Sosial-Ekon\u00f3miko (SER) di K\u00f2rsou i Sint Maarten ta kompromet\u00e9 nan mes pa fortifik\u00e1 kolaborashon institushonal - Sociaal Economische Raad Cura\u00e7ao\",\"isPartOf\":{\"@id\":\"https:\\\/\\\/ser.cw\\\/#website\"},\"primaryImageOfPage\":{\"@id\":\"https:\\\/\\\/ser.cw\\\/pap\\\/2018\\\/04\\\/10\\\/delegashonnan-tekniko-di-konsehonan-sosial-ekonomiko-ser-di-korsou-i-sint-maarten-ta-kompromete-nan-mes-pa-fortifika-kolaborashon-institushonal\\\/#primaryimage\"},\"image\":{\"@id\":\"https:\\\/\\\/ser.cw\\\/pap\\\/2018\\\/04\\\/10\\\/delegashonnan-tekniko-di-konsehonan-sosial-ekonomiko-ser-di-korsou-i-sint-maarten-ta-kompromete-nan-mes-pa-fortifika-kolaborashon-institushonal\\\/#primaryimage\"},\"thumbnailUrl\":\"https:\\\/\\\/ser.cw\\\/wp-content\\\/uploads\\\/sites\\\/280\\\/2018\\\/04\\\/WhatsApp-Image-2018-04-09-at-14.20.34-1.jpeg\",\"datePublished\":\"2018-04-10T20:08:59+00:00\",\"dateModified\":\"2022-09-21T12:52:24+00:00\",\"author\":{\"@id\":\"https:\\\/\\\/ser.cw\\\/#\\\/schema\\\/person\\\/89cf822c61b4b025468e7bf5f61e7e7c\"},\"breadcrumb\":{\"@id\":\"https:\\\/\\\/ser.cw\\\/pap\\\/2018\\\/04\\\/10\\\/delegashonnan-tekniko-di-konsehonan-sosial-ekonomiko-ser-di-korsou-i-sint-maarten-ta-kompromete-nan-mes-pa-fortifika-kolaborashon-institushonal\\\/#breadcrumb\"},\"inLanguage\":\"pap-CW\",\"potentialAction\":[{\"@type\":\"ReadAction\",\"target\":[\"https:\\\/\\\/ser.cw\\\/pap\\\/2018\\\/04\\\/10\\\/delegashonnan-tekniko-di-konsehonan-sosial-ekonomiko-ser-di-korsou-i-sint-maarten-ta-kompromete-nan-mes-pa-fortifika-kolaborashon-institushonal\\\/\"]}]},{\"@type\":\"ImageObject\",\"inLanguage\":\"pap-CW\",\"@id\":\"https:\\\/\\\/ser.cw\\\/pap\\\/2018\\\/04\\\/10\\\/delegashonnan-tekniko-di-konsehonan-sosial-ekonomiko-ser-di-korsou-i-sint-maarten-ta-kompromete-nan-mes-pa-fortifika-kolaborashon-institushonal\\\/#primaryimage\",\"url\":\"https:\\\/\\\/ser.cw\\\/wp-content\\\/uploads\\\/sites\\\/280\\\/2018\\\/04\\\/WhatsApp-Image-2018-04-09-at-14.20.34-1.jpeg\",\"contentUrl\":\"https:\\\/\\\/ser.cw\\\/wp-content\\\/uploads\\\/sites\\\/280\\\/2018\\\/04\\\/WhatsApp-Image-2018-04-09-at-14.20.34-1.jpeg\",\"width\":1200,\"height\":720},{\"@type\":\"BreadcrumbList\",\"@id\":\"https:\\\/\\\/ser.cw\\\/pap\\\/2018\\\/04\\\/10\\\/delegashonnan-tekniko-di-konsehonan-sosial-ekonomiko-ser-di-korsou-i-sint-maarten-ta-kompromete-nan-mes-pa-fortifika-kolaborashon-institushonal\\\/#breadcrumb\",\"itemListElement\":[{\"@type\":\"ListItem\",\"position\":1,\"name\":\"Home\",\"item\":\"https:\\\/\\\/ser.cw\\\/pap\\\/\"},{\"@type\":\"ListItem\",\"position\":2,\"name\":\"Delegashonnan t\u00e9kniko di Konsehonan Sosial-Ekon\u00f3miko (SER) di K\u00f2rsou i Sint Maarten ta kompromet\u00e9 nan mes pa fortifik\u00e1 kolaborashon institushonal\"}]},{\"@type\":\"WebSite\",\"@id\":\"https:\\\/\\\/ser.cw\\\/#website\",\"url\":\"https:\\\/\\\/ser.cw\\\/\",\"name\":\"Sociaal Economische Raad Cura\u00e7ao\",\"description\":\"adviesorgaan van de regering en het parlement van Cura\u00e7ao omtrent alle belangrijke onderwerpen van sociaal-economische aard\",\"potentialAction\":[{\"@type\":\"SearchAction\",\"target\":{\"@type\":\"EntryPoint\",\"urlTemplate\":\"https:\\\/\\\/ser.cw\\\/?s={search_term_string}\"},\"query-input\":{\"@type\":\"PropertyValueSpecification\",\"valueRequired\":true,\"valueName\":\"search_term_string\"}}],\"inLanguage\":\"pap-CW\"},{\"@type\":\"Person\",\"@id\":\"https:\\\/\\\/ser.cw\\\/#\\\/schema\\\/person\\\/89cf822c61b4b025468e7bf5f61e7e7c\",\"name\":\"Sandra Raphaela\",\"image\":{\"@type\":\"ImageObject\",\"inLanguage\":\"pap-CW\",\"@id\":\"https:\\\/\\\/ser.cw\\\/wp-content\\\/wphb-cache\\\/gravatar\\\/9b4\\\/9b44e5d3afdbce6cf4839235416da6b9x96.jpg\",\"url\":\"https:\\\/\\\/ser.cw\\\/wp-content\\\/wphb-cache\\\/gravatar\\\/9b4\\\/9b44e5d3afdbce6cf4839235416da6b9x96.jpg\",\"contentUrl\":\"https:\\\/\\\/ser.cw\\\/wp-content\\\/wphb-cache\\\/gravatar\\\/9b4\\\/9b44e5d3afdbce6cf4839235416da6b9x96.jpg\",\"caption\":\"Sandra Raphaela\"},\"url\":\"https:\\\/\\\/ser.cw\\\/pap\\\/author\\\/sandra\\\/\"}]}<\/script>\n<!-- \/ Yoast SEO plugin. -->","yoast_head_json":{"title":"Delegashonnan t\u00e9kniko di Konsehonan Sosial-Ekon\u00f3miko (SER) di K\u00f2rsou i Sint Maarten ta kompromet\u00e9 nan mes pa fortifik\u00e1 kolaborashon institushonal - Sociaal Economische Raad Cura\u00e7ao","robots":{"index":"index","follow":"follow","max-snippet":"max-snippet:-1","max-image-preview":"max-image-preview:large","max-video-preview":"max-video-preview:-1"},"canonical":"https:\/\/ser.cw\/pap\/2018\/04\/10\/delegashonnan-tekniko-di-konsehonan-sosial-ekonomiko-ser-di-korsou-i-sint-maarten-ta-kompromete-nan-mes-pa-fortifika-kolaborashon-institushonal\/","og_locale":"en_US","og_type":"article","og_title":"Delegashonnan t\u00e9kniko di Konsehonan Sosial-Ekon\u00f3miko (SER) di K\u00f2rsou i Sint Maarten ta kompromet\u00e9 nan mes pa fortifik\u00e1 kolaborashon institushonal - Sociaal Economische Raad Cura\u00e7ao","og_description":"Intensifikashon di lasonan di kolaborashon riba nivel institushonal i pa kohuntamente organis\u00e1 charlanan, simposia i tayernan riba temanan sosial-ekon\u00f3miko ku pa e paisnan di Karibe den Reino ta aktual i relevante.","og_url":"https:\/\/ser.cw\/pap\/2018\/04\/10\/delegashonnan-tekniko-di-konsehonan-sosial-ekonomiko-ser-di-korsou-i-sint-maarten-ta-kompromete-nan-mes-pa-fortifika-kolaborashon-institushonal\/","og_site_name":"Sociaal Economische Raad Cura\u00e7ao","article_published_time":"2018-04-10T20:08:59+00:00","article_modified_time":"2022-09-21T12:52:24+00:00","og_image":[{"width":1200,"height":720,"url":"https:\/\/ser.cw\/wp-content\/uploads\/sites\/280\/2018\/04\/WhatsApp-Image-2018-04-09-at-14.20.34-1.jpeg","type":"image\/jpeg"}],"author":"Sandra Raphaela","twitter_card":"summary_large_image","twitter_misc":{"Written by":"Sandra Raphaela","Est. reading time":"5 minutes"},"schema":{"@context":"https:\/\/schema.org","@graph":[{"@type":"Article","@id":"https:\/\/ser.cw\/pap\/2018\/04\/10\/delegashonnan-tekniko-di-konsehonan-sosial-ekonomiko-ser-di-korsou-i-sint-maarten-ta-kompromete-nan-mes-pa-fortifika-kolaborashon-institushonal\/#article","isPartOf":{"@id":"https:\/\/ser.cw\/pap\/2018\/04\/10\/delegashonnan-tekniko-di-konsehonan-sosial-ekonomiko-ser-di-korsou-i-sint-maarten-ta-kompromete-nan-mes-pa-fortifika-kolaborashon-institushonal\/"},"author":{"name":"Sandra Raphaela","@id":"https:\/\/ser.cw\/#\/schema\/person\/89cf822c61b4b025468e7bf5f61e7e7c"},"headline":"Delegashonnan t\u00e9kniko di Konsehonan Sosial-Ekon\u00f3miko (SER) di K\u00f2rsou i Sint Maarten ta kompromet\u00e9 nan mes pa fortifik\u00e1 kolaborashon institushonal","datePublished":"2018-04-10T20:08:59+00:00","dateModified":"2022-09-21T12:52:24+00:00","mainEntityOfPage":{"@id":"https:\/\/ser.cw\/pap\/2018\/04\/10\/delegashonnan-tekniko-di-konsehonan-sosial-ekonomiko-ser-di-korsou-i-sint-maarten-ta-kompromete-nan-mes-pa-fortifika-kolaborashon-institushonal\/"},"wordCount":1070,"image":{"@id":"https:\/\/ser.cw\/pap\/2018\/04\/10\/delegashonnan-tekniko-di-konsehonan-sosial-ekonomiko-ser-di-korsou-i-sint-maarten-ta-kompromete-nan-mes-pa-fortifika-kolaborashon-institushonal\/#primaryimage"},"thumbnailUrl":"https:\/\/ser.cw\/wp-content\/uploads\/sites\/280\/2018\/04\/WhatsApp-Image-2018-04-09-at-14.20.34-1.jpeg","inLanguage":"pap-CW"},{"@type":"WebPage","@id":"https:\/\/ser.cw\/pap\/2018\/04\/10\/delegashonnan-tekniko-di-konsehonan-sosial-ekonomiko-ser-di-korsou-i-sint-maarten-ta-kompromete-nan-mes-pa-fortifika-kolaborashon-institushonal\/","url":"https:\/\/ser.cw\/pap\/2018\/04\/10\/delegashonnan-tekniko-di-konsehonan-sosial-ekonomiko-ser-di-korsou-i-sint-maarten-ta-kompromete-nan-mes-pa-fortifika-kolaborashon-institushonal\/","name":"Delegashonnan t\u00e9kniko di Konsehonan Sosial-Ekon\u00f3miko (SER) di K\u00f2rsou i Sint Maarten ta kompromet\u00e9 nan mes pa fortifik\u00e1 kolaborashon institushonal - Sociaal Economische Raad Cura\u00e7ao","isPartOf":{"@id":"https:\/\/ser.cw\/#website"},"primaryImageOfPage":{"@id":"https:\/\/ser.cw\/pap\/2018\/04\/10\/delegashonnan-tekniko-di-konsehonan-sosial-ekonomiko-ser-di-korsou-i-sint-maarten-ta-kompromete-nan-mes-pa-fortifika-kolaborashon-institushonal\/#primaryimage"},"image":{"@id":"https:\/\/ser.cw\/pap\/2018\/04\/10\/delegashonnan-tekniko-di-konsehonan-sosial-ekonomiko-ser-di-korsou-i-sint-maarten-ta-kompromete-nan-mes-pa-fortifika-kolaborashon-institushonal\/#primaryimage"},"thumbnailUrl":"https:\/\/ser.cw\/wp-content\/uploads\/sites\/280\/2018\/04\/WhatsApp-Image-2018-04-09-at-14.20.34-1.jpeg","datePublished":"2018-04-10T20:08:59+00:00","dateModified":"2022-09-21T12:52:24+00:00","author":{"@id":"https:\/\/ser.cw\/#\/schema\/person\/89cf822c61b4b025468e7bf5f61e7e7c"},"breadcrumb":{"@id":"https:\/\/ser.cw\/pap\/2018\/04\/10\/delegashonnan-tekniko-di-konsehonan-sosial-ekonomiko-ser-di-korsou-i-sint-maarten-ta-kompromete-nan-mes-pa-fortifika-kolaborashon-institushonal\/#breadcrumb"},"inLanguage":"pap-CW","potentialAction":[{"@type":"ReadAction","target":["https:\/\/ser.cw\/pap\/2018\/04\/10\/delegashonnan-tekniko-di-konsehonan-sosial-ekonomiko-ser-di-korsou-i-sint-maarten-ta-kompromete-nan-mes-pa-fortifika-kolaborashon-institushonal\/"]}]},{"@type":"ImageObject","inLanguage":"pap-CW","@id":"https:\/\/ser.cw\/pap\/2018\/04\/10\/delegashonnan-tekniko-di-konsehonan-sosial-ekonomiko-ser-di-korsou-i-sint-maarten-ta-kompromete-nan-mes-pa-fortifika-kolaborashon-institushonal\/#primaryimage","url":"https:\/\/ser.cw\/wp-content\/uploads\/sites\/280\/2018\/04\/WhatsApp-Image-2018-04-09-at-14.20.34-1.jpeg","contentUrl":"https:\/\/ser.cw\/wp-content\/uploads\/sites\/280\/2018\/04\/WhatsApp-Image-2018-04-09-at-14.20.34-1.jpeg","width":1200,"height":720},{"@type":"BreadcrumbList","@id":"https:\/\/ser.cw\/pap\/2018\/04\/10\/delegashonnan-tekniko-di-konsehonan-sosial-ekonomiko-ser-di-korsou-i-sint-maarten-ta-kompromete-nan-mes-pa-fortifika-kolaborashon-institushonal\/#breadcrumb","itemListElement":[{"@type":"ListItem","position":1,"name":"Home","item":"https:\/\/ser.cw\/pap\/"},{"@type":"ListItem","position":2,"name":"Delegashonnan t\u00e9kniko di Konsehonan Sosial-Ekon\u00f3miko (SER) di K\u00f2rsou i Sint Maarten ta kompromet\u00e9 nan mes pa fortifik\u00e1 kolaborashon institushonal"}]},{"@type":"WebSite","@id":"https:\/\/ser.cw\/#website","url":"https:\/\/ser.cw\/","name":"Sociaal Economische Raad Cura\u00e7ao","description":"adviesorgaan van de regering en het parlement van Cura\u00e7ao omtrent alle belangrijke onderwerpen van sociaal-economische aard","potentialAction":[{"@type":"SearchAction","target":{"@type":"EntryPoint","urlTemplate":"https:\/\/ser.cw\/?s={search_term_string}"},"query-input":{"@type":"PropertyValueSpecification","valueRequired":true,"valueName":"search_term_string"}}],"inLanguage":"pap-CW"},{"@type":"Person","@id":"https:\/\/ser.cw\/#\/schema\/person\/89cf822c61b4b025468e7bf5f61e7e7c","name":"Sandra Raphaela","image":{"@type":"ImageObject","inLanguage":"pap-CW","@id":"https:\/\/ser.cw\/wp-content\/wphb-cache\/gravatar\/9b4\/9b44e5d3afdbce6cf4839235416da6b9x96.jpg","url":"https:\/\/ser.cw\/wp-content\/wphb-cache\/gravatar\/9b4\/9b44e5d3afdbce6cf4839235416da6b9x96.jpg","contentUrl":"https:\/\/ser.cw\/wp-content\/wphb-cache\/gravatar\/9b4\/9b44e5d3afdbce6cf4839235416da6b9x96.jpg","caption":"Sandra Raphaela"},"url":"https:\/\/ser.cw\/pap\/author\/sandra\/"}]}},"_links":{"self":[{"href":"https:\/\/ser.cw\/pap\/wp-json\/wp\/v2\/posts\/11192","targetHints":{"allow":["GET"]}}],"collection":[{"href":"https:\/\/ser.cw\/pap\/wp-json\/wp\/v2\/posts"}],"about":[{"href":"https:\/\/ser.cw\/pap\/wp-json\/wp\/v2\/types\/post"}],"author":[{"embeddable":true,"href":"https:\/\/ser.cw\/pap\/wp-json\/wp\/v2\/users\/109"}],"replies":[{"embeddable":true,"href":"https:\/\/ser.cw\/pap\/wp-json\/wp\/v2\/comments?post=11192"}],"version-history":[{"count":0,"href":"https:\/\/ser.cw\/pap\/wp-json\/wp\/v2\/posts\/11192\/revisions"}],"wp:featuredmedia":[{"embeddable":true,"href":"https:\/\/ser.cw\/pap\/wp-json\/wp\/v2\/media\/11193"}],"wp:attachment":[{"href":"https:\/\/ser.cw\/pap\/wp-json\/wp\/v2\/media?parent=11192"}],"wp:term":[{"taxonomy":"category","embeddable":true,"href":"https:\/\/ser.cw\/pap\/wp-json\/wp\/v2\/categories?post=11192"},{"taxonomy":"post_tag","embeddable":true,"href":"https:\/\/ser.cw\/pap\/wp-json\/wp\/v2\/tags?post=11192"}],"curies":[{"name":"wp","href":"https:\/\/api.w.org\/{rel}","templated":true}]}}