{"id":39370,"date":"2026-09-01T11:32:09","date_gmt":"2026-09-01T15:32:09","guid":{"rendered":"https:\/\/ser.cw\/?p=39370"},"modified":"2026-09-01T11:46:49","modified_gmt":"2026-09-01T15:46:49","slug":"el-ser-de-curazao-recibe-una-explicacion-sobre-la-revision-de-koraal-tabak","status":"publish","type":"post","link":"https:\/\/ser.cw\/es\/2026\/09\/01\/el-ser-de-curazao-recibe-una-explicacion-sobre-la-revision-de-koraal-tabak\/","title":{"rendered":"El SER de Curazao recibe una explicaci\u00f3n sobre la revisi\u00f3n de Koraal Tabak"},"content":{"rendered":"<p>[et_pb_section fb_built=\u00bb1&#8243; fullwidth=\u00bbon\u00bb _builder_version=\u00bb4.16&#8243; global_colors_info=\u00bb{}\u00bb][et_pb_fullwidth_slider _builder_version=\u00bb4.16&#8243; custom_padding=\u00bb|||\u00bb saved_tabs=\u00bball\u00bb global_colors_info=\u00bb{}\u00bb button_text_size__hover_enabled=\u00bboff\u00bb button_text_size__hover=\u00bbnull\u00bb button_one_text_size__hover_enabled=\u00bboff\u00bb button_one_text_size__hover=\u00bbnull\u00bb button_two_text_size__hover_enabled=\u00bboff\u00bb button_two_text_size__hover=\u00bbnull\u00bb button_text_color__hover_enabled=\u00bboff\u00bb button_text_color__hover=\u00bbnull\u00bb button_one_text_color__hover_enabled=\u00bboff\u00bb button_one_text_color__hover=\u00bbnull\u00bb button_two_text_color__hover_enabled=\u00bboff\u00bb button_two_text_color__hover=\u00bbnull\u00bb button_border_width__hover_enabled=\u00bboff\u00bb button_border_width__hover=\u00bbnull\u00bb button_one_border_width__hover_enabled=\u00bboff\u00bb button_one_border_width__hover=\u00bbnull\u00bb button_two_border_width__hover_enabled=\u00bboff\u00bb button_two_border_width__hover=\u00bbnull\u00bb button_border_color__hover_enabled=\u00bboff\u00bb button_border_color__hover=\u00bbnull\u00bb button_one_border_color__hover_enabled=\u00bboff\u00bb button_one_border_color__hover=\u00bbnull\u00bb button_two_border_color__hover_enabled=\u00bboff\u00bb button_two_border_color__hover=\u00bbnull\u00bb button_border_radius__hover_enabled=\u00bboff\u00bb button_border_radius__hover=\u00bbnull\u00bb button_one_border_radius__hover_enabled=\u00bboff\u00bb button_one_border_radius__hover=\u00bbnull\u00bb button_two_border_radius__hover_enabled=\u00bboff\u00bb button_two_border_radius__hover=\u00bbnull\u00bb button_letter_spacing__hover_enabled=\u00bboff\u00bb button_letter_spacing__hover=\u00bbnull\u00bb button_one_letter_spacing__hover_enabled=\u00bboff\u00bb button_one_letter_spacing__hover=\u00bbnull\u00bb button_two_letter_spacing__hover_enabled=\u00bboff\u00bb button_two_letter_spacing__hover=\u00bbnull\u00bb button_bg_color__hover_enabled=\u00bboff\u00bb button_bg_color__hover=\u00bbnull\u00bb button_one_bg_color__hover_enabled=\u00bboff\u00bb button_one_bg_color__hover=\u00bbnull\u00bb button_two_bg_color__hover_enabled=\u00bboff\u00bb button_two_bg_color__hover=\u00bbnull\u00bb][et_pb_slide use_bg_overlay=\u00bboff\u00bb use_text_overlay=\u00bboff\u00bb admin_title=\u00bbweb\u00bb _builder_version=\u00bb4.16&#8243; header_font=\u00bb||||\u00bb body_font=\u00bb||||\u00bb background_color=\u00bb#ffffff\u00bb background_image=\u00bbhttps:\/\/ser.cw\/wp-content\/uploads\/sites\/280\/2017\/09\/Website-SER-Banner-voorstel-16-verbonden-1.jpg\u00bb button_on_hover=\u00bbon\u00bb global_colors_info=\u00bb{}\u00bb button_text_size__hover_enabled=\u00bboff\u00bb button_one_text_size__hover_enabled=\u00bboff\u00bb button_two_text_size__hover_enabled=\u00bboff\u00bb button_text_color__hover_enabled=\u00bboff\u00bb button_one_text_color__hover_enabled=\u00bboff\u00bb button_two_text_color__hover_enabled=\u00bboff\u00bb button_border_width__hover_enabled=\u00bboff\u00bb button_one_border_width__hover_enabled=\u00bboff\u00bb button_two_border_width__hover_enabled=\u00bboff\u00bb button_border_color__hover_enabled=\u00bboff\u00bb button_one_border_color__hover_enabled=\u00bboff\u00bb button_two_border_color__hover_enabled=\u00bboff\u00bb button_border_radius__hover_enabled=\u00bboff\u00bb button_one_border_radius__hover_enabled=\u00bboff\u00bb button_two_border_radius__hover_enabled=\u00bboff\u00bb button_letter_spacing__hover_enabled=\u00bboff\u00bb button_one_letter_spacing__hover_enabled=\u00bboff\u00bb button_two_letter_spacing__hover_enabled=\u00bboff\u00bb button_bg_color__hover_enabled=\u00bboff\u00bb button_one_bg_color__hover_enabled=\u00bboff\u00bb button_two_bg_color__hover_enabled=\u00bboff\u00bb sticky_transition=\u00bbon\u00bb][\/et_pb_slide][\/et_pb_fullwidth_slider][\/et_pb_section][et_pb_section fb_built=\u00bb1&#8243; module_class=\u00bbpersbericht-titel\u00bb _builder_version=\u00bb4.16&#8243; background_color=\u00bbrgba(255,255,255,0)\u00bb custom_padding=\u00bb0px|0px|0px|0px\u00bb transparent_background=\u00bbon\u00bb global_colors_info=\u00bb{}\u00bb][et_pb_row column_structure=\u00bb2_3,1_3&#8243; use_custom_gutter=\u00bbon\u00bb gutter_width=\u00bb1&#8243; _builder_version=\u00bb4.16&#8243; max_width=\u00bb1200px\u00bb global_colors_info=\u00bb{}\u00bb][et_pb_column type=\u00bb2_3&#8243; _builder_version=\u00bb4.16&#8243; custom_padding=\u00bb|||\u00bb global_colors_info=\u00bb{}\u00bb custom_padding__hover=\u00bb|||\u00bb][et_pb_text admin_label=\u00bbNiet aanpassen\u00bb _builder_version=\u00bb4.27.4&#8243; background_color=\u00bbrgba(255,255,255,0.68)\u00bb custom_padding=\u00bb15px|30px|3px|30px\u00bb border_style=\u00bbsolid\u00bb global_colors_info=\u00bb{}\u00bb][\/et_pb_text][\/et_pb_column][et_pb_column type=\u00bb1_3&#8243; _builder_version=\u00bb4.16&#8243; custom_padding=\u00bb|||\u00bb global_colors_info=\u00bb{}\u00bb custom_padding__hover=\u00bb|||\u00bb][\/et_pb_column][\/et_pb_row][\/et_pb_section][et_pb_section fb_built=\u00bb1&#8243; _builder_version=\u00bb4.16&#8243; background_color=\u00bb#d1f0ff\u00bb custom_padding=\u00bb0px|0px|0px|0px\u00bb global_colors_info=\u00bb{}\u00bb][et_pb_row column_structure=\u00bb2_3,1_3&#8243; use_custom_gutter=\u00bbon\u00bb gutter_width=\u00bb1&#8243; make_equal=\u00bbon\u00bb _builder_version=\u00bb4.16&#8243; max_width=\u00bb1200px\u00bb global_colors_info=\u00bb{}\u00bb][et_pb_column type=\u00bb2_3&#8243; _builder_version=\u00bb4.16&#8243; background_color=\u00bb#fcfeff\u00bb custom_padding=\u00bb30px|30px|30px|30px\u00bb global_colors_info=\u00bb{}\u00bb custom_padding__hover=\u00bb|||\u00bb][et_pb_text _builder_version=\u00bb4.27.4&#8243; z_index_tablet=\u00bb500&#8243; text_text_shadow_horizontal_length_tablet=\u00bb0px\u00bb text_text_shadow_vertical_length_tablet=\u00bb0px\u00bb text_text_shadow_blur_strength_tablet=\u00bb1px\u00bb link_text_shadow_horizontal_length_tablet=\u00bb0px\u00bb link_text_shadow_vertical_length_tablet=\u00bb0px\u00bb link_text_shadow_blur_strength_tablet=\u00bb1px\u00bb ul_text_shadow_horizontal_length_tablet=\u00bb0px\u00bb ul_text_shadow_vertical_length_tablet=\u00bb0px\u00bb ul_text_shadow_blur_strength_tablet=\u00bb1px\u00bb ol_text_shadow_horizontal_length_tablet=\u00bb0px\u00bb ol_text_shadow_vertical_length_tablet=\u00bb0px\u00bb ol_text_shadow_blur_strength_tablet=\u00bb1px\u00bb quote_text_shadow_horizontal_length_tablet=\u00bb0px\u00bb quote_text_shadow_vertical_length_tablet=\u00bb0px\u00bb quote_text_shadow_blur_strength_tablet=\u00bb1px\u00bb header_text_shadow_horizontal_length_tablet=\u00bb0px\u00bb header_text_shadow_vertical_length_tablet=\u00bb0px\u00bb header_text_shadow_blur_strength_tablet=\u00bb1px\u00bb header_2_text_shadow_horizontal_length_tablet=\u00bb0px\u00bb header_2_text_shadow_vertical_length_tablet=\u00bb0px\u00bb header_2_text_shadow_blur_strength_tablet=\u00bb1px\u00bb header_3_text_shadow_horizontal_length_tablet=\u00bb0px\u00bb header_3_text_shadow_vertical_length_tablet=\u00bb0px\u00bb header_3_text_shadow_blur_strength_tablet=\u00bb1px\u00bb header_4_text_shadow_horizontal_length_tablet=\u00bb0px\u00bb header_4_text_shadow_vertical_length_tablet=\u00bb0px\u00bb header_4_text_shadow_blur_strength_tablet=\u00bb1px\u00bb header_5_text_shadow_horizontal_length_tablet=\u00bb0px\u00bb header_5_text_shadow_vertical_length_tablet=\u00bb0px\u00bb header_5_text_shadow_blur_strength_tablet=\u00bb1px\u00bb header_6_text_shadow_horizontal_length_tablet=\u00bb0px\u00bb header_6_text_shadow_vertical_length_tablet=\u00bb0px\u00bb header_6_text_shadow_blur_strength_tablet=\u00bb1px\u00bb box_shadow_horizontal_tablet=\u00bb0px\u00bb box_shadow_vertical_tablet=\u00bb0px\u00bb box_shadow_blur_tablet=\u00bb40px\u00bb box_shadow_spread_tablet=\u00bb0px\u00bb global_colors_info=\u00bb{}\u00bb]<\/p>\n<h1><span style=\"color: #0000ff\">El SER de Curazao recibe una explicaci\u00f3n sobre la revisi\u00f3n de Koraal Tabak<\/span><\/h1>\n<h1><\/h1>\n<h2><\/h2>\n<p>Willemstad, 31 de agosto de 2026 \u2013 Durante su reuni\u00f3n preparatoria del viernes 28 de agosto, el Consejo Econ\u00f3mico y Social (SER) de Curazao recibi\u00f3 una explicaci\u00f3n acerca del proyecto de Ordenanza Nacional para revisar las normas de zonificaci\u00f3n de Koraal Tabak. La exposici\u00f3n corri\u00f3 a cargo de expertos de la administraci\u00f3n designados a tal efecto por el ministro Charles Cooper de Tr\u00e1fico, Transporte y Planificaci\u00f3n Urbano (VVRP).<\/p>\n<p>El proyecto contempla una revisi\u00f3n parcial del Plan de Desarrollo Insular (EOP) aplicable a aproximadamente 218 hect\u00e1reas de Koraal Tabak. Su finalidad es reclasificar parcialmente el suelo actualmente designado como \u2018Suelo abierto\u2019 en, entre otras categor\u00edas, \u2018Zona residencial urbana\u2019, \u2018Zona tur\u00edstica\u2019, \u2018Zona de parque\u2019 y \u2018V\u00edas principales\u2019. Con ello se pretende crear un marco de ordenaci\u00f3n para el desarrollo de la zona. La exposici\u00f3n de motivos que acompa\u00f1a al proyecto prev\u00e9 un desarrollo por fases con unas 2.800 viviendas, 500 unidades tur\u00edsticas y diversas dotaciones sociales, recreativas y comerciales.<\/p>\n<p>El intercambio permiti\u00f3 al SER de Curazao plantear preguntas adicionales sobre, entre otras cuestiones, la necesidad de vivienda, los efectos socioecon\u00f3micos, los costes p\u00fablicos, las infraestructuras, la protecci\u00f3n de la naturaleza y el paisaje y la viabilidad del plan. Sobre la base de la explicaci\u00f3n recibida y del expediente disponible, el SER de Curazao continuar\u00e1 preparando su dictamen socioecon\u00f3mico. La valoraci\u00f3n definitiva del Consejo se recoger\u00e1 en dicho dictamen.[\/et_pb_text][et_pb_text admin_label=\u00bbAdd to any &#8211; niet aanpassen\u00bb _builder_version=\u00bb4.16&#8243; border_style=\u00bbsolid\u00bb saved_tabs=\u00bball\u00bb global_colors_info=\u00bb{}\u00bb]<\/p>\n<pre><code><div class=\"addtoany_shortcode\"><div class=\"a2a_kit a2a_kit_size_24 addtoany_list\" data-a2a-url=\"https:\/\/ser.cw\/es\/2026\/09\/01\/el-ser-de-curazao-recibe-una-explicacion-sobre-la-revision-de-koraal-tabak\/\" data-a2a-title=\"El SER de Curazao recibe una explicaci\u00f3n sobre la revisi\u00f3n de Koraal Tabak\"><a class=\"a2a_dd addtoany_share_save addtoany_share\" href=\"https:\/\/www.addtoany.com\/share\"><img decoding=\"async\" src=\"https:\/\/ser.cw\/wp-content\/uploads\/sites\/280\/2017\/12\/share.png\" alt=\"Share\"><\/a><\/div><\/div><\/code><\/pre>\n<p>[\/et_pb_text][et_pb_post_nav in_same_term=\u00bbon\u00bb admin_label=\u00bbPost Navigation &#8211; niet aanpassen\u00bb _builder_version=\u00bb4.16&#8243; border_style=\u00bbsolid\u00bb hide_prev=\u00bboff\u00bb hide_next=\u00bboff\u00bb global_colors_info=\u00bb{}\u00bb][\/et_pb_post_nav][\/et_pb_column][et_pb_column type=\u00bb1_3&#8243; _builder_version=\u00bb4.16&#8243; background_color=\u00bb#f4fbff\u00bb custom_padding=\u00bb30px|30px|30px|30px\u00bb global_colors_info=\u00bb{}\u00bb custom_padding__hover=\u00bb|||\u00bb][et_pb_image src=\u00bbhttps:\/\/ser.cw\/wp-content\/uploads\/sites\/280\/2026\/09\/K.-Tabak7.jpeg\u00bb title_text=\u00bbK. Tabak7&#8243; _builder_version=\u00bb4.27.4&#8243; _module_preset=\u00bbdefault\u00bb hover_enabled=\u00bb0&#8243; global_colors_info=\u00bb{}\u00bb sticky_enabled=\u00bb0&#8243;][\/et_pb_image][et_pb_text _builder_version=\u00bb4.27.4&#8243; global_colors_info=\u00bb{}\u00bb][\/et_pb_text][et_pb_image title_text=\u00bbBZK-4&#8243; _builder_version=\u00bb4.27.4&#8243; _module_preset=\u00bbdefault\u00bb global_colors_info=\u00bb{}\u00bb][\/et_pb_image][\/et_pb_column][\/et_pb_row][\/et_pb_section]<\/p>\n","protected":false},"excerpt":{"rendered":"<p>Willemstad, 31 de agosto de 2026 \u2013 Durante su reuni\u00f3n preparatoria del viernes 28 de agosto, el Consejo Econ\u00f3mico y Social (SER) de Curazao recibi\u00f3 una explicaci\u00f3n acerca del proyecto de Ordenanza Nacional para revisar las normas de zonificaci\u00f3n de Koraal Tabak.<\/p>\n","protected":false},"author":109,"featured_media":39373,"comment_status":"closed","ping_status":"closed","sticky":false,"template":"","format":"standard","meta":{"_et_pb_use_builder":"on","_et_pb_old_content":"<h1><span style=\"color: #0000ff;\">SER-advies uit over initiatiefvoorstel tot herziening OZB-stelsel<\/span><\/h1><p>Willemstad, 15 juli 2025 \u2013 De Sociaal-Economische Raad (SER) heeft op vrijdag 11 juli jongstleden een advies uitgebracht over de initiatiefontwerplandsverordening tot wijziging van de Landsverordening inzake de belastingheffing van onroerende zaken (Landsverordening onroerendezaakbelasting 2014). Het advies werd uitgebracht op verzoek van de Staten van Cura\u00e7ao.<\/p><p>Het initiatiefvoorstel is afkomstig van de fractie van de MAN in de Staten, die zich hierbij beroept op het recht van initiatief zoals vastgelegd in artikel 77 van de Staatsregeling van Cura\u00e7ao (A.B. 2010, no. 86). Dit artikel verleent Statenleden de bevoegdheid om wetsvoorstellen zelfstandig in te dienen en aan de regering voor te dragen.<\/p><p>Met het ontwerp beogen de indieners een herziening van het huidige OZB-stelsel, onder meer door aanpassing van de tariefstructuur, verhoging van de vrijstellingsdrempel en vereenvoudiging van de administratieve verwerking van de belasting op onroerende zaken.<\/p><p>De Staten zullen het advies van de SER betrekken bij hun verdere beraadslaging over het initiatiefwetsvoorstel.<\/p>","_et_gb_content_width":"","_links_to":"","_links_to_type":0,"wds_primary_category":0,"footnotes":""},"categories":[453,403],"tags":[],"class_list":["post-39370","post","type-post","status-publish","format-standard","has-post-thumbnail","hentry","category-453","category-comunicado-de-prensa"],"yoast_head":"<!-- This site is optimized with the Yoast SEO plugin v28.4 - https:\/\/yoast.com\/product\/yoast-seo-wordpress\/ -->\n<title>El SER de Curazao recibe una explicaci\u00f3n sobre la revisi\u00f3n de Koraal Tabak - Sociaal Economische Raad Cura\u00e7ao<\/title>\n<meta name=\"robots\" content=\"index, follow, max-snippet:-1, max-image-preview:large, max-video-preview:-1\" \/>\n<link rel=\"canonical\" href=\"https:\/\/ser.cw\/es\/2026\/09\/01\/el-ser-de-curazao-recibe-una-explicacion-sobre-la-revision-de-koraal-tabak\/\" \/>\n<meta property=\"og:locale\" content=\"es_ES\" \/>\n<meta property=\"og:type\" content=\"article\" \/>\n<meta property=\"og:title\" content=\"El SER de Curazao recibe una explicaci\u00f3n sobre la revisi\u00f3n de Koraal Tabak - Sociaal Economische Raad Cura\u00e7ao\" \/>\n<meta property=\"og:description\" content=\"Willemstad, 31 de agosto de 2026 \u2013 Durante su reuni\u00f3n preparatoria del viernes 28 de agosto, el Consejo Econ\u00f3mico y Social (SER) de Curazao recibi\u00f3 una explicaci\u00f3n acerca del proyecto de Ordenanza Nacional para revisar las normas de zonificaci\u00f3n de Koraal Tabak.\" \/>\n<meta property=\"og:url\" content=\"https:\/\/ser.cw\/es\/2026\/09\/01\/el-ser-de-curazao-recibe-una-explicacion-sobre-la-revision-de-koraal-tabak\/\" \/>\n<meta property=\"og:site_name\" content=\"Sociaal Economische Raad Cura\u00e7ao\" \/>\n<meta property=\"article:published_time\" content=\"2026-09-01T15:32:09+00:00\" \/>\n<meta property=\"article:modified_time\" content=\"2026-09-01T15:46:49+00:00\" \/>\n<meta property=\"og:image\" content=\"https:\/\/ser.cw\/wp-content\/uploads\/sites\/280\/2026\/09\/K.-Tabak7.jpeg\" \/>\n\t<meta property=\"og:image:width\" content=\"1528\" \/>\n\t<meta property=\"og:image:height\" content=\"1528\" \/>\n\t<meta property=\"og:image:type\" content=\"image\/jpeg\" \/>\n<meta name=\"author\" content=\"Sandra Raphaela\" \/>\n<meta name=\"twitter:card\" content=\"summary_large_image\" \/>\n<meta name=\"twitter:label1\" content=\"Escrito por\" \/>\n\t<meta name=\"twitter:data1\" content=\"Sandra Raphaela\" \/>\n\t<meta name=\"twitter:label2\" content=\"Tiempo de lectura\" \/>\n\t<meta name=\"twitter:data2\" content=\"2 minutos\" \/>\n<script type=\"application\/ld+json\" class=\"yoast-schema-graph\">{\"@context\":\"https:\\\/\\\/schema.org\",\"@graph\":[{\"@type\":\"Article\",\"@id\":\"https:\\\/\\\/ser.cw\\\/es\\\/2026\\\/09\\\/01\\\/el-ser-de-curazao-recibe-una-explicacion-sobre-la-revision-de-koraal-tabak\\\/#article\",\"isPartOf\":{\"@id\":\"https:\\\/\\\/ser.cw\\\/es\\\/2026\\\/09\\\/01\\\/el-ser-de-curazao-recibe-una-explicacion-sobre-la-revision-de-koraal-tabak\\\/\"},\"author\":{\"name\":\"Sandra Raphaela\",\"@id\":\"https:\\\/\\\/ser.cw\\\/#\\\/schema\\\/person\\\/89cf822c61b4b025468e7bf5f61e7e7c\"},\"headline\":\"El SER de Curazao recibe una explicaci\u00f3n sobre la revisi\u00f3n de Koraal Tabak\",\"datePublished\":\"2026-09-01T15:32:09+00:00\",\"dateModified\":\"2026-09-01T15:46:49+00:00\",\"mainEntityOfPage\":{\"@id\":\"https:\\\/\\\/ser.cw\\\/es\\\/2026\\\/09\\\/01\\\/el-ser-de-curazao-recibe-una-explicacion-sobre-la-revision-de-koraal-tabak\\\/\"},\"wordCount\":1343,\"image\":{\"@id\":\"https:\\\/\\\/ser.cw\\\/es\\\/2026\\\/09\\\/01\\\/el-ser-de-curazao-recibe-una-explicacion-sobre-la-revision-de-koraal-tabak\\\/#primaryimage\"},\"thumbnailUrl\":\"https:\\\/\\\/ser.cw\\\/wp-content\\\/uploads\\\/sites\\\/280\\\/2026\\\/09\\\/K.-Tabak7.jpeg\",\"articleSection\":[\"2026\",\"Comunicado de prensa\"],\"inLanguage\":\"es\"},{\"@type\":\"WebPage\",\"@id\":\"https:\\\/\\\/ser.cw\\\/es\\\/2026\\\/09\\\/01\\\/el-ser-de-curazao-recibe-una-explicacion-sobre-la-revision-de-koraal-tabak\\\/\",\"url\":\"https:\\\/\\\/ser.cw\\\/es\\\/2026\\\/09\\\/01\\\/el-ser-de-curazao-recibe-una-explicacion-sobre-la-revision-de-koraal-tabak\\\/\",\"name\":\"El SER de Curazao recibe una explicaci\u00f3n sobre la revisi\u00f3n de Koraal Tabak - Sociaal Economische Raad Cura\u00e7ao\",\"isPartOf\":{\"@id\":\"https:\\\/\\\/ser.cw\\\/#website\"},\"primaryImageOfPage\":{\"@id\":\"https:\\\/\\\/ser.cw\\\/es\\\/2026\\\/09\\\/01\\\/el-ser-de-curazao-recibe-una-explicacion-sobre-la-revision-de-koraal-tabak\\\/#primaryimage\"},\"image\":{\"@id\":\"https:\\\/\\\/ser.cw\\\/es\\\/2026\\\/09\\\/01\\\/el-ser-de-curazao-recibe-una-explicacion-sobre-la-revision-de-koraal-tabak\\\/#primaryimage\"},\"thumbnailUrl\":\"https:\\\/\\\/ser.cw\\\/wp-content\\\/uploads\\\/sites\\\/280\\\/2026\\\/09\\\/K.-Tabak7.jpeg\",\"datePublished\":\"2026-09-01T15:32:09+00:00\",\"dateModified\":\"2026-09-01T15:46:49+00:00\",\"author\":{\"@id\":\"https:\\\/\\\/ser.cw\\\/#\\\/schema\\\/person\\\/89cf822c61b4b025468e7bf5f61e7e7c\"},\"breadcrumb\":{\"@id\":\"https:\\\/\\\/ser.cw\\\/es\\\/2026\\\/09\\\/01\\\/el-ser-de-curazao-recibe-una-explicacion-sobre-la-revision-de-koraal-tabak\\\/#breadcrumb\"},\"inLanguage\":\"es\",\"potentialAction\":[{\"@type\":\"ReadAction\",\"target\":[\"https:\\\/\\\/ser.cw\\\/es\\\/2026\\\/09\\\/01\\\/el-ser-de-curazao-recibe-una-explicacion-sobre-la-revision-de-koraal-tabak\\\/\"]}]},{\"@type\":\"ImageObject\",\"inLanguage\":\"es\",\"@id\":\"https:\\\/\\\/ser.cw\\\/es\\\/2026\\\/09\\\/01\\\/el-ser-de-curazao-recibe-una-explicacion-sobre-la-revision-de-koraal-tabak\\\/#primaryimage\",\"url\":\"https:\\\/\\\/ser.cw\\\/wp-content\\\/uploads\\\/sites\\\/280\\\/2026\\\/09\\\/K.-Tabak7.jpeg\",\"contentUrl\":\"https:\\\/\\\/ser.cw\\\/wp-content\\\/uploads\\\/sites\\\/280\\\/2026\\\/09\\\/K.-Tabak7.jpeg\",\"width\":1528,\"height\":1528},{\"@type\":\"BreadcrumbList\",\"@id\":\"https:\\\/\\\/ser.cw\\\/es\\\/2026\\\/09\\\/01\\\/el-ser-de-curazao-recibe-una-explicacion-sobre-la-revision-de-koraal-tabak\\\/#breadcrumb\",\"itemListElement\":[{\"@type\":\"ListItem\",\"position\":1,\"name\":\"Home\",\"item\":\"https:\\\/\\\/ser.cw\\\/es\\\/\"},{\"@type\":\"ListItem\",\"position\":2,\"name\":\"El SER de Curazao recibe una explicaci\u00f3n sobre la revisi\u00f3n de Koraal Tabak\"}]},{\"@type\":\"WebSite\",\"@id\":\"https:\\\/\\\/ser.cw\\\/#website\",\"url\":\"https:\\\/\\\/ser.cw\\\/\",\"name\":\"Sociaal Economische Raad Cura\u00e7ao\",\"description\":\"adviesorgaan van de regering en het parlement van Cura\u00e7ao omtrent alle belangrijke onderwerpen van sociaal-economische aard\",\"potentialAction\":[{\"@type\":\"SearchAction\",\"target\":{\"@type\":\"EntryPoint\",\"urlTemplate\":\"https:\\\/\\\/ser.cw\\\/?s={search_term_string}\"},\"query-input\":{\"@type\":\"PropertyValueSpecification\",\"valueRequired\":true,\"valueName\":\"search_term_string\"}}],\"inLanguage\":\"es\"},{\"@type\":\"Person\",\"@id\":\"https:\\\/\\\/ser.cw\\\/#\\\/schema\\\/person\\\/89cf822c61b4b025468e7bf5f61e7e7c\",\"name\":\"Sandra Raphaela\",\"image\":{\"@type\":\"ImageObject\",\"inLanguage\":\"es\",\"@id\":\"https:\\\/\\\/ser.cw\\\/wp-content\\\/wphb-cache\\\/gravatar\\\/9b4\\\/9b44e5d3afdbce6cf4839235416da6b9x96.jpg\",\"url\":\"https:\\\/\\\/ser.cw\\\/wp-content\\\/wphb-cache\\\/gravatar\\\/9b4\\\/9b44e5d3afdbce6cf4839235416da6b9x96.jpg\",\"contentUrl\":\"https:\\\/\\\/ser.cw\\\/wp-content\\\/wphb-cache\\\/gravatar\\\/9b4\\\/9b44e5d3afdbce6cf4839235416da6b9x96.jpg\",\"caption\":\"Sandra Raphaela\"},\"url\":\"https:\\\/\\\/ser.cw\\\/es\\\/author\\\/sandra\\\/\"}]}<\/script>\n<!-- \/ Yoast SEO plugin. -->","yoast_head_json":{"title":"El SER de Curazao recibe una explicaci\u00f3n sobre la revisi\u00f3n de Koraal Tabak - Sociaal Economische Raad Cura\u00e7ao","robots":{"index":"index","follow":"follow","max-snippet":"max-snippet:-1","max-image-preview":"max-image-preview:large","max-video-preview":"max-video-preview:-1"},"canonical":"https:\/\/ser.cw\/es\/2026\/09\/01\/el-ser-de-curazao-recibe-una-explicacion-sobre-la-revision-de-koraal-tabak\/","og_locale":"es_ES","og_type":"article","og_title":"El SER de Curazao recibe una explicaci\u00f3n sobre la revisi\u00f3n de Koraal Tabak - Sociaal Economische Raad Cura\u00e7ao","og_description":"Willemstad, 31 de agosto de 2026 \u2013 Durante su reuni\u00f3n preparatoria del viernes 28 de agosto, el Consejo Econ\u00f3mico y Social (SER) de Curazao recibi\u00f3 una explicaci\u00f3n acerca del proyecto de Ordenanza Nacional para revisar las normas de zonificaci\u00f3n de Koraal Tabak.","og_url":"https:\/\/ser.cw\/es\/2026\/09\/01\/el-ser-de-curazao-recibe-una-explicacion-sobre-la-revision-de-koraal-tabak\/","og_site_name":"Sociaal Economische Raad Cura\u00e7ao","article_published_time":"2026-09-01T15:32:09+00:00","article_modified_time":"2026-09-01T15:46:49+00:00","og_image":[{"width":1528,"height":1528,"url":"https:\/\/ser.cw\/wp-content\/uploads\/sites\/280\/2026\/09\/K.-Tabak7.jpeg","type":"image\/jpeg"}],"author":"Sandra Raphaela","twitter_card":"summary_large_image","twitter_misc":{"Escrito por":"Sandra Raphaela","Tiempo de lectura":"2 minutos"},"schema":{"@context":"https:\/\/schema.org","@graph":[{"@type":"Article","@id":"https:\/\/ser.cw\/es\/2026\/09\/01\/el-ser-de-curazao-recibe-una-explicacion-sobre-la-revision-de-koraal-tabak\/#article","isPartOf":{"@id":"https:\/\/ser.cw\/es\/2026\/09\/01\/el-ser-de-curazao-recibe-una-explicacion-sobre-la-revision-de-koraal-tabak\/"},"author":{"name":"Sandra Raphaela","@id":"https:\/\/ser.cw\/#\/schema\/person\/89cf822c61b4b025468e7bf5f61e7e7c"},"headline":"El SER de Curazao recibe una explicaci\u00f3n sobre la revisi\u00f3n de Koraal Tabak","datePublished":"2026-09-01T15:32:09+00:00","dateModified":"2026-09-01T15:46:49+00:00","mainEntityOfPage":{"@id":"https:\/\/ser.cw\/es\/2026\/09\/01\/el-ser-de-curazao-recibe-una-explicacion-sobre-la-revision-de-koraal-tabak\/"},"wordCount":1343,"image":{"@id":"https:\/\/ser.cw\/es\/2026\/09\/01\/el-ser-de-curazao-recibe-una-explicacion-sobre-la-revision-de-koraal-tabak\/#primaryimage"},"thumbnailUrl":"https:\/\/ser.cw\/wp-content\/uploads\/sites\/280\/2026\/09\/K.-Tabak7.jpeg","articleSection":["2026","Comunicado de prensa"],"inLanguage":"es"},{"@type":"WebPage","@id":"https:\/\/ser.cw\/es\/2026\/09\/01\/el-ser-de-curazao-recibe-una-explicacion-sobre-la-revision-de-koraal-tabak\/","url":"https:\/\/ser.cw\/es\/2026\/09\/01\/el-ser-de-curazao-recibe-una-explicacion-sobre-la-revision-de-koraal-tabak\/","name":"El SER de Curazao recibe una explicaci\u00f3n sobre la revisi\u00f3n de Koraal Tabak - Sociaal Economische Raad Cura\u00e7ao","isPartOf":{"@id":"https:\/\/ser.cw\/#website"},"primaryImageOfPage":{"@id":"https:\/\/ser.cw\/es\/2026\/09\/01\/el-ser-de-curazao-recibe-una-explicacion-sobre-la-revision-de-koraal-tabak\/#primaryimage"},"image":{"@id":"https:\/\/ser.cw\/es\/2026\/09\/01\/el-ser-de-curazao-recibe-una-explicacion-sobre-la-revision-de-koraal-tabak\/#primaryimage"},"thumbnailUrl":"https:\/\/ser.cw\/wp-content\/uploads\/sites\/280\/2026\/09\/K.-Tabak7.jpeg","datePublished":"2026-09-01T15:32:09+00:00","dateModified":"2026-09-01T15:46:49+00:00","author":{"@id":"https:\/\/ser.cw\/#\/schema\/person\/89cf822c61b4b025468e7bf5f61e7e7c"},"breadcrumb":{"@id":"https:\/\/ser.cw\/es\/2026\/09\/01\/el-ser-de-curazao-recibe-una-explicacion-sobre-la-revision-de-koraal-tabak\/#breadcrumb"},"inLanguage":"es","potentialAction":[{"@type":"ReadAction","target":["https:\/\/ser.cw\/es\/2026\/09\/01\/el-ser-de-curazao-recibe-una-explicacion-sobre-la-revision-de-koraal-tabak\/"]}]},{"@type":"ImageObject","inLanguage":"es","@id":"https:\/\/ser.cw\/es\/2026\/09\/01\/el-ser-de-curazao-recibe-una-explicacion-sobre-la-revision-de-koraal-tabak\/#primaryimage","url":"https:\/\/ser.cw\/wp-content\/uploads\/sites\/280\/2026\/09\/K.-Tabak7.jpeg","contentUrl":"https:\/\/ser.cw\/wp-content\/uploads\/sites\/280\/2026\/09\/K.-Tabak7.jpeg","width":1528,"height":1528},{"@type":"BreadcrumbList","@id":"https:\/\/ser.cw\/es\/2026\/09\/01\/el-ser-de-curazao-recibe-una-explicacion-sobre-la-revision-de-koraal-tabak\/#breadcrumb","itemListElement":[{"@type":"ListItem","position":1,"name":"Home","item":"https:\/\/ser.cw\/es\/"},{"@type":"ListItem","position":2,"name":"El SER de Curazao recibe una explicaci\u00f3n sobre la revisi\u00f3n de Koraal Tabak"}]},{"@type":"WebSite","@id":"https:\/\/ser.cw\/#website","url":"https:\/\/ser.cw\/","name":"Sociaal Economische Raad Cura\u00e7ao","description":"adviesorgaan van de regering en het parlement van Cura\u00e7ao omtrent alle belangrijke onderwerpen van sociaal-economische aard","potentialAction":[{"@type":"SearchAction","target":{"@type":"EntryPoint","urlTemplate":"https:\/\/ser.cw\/?s={search_term_string}"},"query-input":{"@type":"PropertyValueSpecification","valueRequired":true,"valueName":"search_term_string"}}],"inLanguage":"es"},{"@type":"Person","@id":"https:\/\/ser.cw\/#\/schema\/person\/89cf822c61b4b025468e7bf5f61e7e7c","name":"Sandra Raphaela","image":{"@type":"ImageObject","inLanguage":"es","@id":"https:\/\/ser.cw\/wp-content\/wphb-cache\/gravatar\/9b4\/9b44e5d3afdbce6cf4839235416da6b9x96.jpg","url":"https:\/\/ser.cw\/wp-content\/wphb-cache\/gravatar\/9b4\/9b44e5d3afdbce6cf4839235416da6b9x96.jpg","contentUrl":"https:\/\/ser.cw\/wp-content\/wphb-cache\/gravatar\/9b4\/9b44e5d3afdbce6cf4839235416da6b9x96.jpg","caption":"Sandra Raphaela"},"url":"https:\/\/ser.cw\/es\/author\/sandra\/"}]}},"_links":{"self":[{"href":"https:\/\/ser.cw\/es\/wp-json\/wp\/v2\/posts\/39370","targetHints":{"allow":["GET"]}}],"collection":[{"href":"https:\/\/ser.cw\/es\/wp-json\/wp\/v2\/posts"}],"about":[{"href":"https:\/\/ser.cw\/es\/wp-json\/wp\/v2\/types\/post"}],"author":[{"embeddable":true,"href":"https:\/\/ser.cw\/es\/wp-json\/wp\/v2\/users\/109"}],"replies":[{"embeddable":true,"href":"https:\/\/ser.cw\/es\/wp-json\/wp\/v2\/comments?post=39370"}],"version-history":[{"count":0,"href":"https:\/\/ser.cw\/es\/wp-json\/wp\/v2\/posts\/39370\/revisions"}],"wp:featuredmedia":[{"embeddable":true,"href":"https:\/\/ser.cw\/es\/wp-json\/wp\/v2\/media\/39373"}],"wp:attachment":[{"href":"https:\/\/ser.cw\/es\/wp-json\/wp\/v2\/media?parent=39370"}],"wp:term":[{"taxonomy":"category","embeddable":true,"href":"https:\/\/ser.cw\/es\/wp-json\/wp\/v2\/categories?post=39370"},{"taxonomy":"post_tag","embeddable":true,"href":"https:\/\/ser.cw\/es\/wp-json\/wp\/v2\/tags?post=39370"}],"curies":[{"name":"wp","href":"https:\/\/api.w.org\/{rel}","templated":true}]}}