{"id":39200,"date":"2026-07-03T18:09:12","date_gmt":"2026-07-03T22:09:12","guid":{"rendered":"https:\/\/ser.cw\/?p=39200"},"modified":"2026-07-03T18:16:35","modified_gmt":"2026-07-03T22:16:35","slug":"estudiantes-de-la-universidad-de-hasselt-visitan-el-ser-de-curazao-en-el-marco-de-un-programa-de-intercambio-sobre-promocion-de-exportaciones","status":"publish","type":"post","link":"https:\/\/ser.cw\/es\/2026\/07\/03\/estudiantes-de-la-universidad-de-hasselt-visitan-el-ser-de-curazao-en-el-marco-de-un-programa-de-intercambio-sobre-promocion-de-exportaciones\/","title":{"rendered":"Estudiantes de la Universidad de Hasselt visitan el SER de Curazao en el marco de un programa de intercambio sobre promoci\u00f3n de exportaciones"},"content":{"rendered":"<p>[et_pb_section fb_built=\u00bb1&#8243; fullwidth=\u00bbon\u00bb _builder_version=\u00bb4.16&#8243; global_colors_info=\u00bb{}\u00bb][et_pb_fullwidth_slider _builder_version=\u00bb4.16&#8243; custom_padding=\u00bb|||\u00bb saved_tabs=\u00bball\u00bb global_colors_info=\u00bb{}\u00bb button_text_size__hover_enabled=\u00bboff\u00bb button_text_size__hover=\u00bbnull\u00bb button_one_text_size__hover_enabled=\u00bboff\u00bb button_one_text_size__hover=\u00bbnull\u00bb button_two_text_size__hover_enabled=\u00bboff\u00bb button_two_text_size__hover=\u00bbnull\u00bb button_text_color__hover_enabled=\u00bboff\u00bb button_text_color__hover=\u00bbnull\u00bb button_one_text_color__hover_enabled=\u00bboff\u00bb button_one_text_color__hover=\u00bbnull\u00bb button_two_text_color__hover_enabled=\u00bboff\u00bb button_two_text_color__hover=\u00bbnull\u00bb button_border_width__hover_enabled=\u00bboff\u00bb button_border_width__hover=\u00bbnull\u00bb button_one_border_width__hover_enabled=\u00bboff\u00bb button_one_border_width__hover=\u00bbnull\u00bb button_two_border_width__hover_enabled=\u00bboff\u00bb button_two_border_width__hover=\u00bbnull\u00bb button_border_color__hover_enabled=\u00bboff\u00bb button_border_color__hover=\u00bbnull\u00bb button_one_border_color__hover_enabled=\u00bboff\u00bb button_one_border_color__hover=\u00bbnull\u00bb button_two_border_color__hover_enabled=\u00bboff\u00bb button_two_border_color__hover=\u00bbnull\u00bb button_border_radius__hover_enabled=\u00bboff\u00bb button_border_radius__hover=\u00bbnull\u00bb button_one_border_radius__hover_enabled=\u00bboff\u00bb button_one_border_radius__hover=\u00bbnull\u00bb button_two_border_radius__hover_enabled=\u00bboff\u00bb button_two_border_radius__hover=\u00bbnull\u00bb button_letter_spacing__hover_enabled=\u00bboff\u00bb button_letter_spacing__hover=\u00bbnull\u00bb button_one_letter_spacing__hover_enabled=\u00bboff\u00bb button_one_letter_spacing__hover=\u00bbnull\u00bb button_two_letter_spacing__hover_enabled=\u00bboff\u00bb button_two_letter_spacing__hover=\u00bbnull\u00bb button_bg_color__hover_enabled=\u00bboff\u00bb button_bg_color__hover=\u00bbnull\u00bb button_one_bg_color__hover_enabled=\u00bboff\u00bb button_one_bg_color__hover=\u00bbnull\u00bb button_two_bg_color__hover_enabled=\u00bboff\u00bb button_two_bg_color__hover=\u00bbnull\u00bb][et_pb_slide use_bg_overlay=\u00bboff\u00bb use_text_overlay=\u00bboff\u00bb admin_title=\u00bbweb\u00bb _builder_version=\u00bb4.16&#8243; header_font=\u00bb||||\u00bb body_font=\u00bb||||\u00bb background_color=\u00bb#ffffff\u00bb background_image=\u00bbhttps:\/\/ser.cw\/wp-content\/uploads\/sites\/280\/2017\/09\/Website-SER-Banner-voorstel-16-verbonden-1.jpg\u00bb button_on_hover=\u00bbon\u00bb global_colors_info=\u00bb{}\u00bb button_text_size__hover_enabled=\u00bboff\u00bb button_one_text_size__hover_enabled=\u00bboff\u00bb button_two_text_size__hover_enabled=\u00bboff\u00bb button_text_color__hover_enabled=\u00bboff\u00bb button_one_text_color__hover_enabled=\u00bboff\u00bb button_two_text_color__hover_enabled=\u00bboff\u00bb button_border_width__hover_enabled=\u00bboff\u00bb button_one_border_width__hover_enabled=\u00bboff\u00bb button_two_border_width__hover_enabled=\u00bboff\u00bb button_border_color__hover_enabled=\u00bboff\u00bb button_one_border_color__hover_enabled=\u00bboff\u00bb button_two_border_color__hover_enabled=\u00bboff\u00bb button_border_radius__hover_enabled=\u00bboff\u00bb button_one_border_radius__hover_enabled=\u00bboff\u00bb button_two_border_radius__hover_enabled=\u00bboff\u00bb button_letter_spacing__hover_enabled=\u00bboff\u00bb button_one_letter_spacing__hover_enabled=\u00bboff\u00bb button_two_letter_spacing__hover_enabled=\u00bboff\u00bb button_bg_color__hover_enabled=\u00bboff\u00bb button_one_bg_color__hover_enabled=\u00bboff\u00bb button_two_bg_color__hover_enabled=\u00bboff\u00bb sticky_transition=\u00bbon\u00bb][\/et_pb_slide][\/et_pb_fullwidth_slider][\/et_pb_section][et_pb_section fb_built=\u00bb1&#8243; module_class=\u00bbpersbericht-titel\u00bb _builder_version=\u00bb4.16&#8243; background_color=\u00bbrgba(255,255,255,0)\u00bb custom_padding=\u00bb0px|0px|0px|0px\u00bb transparent_background=\u00bbon\u00bb global_colors_info=\u00bb{}\u00bb][et_pb_row column_structure=\u00bb2_3,1_3&#8243; use_custom_gutter=\u00bbon\u00bb gutter_width=\u00bb1&#8243; _builder_version=\u00bb4.16&#8243; max_width=\u00bb1200px\u00bb global_colors_info=\u00bb{}\u00bb][et_pb_column type=\u00bb2_3&#8243; _builder_version=\u00bb4.16&#8243; custom_padding=\u00bb|||\u00bb global_colors_info=\u00bb{}\u00bb custom_padding__hover=\u00bb|||\u00bb][et_pb_text admin_label=\u00bbNiet aanpassen\u00bb _builder_version=\u00bb4.27.4&#8243; background_color=\u00bbrgba(255,255,255,0.68)\u00bb custom_padding=\u00bb15px|30px|3px|30px\u00bb border_style=\u00bbsolid\u00bb global_colors_info=\u00bb{}\u00bb][\/et_pb_text][\/et_pb_column][et_pb_column type=\u00bb1_3&#8243; _builder_version=\u00bb4.16&#8243; custom_padding=\u00bb|||\u00bb global_colors_info=\u00bb{}\u00bb custom_padding__hover=\u00bb|||\u00bb][\/et_pb_column][\/et_pb_row][\/et_pb_section][et_pb_section fb_built=\u00bb1&#8243; _builder_version=\u00bb4.16&#8243; background_color=\u00bb#d1f0ff\u00bb custom_padding=\u00bb0px|0px|0px|0px\u00bb global_colors_info=\u00bb{}\u00bb][et_pb_row column_structure=\u00bb2_3,1_3&#8243; use_custom_gutter=\u00bbon\u00bb gutter_width=\u00bb1&#8243; make_equal=\u00bbon\u00bb _builder_version=\u00bb4.16&#8243; max_width=\u00bb1200px\u00bb global_colors_info=\u00bb{}\u00bb][et_pb_column type=\u00bb2_3&#8243; _builder_version=\u00bb4.16&#8243; background_color=\u00bb#fcfeff\u00bb custom_padding=\u00bb30px|30px|30px|30px\u00bb global_colors_info=\u00bb{}\u00bb custom_padding__hover=\u00bb|||\u00bb][et_pb_text _builder_version=\u00bb4.27.4&#8243; z_index_tablet=\u00bb500&#8243; text_text_shadow_horizontal_length_tablet=\u00bb0px\u00bb text_text_shadow_vertical_length_tablet=\u00bb0px\u00bb text_text_shadow_blur_strength_tablet=\u00bb1px\u00bb link_text_shadow_horizontal_length_tablet=\u00bb0px\u00bb link_text_shadow_vertical_length_tablet=\u00bb0px\u00bb link_text_shadow_blur_strength_tablet=\u00bb1px\u00bb ul_text_shadow_horizontal_length_tablet=\u00bb0px\u00bb ul_text_shadow_vertical_length_tablet=\u00bb0px\u00bb ul_text_shadow_blur_strength_tablet=\u00bb1px\u00bb ol_text_shadow_horizontal_length_tablet=\u00bb0px\u00bb ol_text_shadow_vertical_length_tablet=\u00bb0px\u00bb ol_text_shadow_blur_strength_tablet=\u00bb1px\u00bb quote_text_shadow_horizontal_length_tablet=\u00bb0px\u00bb quote_text_shadow_vertical_length_tablet=\u00bb0px\u00bb quote_text_shadow_blur_strength_tablet=\u00bb1px\u00bb header_text_shadow_horizontal_length_tablet=\u00bb0px\u00bb header_text_shadow_vertical_length_tablet=\u00bb0px\u00bb header_text_shadow_blur_strength_tablet=\u00bb1px\u00bb header_2_text_shadow_horizontal_length_tablet=\u00bb0px\u00bb header_2_text_shadow_vertical_length_tablet=\u00bb0px\u00bb header_2_text_shadow_blur_strength_tablet=\u00bb1px\u00bb header_3_text_shadow_horizontal_length_tablet=\u00bb0px\u00bb header_3_text_shadow_vertical_length_tablet=\u00bb0px\u00bb header_3_text_shadow_blur_strength_tablet=\u00bb1px\u00bb header_4_text_shadow_horizontal_length_tablet=\u00bb0px\u00bb header_4_text_shadow_vertical_length_tablet=\u00bb0px\u00bb header_4_text_shadow_blur_strength_tablet=\u00bb1px\u00bb header_5_text_shadow_horizontal_length_tablet=\u00bb0px\u00bb header_5_text_shadow_vertical_length_tablet=\u00bb0px\u00bb header_5_text_shadow_blur_strength_tablet=\u00bb1px\u00bb header_6_text_shadow_horizontal_length_tablet=\u00bb0px\u00bb header_6_text_shadow_vertical_length_tablet=\u00bb0px\u00bb header_6_text_shadow_blur_strength_tablet=\u00bb1px\u00bb box_shadow_horizontal_tablet=\u00bb0px\u00bb box_shadow_vertical_tablet=\u00bb0px\u00bb box_shadow_blur_tablet=\u00bb40px\u00bb box_shadow_spread_tablet=\u00bb0px\u00bb global_colors_info=\u00bb{}\u00bb]<\/p>\n<h1><span style=\"color: #0000ff\">Estudiantes de la Universidad de Hasselt visitan el SER de Curazao en el marco de un programa de intercambio sobre promoci\u00f3n de exportaciones<\/span><\/h1>\n<h1><\/h1>\n<h2><\/h2>\n<p>Willemstad, 3 de julio de 2026 \u2013 El Consejo Econ\u00f3mico y Social (SER) de Curazao recibi\u00f3 recientemente a un grupo de estudiantes de la Universidad de Hasselt, en B\u00e9lgica, para una visita de trabajo de car\u00e1cter introductorio. El encuentro form\u00f3 parte de un programa de intercambio de dos semanas en Curazao, durante el cual los estudiantes trabajan, por encargo del Ministerio de Desarrollo Econ\u00f3mico, en un plan orientado a fortalecer la posici\u00f3n exportadora del pa\u00eds.<\/p>\n<p>El programa de intercambio ofrece a los estudiantes la oportunidad de vincular sus conocimientos acad\u00e9micos con la realidad pr\u00e1ctica de Curazao. A trav\u00e9s de conversaciones, visitas de trabajo y sesiones de contenido, los participantes se familiarizan con el contexto econ\u00f3mico, institucional y social del pa\u00eds. Adem\u00e1s de su proyecto sobre promoci\u00f3n de exportaciones, los estudiantes visitan distintas organizaciones que desempe\u00f1an un papel relevante en el desarrollo de la econom\u00eda curazole\u00f1a.<\/p>\n<p>Durante la visita al SER, la sesi\u00f3n se centr\u00f3 en tres temas principales: las relaciones constitucionales dentro del Reino de los Pa\u00edses Bajos, la funci\u00f3n y el m\u00e9todo de trabajo del SER de Curazao, y la situaci\u00f3n socioecon\u00f3mica actual del pa\u00eds. En ese marco se abordaron la posici\u00f3n de Curazao como pa\u00eds aut\u00f3nomo dentro del Reino, la importancia del di\u00e1logo y del asesoramiento en el proceso de formulaci\u00f3n de pol\u00edticas p\u00fablicas, as\u00ed como los principales desaf\u00edos econ\u00f3micos y sociales que enfrenta el pa\u00eds.<\/p>\n<p>Uno de los ejes centrales del encuentro fue la explicaci\u00f3n del papel del SER como \u00f3rgano consultivo independiente del Gobierno y del Parlamento. Los estudiantes conocieron la composici\u00f3n tripartita del Consejo, en el que representantes de los empleadores, de los trabajadores y expertos independientes analizan conjuntamente asuntos de car\u00e1cter socioecon\u00f3mico. Tambi\u00e9n se prest\u00f3 atenci\u00f3n al proceso de asesoramiento y a la forma en que el SER contribuye a la elaboraci\u00f3n de pol\u00edticas con amplio respaldo social en materias de inter\u00e9s p\u00fablico.<\/p>\n<p>La sesi\u00f3n permiti\u00f3 asimismo examinar la estructura socioecon\u00f3mica m\u00e1s amplia de Curazao. Cuestiones como la evoluci\u00f3n demogr\u00e1fica, los retos del mercado laboral, la diversificaci\u00f3n econ\u00f3mica, la competitividad y la condici\u00f3n de Curazao como peque\u00f1a econom\u00eda abierta fueron abordadas desde la perspectiva de la promoci\u00f3n de exportaciones. El encuentro puso de relieve que el impulso a la exportaci\u00f3n no puede desvincularse de factores como la productividad, el emprendimiento, la capacidad institucional y la proyecci\u00f3n internacional.<\/p>\n<p>Para los estudiantes, la visita al SER ofreci\u00f3 la posibilidad de situar su trabajo en un marco pol\u00edtico y social m\u00e1s amplio. El desarrollo exportador no exige \u00fanicamente an\u00e1lisis de mercado y estrategias econ\u00f3micas, sino tambi\u00e9n una comprensi\u00f3n de las relaciones administrativas, los intereses sociales y las condiciones de pol\u00edtica p\u00fablica que inciden en el crecimiento econ\u00f3mico sostenible de Curazao.<\/p>\n<p>Con la recepci\u00f3n de los estudiantes, el SER de Curazao contribuye al intercambio de conocimientos entre Curazao e instituciones internacionales de ense\u00f1anza superior. Este tipo de encuentros ofrece a los estudiantes una valiosa experiencia pr\u00e1ctica y, al mismo tiempo, refuerza el di\u00e1logo sobre el futuro de la econom\u00eda curazole\u00f1a.<\/p>\n<p>El SER de Curazao valora positivamente la visita y subraya la importancia de la cooperaci\u00f3n entre el sector educativo, el Gobierno y las organizaciones sociales. Precisamente al conectar la teor\u00eda con la pr\u00e1ctica pueden surgir nuevas perspectivas capaces de contribuir al desarrollo socioecon\u00f3mico sostenible.[\/et_pb_text][et_pb_text admin_label=\u00bbAdd to any &#8211; niet aanpassen\u00bb _builder_version=\u00bb4.16&#8243; border_style=\u00bbsolid\u00bb saved_tabs=\u00bball\u00bb global_colors_info=\u00bb{}\u00bb]<\/p>\n<pre><code><div class=\"addtoany_shortcode\"><div class=\"a2a_kit a2a_kit_size_24 addtoany_list\" data-a2a-url=\"https:\/\/ser.cw\/es\/2026\/07\/03\/estudiantes-de-la-universidad-de-hasselt-visitan-el-ser-de-curazao-en-el-marco-de-un-programa-de-intercambio-sobre-promocion-de-exportaciones\/\" data-a2a-title=\"Estudiantes de la Universidad de Hasselt visitan el SER de Curazao en el marco de un programa de intercambio sobre promoci\u00f3n de exportaciones\"><a class=\"a2a_dd addtoany_share_save addtoany_share\" href=\"https:\/\/www.addtoany.com\/share\"><img decoding=\"async\" src=\"https:\/\/ser.cw\/wp-content\/uploads\/sites\/280\/2017\/12\/share.png\" alt=\"Share\"><\/a><\/div><\/div><\/code><\/pre>\n<p>[\/et_pb_text][et_pb_post_nav in_same_term=\u00bbon\u00bb admin_label=\u00bbPost Navigation &#8211; niet aanpassen\u00bb _builder_version=\u00bb4.16&#8243; border_style=\u00bbsolid\u00bb hide_prev=\u00bboff\u00bb hide_next=\u00bboff\u00bb global_colors_info=\u00bb{}\u00bb][\/et_pb_post_nav][\/et_pb_column][et_pb_column type=\u00bb1_3&#8243; _builder_version=\u00bb4.16&#8243; background_color=\u00bb#f4fbff\u00bb custom_padding=\u00bb30px|30px|30px|30px\u00bb global_colors_info=\u00bb{}\u00bb custom_padding__hover=\u00bb|||\u00bb][et_pb_image title_text=\u00bbWhatsApp Image 2026-07-03 at 16.13.09&#8243; _builder_version=\u00bb4.27.4&#8243; _module_preset=\u00bbdefault\u00bb hover_enabled=\u00bb0&#8243; global_colors_info=\u00bb{}\u00bb src=\u00bbhttps:\/\/ser.cw\/wp-content\/uploads\/sites\/280\/2026\/07\/WhatsApp-Image-2026-07-03-at-16.13.09.jpeg\u00bb sticky_enabled=\u00bb0&#8243;][\/et_pb_image][et_pb_text _builder_version=\u00bb4.27.4&#8243; global_colors_info=\u00bb{}\u00bb][\/et_pb_text][et_pb_image title_text=\u00bbBZK-4&#8243; _builder_version=\u00bb4.27.4&#8243; _module_preset=\u00bbdefault\u00bb global_colors_info=\u00bb{}\u00bb][\/et_pb_image][\/et_pb_column][\/et_pb_row][\/et_pb_section]<\/p>\n","protected":false},"excerpt":{"rendered":"<p>Willemstad, 3 de julio de 2026 \u2013 El Consejo Econ\u00f3mico y Social (SER) de Curazao recibi\u00f3 recientemente a un grupo de estudiantes de la Universidad de Hasselt, en B\u00e9lgica, para una visita de trabajo de car\u00e1cter introductorio.<\/p>\n","protected":false},"author":109,"featured_media":39204,"comment_status":"closed","ping_status":"closed","sticky":false,"template":"","format":"standard","meta":{"_et_pb_use_builder":"on","_et_pb_old_content":"<h1><span style=\"color: #0000ff;\">SER-advies uit over initiatiefvoorstel tot herziening OZB-stelsel<\/span><\/h1><p>Willemstad, 15 juli 2025 \u2013 De Sociaal-Economische Raad (SER) heeft op vrijdag 11 juli jongstleden een advies uitgebracht over de initiatiefontwerplandsverordening tot wijziging van de Landsverordening inzake de belastingheffing van onroerende zaken (Landsverordening onroerendezaakbelasting 2014). Het advies werd uitgebracht op verzoek van de Staten van Cura\u00e7ao.<\/p><p>Het initiatiefvoorstel is afkomstig van de fractie van de MAN in de Staten, die zich hierbij beroept op het recht van initiatief zoals vastgelegd in artikel 77 van de Staatsregeling van Cura\u00e7ao (A.B. 2010, no. 86). Dit artikel verleent Statenleden de bevoegdheid om wetsvoorstellen zelfstandig in te dienen en aan de regering voor te dragen.<\/p><p>Met het ontwerp beogen de indieners een herziening van het huidige OZB-stelsel, onder meer door aanpassing van de tariefstructuur, verhoging van de vrijstellingsdrempel en vereenvoudiging van de administratieve verwerking van de belasting op onroerende zaken.<\/p><p>De Staten zullen het advies van de SER betrekken bij hun verdere beraadslaging over het initiatiefwetsvoorstel.<\/p>","_et_gb_content_width":"","_links_to":"","_links_to_type":0,"wds_primary_category":0,"footnotes":""},"categories":[453,403],"tags":[],"class_list":["post-39200","post","type-post","status-publish","format-standard","has-post-thumbnail","hentry","category-453","category-comunicado-de-prensa"],"yoast_head":"<!-- This site is optimized with the Yoast SEO plugin v28.4 - https:\/\/yoast.com\/product\/yoast-seo-wordpress\/ -->\n<title>Estudiantes de la Universidad de Hasselt visitan el SER de Curazao en el marco de un programa de intercambio sobre promoci\u00f3n de exportaciones - Sociaal Economische Raad Cura\u00e7ao<\/title>\n<meta name=\"robots\" content=\"index, follow, max-snippet:-1, max-image-preview:large, max-video-preview:-1\" \/>\n<link rel=\"canonical\" href=\"https:\/\/ser.cw\/es\/2026\/07\/03\/estudiantes-de-la-universidad-de-hasselt-visitan-el-ser-de-curazao-en-el-marco-de-un-programa-de-intercambio-sobre-promocion-de-exportaciones\/\" \/>\n<meta property=\"og:locale\" content=\"es_ES\" \/>\n<meta property=\"og:type\" content=\"article\" \/>\n<meta property=\"og:title\" content=\"Estudiantes de la Universidad de Hasselt visitan el SER de Curazao en el marco de un programa de intercambio sobre promoci\u00f3n de exportaciones - Sociaal Economische Raad Cura\u00e7ao\" \/>\n<meta property=\"og:description\" content=\"Willemstad, 3 de julio de 2026 \u2013 El Consejo Econ\u00f3mico y Social (SER) de Curazao recibi\u00f3 recientemente a un grupo de estudiantes de la Universidad de Hasselt, en B\u00e9lgica, para una visita de trabajo de car\u00e1cter introductorio.\" \/>\n<meta property=\"og:url\" content=\"https:\/\/ser.cw\/es\/2026\/07\/03\/estudiantes-de-la-universidad-de-hasselt-visitan-el-ser-de-curazao-en-el-marco-de-un-programa-de-intercambio-sobre-promocion-de-exportaciones\/\" \/>\n<meta property=\"og:site_name\" content=\"Sociaal Economische Raad Cura\u00e7ao\" \/>\n<meta property=\"article:published_time\" content=\"2026-07-03T22:09:12+00:00\" \/>\n<meta property=\"article:modified_time\" content=\"2026-07-03T22:16:35+00:00\" \/>\n<meta property=\"og:image\" content=\"https:\/\/ser.cw\/wp-content\/uploads\/sites\/280\/2026\/07\/WhatsApp-Image-2026-07-03-at-16.13.09.jpeg\" \/>\n\t<meta property=\"og:image:width\" content=\"2048\" \/>\n\t<meta property=\"og:image:height\" content=\"1536\" \/>\n\t<meta property=\"og:image:type\" content=\"image\/jpeg\" \/>\n<meta name=\"author\" content=\"Sandra Raphaela\" \/>\n<meta name=\"twitter:card\" content=\"summary_large_image\" \/>\n<meta name=\"twitter:label1\" content=\"Escrito por\" \/>\n\t<meta name=\"twitter:data1\" content=\"Sandra Raphaela\" \/>\n\t<meta name=\"twitter:label2\" content=\"Tiempo de lectura\" \/>\n\t<meta name=\"twitter:data2\" content=\"4 minutos\" \/>\n<script type=\"application\/ld+json\" class=\"yoast-schema-graph\">{\"@context\":\"https:\\\/\\\/schema.org\",\"@graph\":[{\"@type\":\"Article\",\"@id\":\"https:\\\/\\\/ser.cw\\\/es\\\/2026\\\/07\\\/03\\\/estudiantes-de-la-universidad-de-hasselt-visitan-el-ser-de-curazao-en-el-marco-de-un-programa-de-intercambio-sobre-promocion-de-exportaciones\\\/#article\",\"isPartOf\":{\"@id\":\"https:\\\/\\\/ser.cw\\\/es\\\/2026\\\/07\\\/03\\\/estudiantes-de-la-universidad-de-hasselt-visitan-el-ser-de-curazao-en-el-marco-de-un-programa-de-intercambio-sobre-promocion-de-exportaciones\\\/\"},\"author\":{\"name\":\"Sandra Raphaela\",\"@id\":\"https:\\\/\\\/ser.cw\\\/#\\\/schema\\\/person\\\/89cf822c61b4b025468e7bf5f61e7e7c\"},\"headline\":\"Estudiantes de la Universidad de Hasselt visitan el SER de Curazao en el marco de un programa de intercambio sobre promoci\u00f3n de exportaciones\",\"datePublished\":\"2026-07-03T22:09:12+00:00\",\"dateModified\":\"2026-07-03T22:16:35+00:00\",\"mainEntityOfPage\":{\"@id\":\"https:\\\/\\\/ser.cw\\\/es\\\/2026\\\/07\\\/03\\\/estudiantes-de-la-universidad-de-hasselt-visitan-el-ser-de-curazao-en-el-marco-de-un-programa-de-intercambio-sobre-promocion-de-exportaciones\\\/\"},\"wordCount\":1732,\"image\":{\"@id\":\"https:\\\/\\\/ser.cw\\\/es\\\/2026\\\/07\\\/03\\\/estudiantes-de-la-universidad-de-hasselt-visitan-el-ser-de-curazao-en-el-marco-de-un-programa-de-intercambio-sobre-promocion-de-exportaciones\\\/#primaryimage\"},\"thumbnailUrl\":\"https:\\\/\\\/ser.cw\\\/wp-content\\\/uploads\\\/sites\\\/280\\\/2026\\\/07\\\/WhatsApp-Image-2026-07-03-at-16.13.09.jpeg\",\"articleSection\":[\"2026\",\"Comunicado de prensa\"],\"inLanguage\":\"es\"},{\"@type\":\"WebPage\",\"@id\":\"https:\\\/\\\/ser.cw\\\/es\\\/2026\\\/07\\\/03\\\/estudiantes-de-la-universidad-de-hasselt-visitan-el-ser-de-curazao-en-el-marco-de-un-programa-de-intercambio-sobre-promocion-de-exportaciones\\\/\",\"url\":\"https:\\\/\\\/ser.cw\\\/es\\\/2026\\\/07\\\/03\\\/estudiantes-de-la-universidad-de-hasselt-visitan-el-ser-de-curazao-en-el-marco-de-un-programa-de-intercambio-sobre-promocion-de-exportaciones\\\/\",\"name\":\"Estudiantes de la Universidad de Hasselt visitan el SER de Curazao en el marco de un programa de intercambio sobre promoci\u00f3n de exportaciones - Sociaal Economische Raad Cura\u00e7ao\",\"isPartOf\":{\"@id\":\"https:\\\/\\\/ser.cw\\\/#website\"},\"primaryImageOfPage\":{\"@id\":\"https:\\\/\\\/ser.cw\\\/es\\\/2026\\\/07\\\/03\\\/estudiantes-de-la-universidad-de-hasselt-visitan-el-ser-de-curazao-en-el-marco-de-un-programa-de-intercambio-sobre-promocion-de-exportaciones\\\/#primaryimage\"},\"image\":{\"@id\":\"https:\\\/\\\/ser.cw\\\/es\\\/2026\\\/07\\\/03\\\/estudiantes-de-la-universidad-de-hasselt-visitan-el-ser-de-curazao-en-el-marco-de-un-programa-de-intercambio-sobre-promocion-de-exportaciones\\\/#primaryimage\"},\"thumbnailUrl\":\"https:\\\/\\\/ser.cw\\\/wp-content\\\/uploads\\\/sites\\\/280\\\/2026\\\/07\\\/WhatsApp-Image-2026-07-03-at-16.13.09.jpeg\",\"datePublished\":\"2026-07-03T22:09:12+00:00\",\"dateModified\":\"2026-07-03T22:16:35+00:00\",\"author\":{\"@id\":\"https:\\\/\\\/ser.cw\\\/#\\\/schema\\\/person\\\/89cf822c61b4b025468e7bf5f61e7e7c\"},\"breadcrumb\":{\"@id\":\"https:\\\/\\\/ser.cw\\\/es\\\/2026\\\/07\\\/03\\\/estudiantes-de-la-universidad-de-hasselt-visitan-el-ser-de-curazao-en-el-marco-de-un-programa-de-intercambio-sobre-promocion-de-exportaciones\\\/#breadcrumb\"},\"inLanguage\":\"es\",\"potentialAction\":[{\"@type\":\"ReadAction\",\"target\":[\"https:\\\/\\\/ser.cw\\\/es\\\/2026\\\/07\\\/03\\\/estudiantes-de-la-universidad-de-hasselt-visitan-el-ser-de-curazao-en-el-marco-de-un-programa-de-intercambio-sobre-promocion-de-exportaciones\\\/\"]}]},{\"@type\":\"ImageObject\",\"inLanguage\":\"es\",\"@id\":\"https:\\\/\\\/ser.cw\\\/es\\\/2026\\\/07\\\/03\\\/estudiantes-de-la-universidad-de-hasselt-visitan-el-ser-de-curazao-en-el-marco-de-un-programa-de-intercambio-sobre-promocion-de-exportaciones\\\/#primaryimage\",\"url\":\"https:\\\/\\\/ser.cw\\\/wp-content\\\/uploads\\\/sites\\\/280\\\/2026\\\/07\\\/WhatsApp-Image-2026-07-03-at-16.13.09.jpeg\",\"contentUrl\":\"https:\\\/\\\/ser.cw\\\/wp-content\\\/uploads\\\/sites\\\/280\\\/2026\\\/07\\\/WhatsApp-Image-2026-07-03-at-16.13.09.jpeg\",\"width\":2048,\"height\":1536},{\"@type\":\"BreadcrumbList\",\"@id\":\"https:\\\/\\\/ser.cw\\\/es\\\/2026\\\/07\\\/03\\\/estudiantes-de-la-universidad-de-hasselt-visitan-el-ser-de-curazao-en-el-marco-de-un-programa-de-intercambio-sobre-promocion-de-exportaciones\\\/#breadcrumb\",\"itemListElement\":[{\"@type\":\"ListItem\",\"position\":1,\"name\":\"Home\",\"item\":\"https:\\\/\\\/ser.cw\\\/es\\\/\"},{\"@type\":\"ListItem\",\"position\":2,\"name\":\"Estudiantes de la Universidad de Hasselt visitan el SER de Curazao en el marco de un programa de intercambio sobre promoci\u00f3n de exportaciones\"}]},{\"@type\":\"WebSite\",\"@id\":\"https:\\\/\\\/ser.cw\\\/#website\",\"url\":\"https:\\\/\\\/ser.cw\\\/\",\"name\":\"Sociaal Economische Raad Cura\u00e7ao\",\"description\":\"adviesorgaan van de regering en het parlement van Cura\u00e7ao omtrent alle belangrijke onderwerpen van sociaal-economische aard\",\"potentialAction\":[{\"@type\":\"SearchAction\",\"target\":{\"@type\":\"EntryPoint\",\"urlTemplate\":\"https:\\\/\\\/ser.cw\\\/?s={search_term_string}\"},\"query-input\":{\"@type\":\"PropertyValueSpecification\",\"valueRequired\":true,\"valueName\":\"search_term_string\"}}],\"inLanguage\":\"es\"},{\"@type\":\"Person\",\"@id\":\"https:\\\/\\\/ser.cw\\\/#\\\/schema\\\/person\\\/89cf822c61b4b025468e7bf5f61e7e7c\",\"name\":\"Sandra Raphaela\",\"image\":{\"@type\":\"ImageObject\",\"inLanguage\":\"es\",\"@id\":\"https:\\\/\\\/ser.cw\\\/wp-content\\\/wphb-cache\\\/gravatar\\\/9b4\\\/9b44e5d3afdbce6cf4839235416da6b9x96.jpg\",\"url\":\"https:\\\/\\\/ser.cw\\\/wp-content\\\/wphb-cache\\\/gravatar\\\/9b4\\\/9b44e5d3afdbce6cf4839235416da6b9x96.jpg\",\"contentUrl\":\"https:\\\/\\\/ser.cw\\\/wp-content\\\/wphb-cache\\\/gravatar\\\/9b4\\\/9b44e5d3afdbce6cf4839235416da6b9x96.jpg\",\"caption\":\"Sandra Raphaela\"},\"url\":\"https:\\\/\\\/ser.cw\\\/es\\\/author\\\/sandra\\\/\"}]}<\/script>\n<!-- \/ Yoast SEO plugin. -->","yoast_head_json":{"title":"Estudiantes de la Universidad de Hasselt visitan el SER de Curazao en el marco de un programa de intercambio sobre promoci\u00f3n de exportaciones - Sociaal Economische Raad Cura\u00e7ao","robots":{"index":"index","follow":"follow","max-snippet":"max-snippet:-1","max-image-preview":"max-image-preview:large","max-video-preview":"max-video-preview:-1"},"canonical":"https:\/\/ser.cw\/es\/2026\/07\/03\/estudiantes-de-la-universidad-de-hasselt-visitan-el-ser-de-curazao-en-el-marco-de-un-programa-de-intercambio-sobre-promocion-de-exportaciones\/","og_locale":"es_ES","og_type":"article","og_title":"Estudiantes de la Universidad de Hasselt visitan el SER de Curazao en el marco de un programa de intercambio sobre promoci\u00f3n de exportaciones - Sociaal Economische Raad Cura\u00e7ao","og_description":"Willemstad, 3 de julio de 2026 \u2013 El Consejo Econ\u00f3mico y Social (SER) de Curazao recibi\u00f3 recientemente a un grupo de estudiantes de la Universidad de Hasselt, en B\u00e9lgica, para una visita de trabajo de car\u00e1cter introductorio.","og_url":"https:\/\/ser.cw\/es\/2026\/07\/03\/estudiantes-de-la-universidad-de-hasselt-visitan-el-ser-de-curazao-en-el-marco-de-un-programa-de-intercambio-sobre-promocion-de-exportaciones\/","og_site_name":"Sociaal Economische Raad Cura\u00e7ao","article_published_time":"2026-07-03T22:09:12+00:00","article_modified_time":"2026-07-03T22:16:35+00:00","og_image":[{"width":2048,"height":1536,"url":"https:\/\/ser.cw\/wp-content\/uploads\/sites\/280\/2026\/07\/WhatsApp-Image-2026-07-03-at-16.13.09.jpeg","type":"image\/jpeg"}],"author":"Sandra Raphaela","twitter_card":"summary_large_image","twitter_misc":{"Escrito por":"Sandra Raphaela","Tiempo de lectura":"4 minutos"},"schema":{"@context":"https:\/\/schema.org","@graph":[{"@type":"Article","@id":"https:\/\/ser.cw\/es\/2026\/07\/03\/estudiantes-de-la-universidad-de-hasselt-visitan-el-ser-de-curazao-en-el-marco-de-un-programa-de-intercambio-sobre-promocion-de-exportaciones\/#article","isPartOf":{"@id":"https:\/\/ser.cw\/es\/2026\/07\/03\/estudiantes-de-la-universidad-de-hasselt-visitan-el-ser-de-curazao-en-el-marco-de-un-programa-de-intercambio-sobre-promocion-de-exportaciones\/"},"author":{"name":"Sandra Raphaela","@id":"https:\/\/ser.cw\/#\/schema\/person\/89cf822c61b4b025468e7bf5f61e7e7c"},"headline":"Estudiantes de la Universidad de Hasselt visitan el SER de Curazao en el marco de un programa de intercambio sobre promoci\u00f3n de exportaciones","datePublished":"2026-07-03T22:09:12+00:00","dateModified":"2026-07-03T22:16:35+00:00","mainEntityOfPage":{"@id":"https:\/\/ser.cw\/es\/2026\/07\/03\/estudiantes-de-la-universidad-de-hasselt-visitan-el-ser-de-curazao-en-el-marco-de-un-programa-de-intercambio-sobre-promocion-de-exportaciones\/"},"wordCount":1732,"image":{"@id":"https:\/\/ser.cw\/es\/2026\/07\/03\/estudiantes-de-la-universidad-de-hasselt-visitan-el-ser-de-curazao-en-el-marco-de-un-programa-de-intercambio-sobre-promocion-de-exportaciones\/#primaryimage"},"thumbnailUrl":"https:\/\/ser.cw\/wp-content\/uploads\/sites\/280\/2026\/07\/WhatsApp-Image-2026-07-03-at-16.13.09.jpeg","articleSection":["2026","Comunicado de prensa"],"inLanguage":"es"},{"@type":"WebPage","@id":"https:\/\/ser.cw\/es\/2026\/07\/03\/estudiantes-de-la-universidad-de-hasselt-visitan-el-ser-de-curazao-en-el-marco-de-un-programa-de-intercambio-sobre-promocion-de-exportaciones\/","url":"https:\/\/ser.cw\/es\/2026\/07\/03\/estudiantes-de-la-universidad-de-hasselt-visitan-el-ser-de-curazao-en-el-marco-de-un-programa-de-intercambio-sobre-promocion-de-exportaciones\/","name":"Estudiantes de la Universidad de Hasselt visitan el SER de Curazao en el marco de un programa de intercambio sobre promoci\u00f3n de exportaciones - Sociaal Economische Raad Cura\u00e7ao","isPartOf":{"@id":"https:\/\/ser.cw\/#website"},"primaryImageOfPage":{"@id":"https:\/\/ser.cw\/es\/2026\/07\/03\/estudiantes-de-la-universidad-de-hasselt-visitan-el-ser-de-curazao-en-el-marco-de-un-programa-de-intercambio-sobre-promocion-de-exportaciones\/#primaryimage"},"image":{"@id":"https:\/\/ser.cw\/es\/2026\/07\/03\/estudiantes-de-la-universidad-de-hasselt-visitan-el-ser-de-curazao-en-el-marco-de-un-programa-de-intercambio-sobre-promocion-de-exportaciones\/#primaryimage"},"thumbnailUrl":"https:\/\/ser.cw\/wp-content\/uploads\/sites\/280\/2026\/07\/WhatsApp-Image-2026-07-03-at-16.13.09.jpeg","datePublished":"2026-07-03T22:09:12+00:00","dateModified":"2026-07-03T22:16:35+00:00","author":{"@id":"https:\/\/ser.cw\/#\/schema\/person\/89cf822c61b4b025468e7bf5f61e7e7c"},"breadcrumb":{"@id":"https:\/\/ser.cw\/es\/2026\/07\/03\/estudiantes-de-la-universidad-de-hasselt-visitan-el-ser-de-curazao-en-el-marco-de-un-programa-de-intercambio-sobre-promocion-de-exportaciones\/#breadcrumb"},"inLanguage":"es","potentialAction":[{"@type":"ReadAction","target":["https:\/\/ser.cw\/es\/2026\/07\/03\/estudiantes-de-la-universidad-de-hasselt-visitan-el-ser-de-curazao-en-el-marco-de-un-programa-de-intercambio-sobre-promocion-de-exportaciones\/"]}]},{"@type":"ImageObject","inLanguage":"es","@id":"https:\/\/ser.cw\/es\/2026\/07\/03\/estudiantes-de-la-universidad-de-hasselt-visitan-el-ser-de-curazao-en-el-marco-de-un-programa-de-intercambio-sobre-promocion-de-exportaciones\/#primaryimage","url":"https:\/\/ser.cw\/wp-content\/uploads\/sites\/280\/2026\/07\/WhatsApp-Image-2026-07-03-at-16.13.09.jpeg","contentUrl":"https:\/\/ser.cw\/wp-content\/uploads\/sites\/280\/2026\/07\/WhatsApp-Image-2026-07-03-at-16.13.09.jpeg","width":2048,"height":1536},{"@type":"BreadcrumbList","@id":"https:\/\/ser.cw\/es\/2026\/07\/03\/estudiantes-de-la-universidad-de-hasselt-visitan-el-ser-de-curazao-en-el-marco-de-un-programa-de-intercambio-sobre-promocion-de-exportaciones\/#breadcrumb","itemListElement":[{"@type":"ListItem","position":1,"name":"Home","item":"https:\/\/ser.cw\/es\/"},{"@type":"ListItem","position":2,"name":"Estudiantes de la Universidad de Hasselt visitan el SER de Curazao en el marco de un programa de intercambio sobre promoci\u00f3n de exportaciones"}]},{"@type":"WebSite","@id":"https:\/\/ser.cw\/#website","url":"https:\/\/ser.cw\/","name":"Sociaal Economische Raad Cura\u00e7ao","description":"adviesorgaan van de regering en het parlement van Cura\u00e7ao omtrent alle belangrijke onderwerpen van sociaal-economische aard","potentialAction":[{"@type":"SearchAction","target":{"@type":"EntryPoint","urlTemplate":"https:\/\/ser.cw\/?s={search_term_string}"},"query-input":{"@type":"PropertyValueSpecification","valueRequired":true,"valueName":"search_term_string"}}],"inLanguage":"es"},{"@type":"Person","@id":"https:\/\/ser.cw\/#\/schema\/person\/89cf822c61b4b025468e7bf5f61e7e7c","name":"Sandra Raphaela","image":{"@type":"ImageObject","inLanguage":"es","@id":"https:\/\/ser.cw\/wp-content\/wphb-cache\/gravatar\/9b4\/9b44e5d3afdbce6cf4839235416da6b9x96.jpg","url":"https:\/\/ser.cw\/wp-content\/wphb-cache\/gravatar\/9b4\/9b44e5d3afdbce6cf4839235416da6b9x96.jpg","contentUrl":"https:\/\/ser.cw\/wp-content\/wphb-cache\/gravatar\/9b4\/9b44e5d3afdbce6cf4839235416da6b9x96.jpg","caption":"Sandra Raphaela"},"url":"https:\/\/ser.cw\/es\/author\/sandra\/"}]}},"_links":{"self":[{"href":"https:\/\/ser.cw\/es\/wp-json\/wp\/v2\/posts\/39200","targetHints":{"allow":["GET"]}}],"collection":[{"href":"https:\/\/ser.cw\/es\/wp-json\/wp\/v2\/posts"}],"about":[{"href":"https:\/\/ser.cw\/es\/wp-json\/wp\/v2\/types\/post"}],"author":[{"embeddable":true,"href":"https:\/\/ser.cw\/es\/wp-json\/wp\/v2\/users\/109"}],"replies":[{"embeddable":true,"href":"https:\/\/ser.cw\/es\/wp-json\/wp\/v2\/comments?post=39200"}],"version-history":[{"count":0,"href":"https:\/\/ser.cw\/es\/wp-json\/wp\/v2\/posts\/39200\/revisions"}],"wp:featuredmedia":[{"embeddable":true,"href":"https:\/\/ser.cw\/es\/wp-json\/wp\/v2\/media\/39204"}],"wp:attachment":[{"href":"https:\/\/ser.cw\/es\/wp-json\/wp\/v2\/media?parent=39200"}],"wp:term":[{"taxonomy":"category","embeddable":true,"href":"https:\/\/ser.cw\/es\/wp-json\/wp\/v2\/categories?post=39200"},{"taxonomy":"post_tag","embeddable":true,"href":"https:\/\/ser.cw\/es\/wp-json\/wp\/v2\/tags?post=39200"}],"curies":[{"name":"wp","href":"https:\/\/api.w.org\/{rel}","templated":true}]}}