{"id":37729,"date":"2025-11-09T17:45:26","date_gmt":"2025-11-09T21:45:26","guid":{"rendered":"https:\/\/ser.cw\/?p=37729"},"modified":"2025-11-09T18:09:22","modified_gmt":"2025-11-09T22:09:22","slug":"kim-putters-hacia-una-prosperidad-compartida","status":"publish","type":"post","link":"https:\/\/ser.cw\/es\/2025\/11\/09\/kim-putters-hacia-una-prosperidad-compartida\/","title":{"rendered":"Kim Putters: \u2018hacia una prosperidad compartida\u2019"},"content":{"rendered":"<p>[et_pb_section fb_built=\u00bb1&#8243; fullwidth=\u00bbon\u00bb _builder_version=\u00bb4.16&#8243; global_colors_info=\u00bb{}\u00bb][et_pb_fullwidth_slider _builder_version=\u00bb4.16&#8243; custom_padding=\u00bb|||\u00bb saved_tabs=\u00bball\u00bb global_colors_info=\u00bb{}\u00bb button_text_size__hover_enabled=\u00bboff\u00bb button_text_size__hover=\u00bbnull\u00bb button_one_text_size__hover_enabled=\u00bboff\u00bb button_one_text_size__hover=\u00bbnull\u00bb button_two_text_size__hover_enabled=\u00bboff\u00bb button_two_text_size__hover=\u00bbnull\u00bb button_text_color__hover_enabled=\u00bboff\u00bb button_text_color__hover=\u00bbnull\u00bb button_one_text_color__hover_enabled=\u00bboff\u00bb button_one_text_color__hover=\u00bbnull\u00bb button_two_text_color__hover_enabled=\u00bboff\u00bb button_two_text_color__hover=\u00bbnull\u00bb button_border_width__hover_enabled=\u00bboff\u00bb button_border_width__hover=\u00bbnull\u00bb button_one_border_width__hover_enabled=\u00bboff\u00bb button_one_border_width__hover=\u00bbnull\u00bb button_two_border_width__hover_enabled=\u00bboff\u00bb button_two_border_width__hover=\u00bbnull\u00bb button_border_color__hover_enabled=\u00bboff\u00bb button_border_color__hover=\u00bbnull\u00bb button_one_border_color__hover_enabled=\u00bboff\u00bb button_one_border_color__hover=\u00bbnull\u00bb button_two_border_color__hover_enabled=\u00bboff\u00bb button_two_border_color__hover=\u00bbnull\u00bb button_border_radius__hover_enabled=\u00bboff\u00bb button_border_radius__hover=\u00bbnull\u00bb button_one_border_radius__hover_enabled=\u00bboff\u00bb button_one_border_radius__hover=\u00bbnull\u00bb button_two_border_radius__hover_enabled=\u00bboff\u00bb button_two_border_radius__hover=\u00bbnull\u00bb button_letter_spacing__hover_enabled=\u00bboff\u00bb button_letter_spacing__hover=\u00bbnull\u00bb button_one_letter_spacing__hover_enabled=\u00bboff\u00bb button_one_letter_spacing__hover=\u00bbnull\u00bb button_two_letter_spacing__hover_enabled=\u00bboff\u00bb button_two_letter_spacing__hover=\u00bbnull\u00bb button_bg_color__hover_enabled=\u00bboff\u00bb button_bg_color__hover=\u00bbnull\u00bb button_one_bg_color__hover_enabled=\u00bboff\u00bb button_one_bg_color__hover=\u00bbnull\u00bb button_two_bg_color__hover_enabled=\u00bboff\u00bb button_two_bg_color__hover=\u00bbnull\u00bb][et_pb_slide use_bg_overlay=\u00bboff\u00bb use_text_overlay=\u00bboff\u00bb admin_title=\u00bbweb\u00bb _builder_version=\u00bb4.16&#8243; header_font=\u00bb||||\u00bb body_font=\u00bb||||\u00bb background_color=\u00bb#ffffff\u00bb background_image=\u00bbhttps:\/\/ser.cw\/wp-content\/uploads\/sites\/280\/2017\/09\/Website-SER-Banner-voorstel-16-verbonden-1.jpg\u00bb button_on_hover=\u00bbon\u00bb global_colors_info=\u00bb{}\u00bb button_text_size__hover_enabled=\u00bboff\u00bb button_one_text_size__hover_enabled=\u00bboff\u00bb button_two_text_size__hover_enabled=\u00bboff\u00bb button_text_color__hover_enabled=\u00bboff\u00bb button_one_text_color__hover_enabled=\u00bboff\u00bb button_two_text_color__hover_enabled=\u00bboff\u00bb button_border_width__hover_enabled=\u00bboff\u00bb button_one_border_width__hover_enabled=\u00bboff\u00bb button_two_border_width__hover_enabled=\u00bboff\u00bb button_border_color__hover_enabled=\u00bboff\u00bb button_one_border_color__hover_enabled=\u00bboff\u00bb button_two_border_color__hover_enabled=\u00bboff\u00bb button_border_radius__hover_enabled=\u00bboff\u00bb button_one_border_radius__hover_enabled=\u00bboff\u00bb button_two_border_radius__hover_enabled=\u00bboff\u00bb button_letter_spacing__hover_enabled=\u00bboff\u00bb button_one_letter_spacing__hover_enabled=\u00bboff\u00bb button_two_letter_spacing__hover_enabled=\u00bboff\u00bb button_bg_color__hover_enabled=\u00bboff\u00bb button_one_bg_color__hover_enabled=\u00bboff\u00bb button_two_bg_color__hover_enabled=\u00bboff\u00bb sticky_transition=\u00bbon\u00bb][\/et_pb_slide][\/et_pb_fullwidth_slider][\/et_pb_section][et_pb_section fb_built=\u00bb1&#8243; module_class=\u00bbpersbericht-titel\u00bb _builder_version=\u00bb4.16&#8243; background_color=\u00bbrgba(255,255,255,0)\u00bb custom_padding=\u00bb0px|0px|0px|0px\u00bb transparent_background=\u00bbon\u00bb global_colors_info=\u00bb{}\u00bb][et_pb_row column_structure=\u00bb2_3,1_3&#8243; use_custom_gutter=\u00bbon\u00bb gutter_width=\u00bb1&#8243; _builder_version=\u00bb4.16&#8243; max_width=\u00bb1200px\u00bb global_colors_info=\u00bb{}\u00bb][et_pb_column type=\u00bb2_3&#8243; _builder_version=\u00bb4.16&#8243; custom_padding=\u00bb|||\u00bb global_colors_info=\u00bb{}\u00bb custom_padding__hover=\u00bb|||\u00bb][et_pb_text admin_label=\u00bbNiet aanpassen\u00bb _builder_version=\u00bb4.27.4&#8243; background_color=\u00bbrgba(255,255,255,0.68)\u00bb custom_padding=\u00bb15px|30px|3px|30px\u00bb border_style=\u00bbsolid\u00bb global_colors_info=\u00bb{}\u00bb]<\/p>\n<h2>Comunicado de prensa<\/h2>\n<p>[\/et_pb_text][\/et_pb_column][et_pb_column type=\u00bb1_3&#8243; _builder_version=\u00bb4.16&#8243; custom_padding=\u00bb|||\u00bb global_colors_info=\u00bb{}\u00bb custom_padding__hover=\u00bb|||\u00bb][\/et_pb_column][\/et_pb_row][\/et_pb_section][et_pb_section fb_built=\u00bb1&#8243; _builder_version=\u00bb4.16&#8243; background_color=\u00bb#d1f0ff\u00bb custom_padding=\u00bb0px|0px|0px|0px\u00bb global_colors_info=\u00bb{}\u00bb][et_pb_row column_structure=\u00bb2_3,1_3&#8243; use_custom_gutter=\u00bbon\u00bb gutter_width=\u00bb1&#8243; make_equal=\u00bbon\u00bb _builder_version=\u00bb4.16&#8243; max_width=\u00bb1200px\u00bb global_colors_info=\u00bb{}\u00bb][et_pb_column type=\u00bb2_3&#8243; _builder_version=\u00bb4.16&#8243; background_color=\u00bb#fcfeff\u00bb custom_padding=\u00bb30px|30px|30px|30px\u00bb global_colors_info=\u00bb{}\u00bb custom_padding__hover=\u00bb|||\u00bb][et_pb_text _builder_version=\u00bb4.27.4&#8243; z_index_tablet=\u00bb500&#8243; text_text_shadow_horizontal_length_tablet=\u00bb0px\u00bb text_text_shadow_vertical_length_tablet=\u00bb0px\u00bb text_text_shadow_blur_strength_tablet=\u00bb1px\u00bb link_text_shadow_horizontal_length_tablet=\u00bb0px\u00bb link_text_shadow_vertical_length_tablet=\u00bb0px\u00bb link_text_shadow_blur_strength_tablet=\u00bb1px\u00bb ul_text_shadow_horizontal_length_tablet=\u00bb0px\u00bb ul_text_shadow_vertical_length_tablet=\u00bb0px\u00bb ul_text_shadow_blur_strength_tablet=\u00bb1px\u00bb ol_text_shadow_horizontal_length_tablet=\u00bb0px\u00bb ol_text_shadow_vertical_length_tablet=\u00bb0px\u00bb ol_text_shadow_blur_strength_tablet=\u00bb1px\u00bb quote_text_shadow_horizontal_length_tablet=\u00bb0px\u00bb quote_text_shadow_vertical_length_tablet=\u00bb0px\u00bb quote_text_shadow_blur_strength_tablet=\u00bb1px\u00bb header_text_shadow_horizontal_length_tablet=\u00bb0px\u00bb header_text_shadow_vertical_length_tablet=\u00bb0px\u00bb header_text_shadow_blur_strength_tablet=\u00bb1px\u00bb header_2_text_shadow_horizontal_length_tablet=\u00bb0px\u00bb header_2_text_shadow_vertical_length_tablet=\u00bb0px\u00bb header_2_text_shadow_blur_strength_tablet=\u00bb1px\u00bb header_3_text_shadow_horizontal_length_tablet=\u00bb0px\u00bb header_3_text_shadow_vertical_length_tablet=\u00bb0px\u00bb header_3_text_shadow_blur_strength_tablet=\u00bb1px\u00bb header_4_text_shadow_horizontal_length_tablet=\u00bb0px\u00bb header_4_text_shadow_vertical_length_tablet=\u00bb0px\u00bb header_4_text_shadow_blur_strength_tablet=\u00bb1px\u00bb header_5_text_shadow_horizontal_length_tablet=\u00bb0px\u00bb header_5_text_shadow_vertical_length_tablet=\u00bb0px\u00bb header_5_text_shadow_blur_strength_tablet=\u00bb1px\u00bb header_6_text_shadow_horizontal_length_tablet=\u00bb0px\u00bb header_6_text_shadow_vertical_length_tablet=\u00bb0px\u00bb header_6_text_shadow_blur_strength_tablet=\u00bb1px\u00bb box_shadow_horizontal_tablet=\u00bb0px\u00bb box_shadow_vertical_tablet=\u00bb0px\u00bb box_shadow_blur_tablet=\u00bb40px\u00bb box_shadow_spread_tablet=\u00bb0px\u00bb global_colors_info=\u00bb{}\u00bb]<\/p>\n<div>\n<h1><span style=\"color: #0000ff\"><b>Kim Putters: \u2018hacia una prosperidad compartida\u2019<\/b><\/span><\/h1>\n<\/div>\n<p style=\"font-weight: 400\">WILLEMSTAD\/KRALENDIJK, 9 de noviembre de 2025 \u2014 Durante la reuni\u00f3n anual de la Asociaci\u00f3n Internacional de Consejos Econ\u00f3micos y Sociales e Instituciones Similares (AICESIS), celebrada en Willemstad, Curazao, bajo la presidencia del Consejo Econ\u00f3mico y Social de Curazao (SER Curazao), el profesor dr. Kim Putters, presidente del Consejo Econ\u00f3mico y Social de los Pa\u00edses Bajos (SER Pa\u00edses Bajos), destac\u00f3 en una sesi\u00f3n privada la relevancia de la prosperidad compartida y de la colaboraci\u00f3n estructural al interior del Reino. A ra\u00edz de su conferencia p\u00fablica titulada <em>\u201cNavegar por el camino estrecho hacia una prosperidad compartida: una transici\u00f3n social\u201d<\/em>, pronunciada en la Universidad de Cura\u00e7ao el 5 de marzo de este a\u00f1o, Putters subray\u00f3 la necesidad de una base de conocimiento s\u00f3lida, un di\u00e1logo abierto con los actores sociales y una implementaci\u00f3n sostenida de pol\u00edticas que integren riqueza y medio ambiente.<\/p>\n<p style=\"font-weight: 400\">Durante el mandato bianual de Curazao al frente de la AICESIS se lograron avances tangibles, entre ellos el desarrollo del \u00cdndice de Crecimiento Sostenible (ICS\/SGI) \u2014 una herramienta concebida para que los gobiernos puedan orientar sus actuaciones hacia una prosperidad que sea econ\u00f3mica, social y ecol\u00f3gica, con visi\u00f3n de largo plazo. \u00abFue inspirador ver c\u00f3mo Curazao asumi\u00f3 un liderazgo que marc\u00f3 la agenda\u00bb, afirm\u00f3 Putters. \u00abFue un honor participar en ello.\u00bb<\/p>\n<p style=\"font-weight: 400\">A continuaci\u00f3n, la delegaci\u00f3n neerlandesa, liderada por Putters, llev\u00f3 a cabo una visita de trabajo de cuatro d\u00edas en Bonaire. En reuniones con autoridades locales y representantes de la sociedad civil se examinaron las v\u00edas concretas mediante las cuales SER de los Pa\u00edses Bajos puede colaborar con el desarrollo socioecon\u00f3mico de los tres territorios BES. Asimismo se realizaron sesiones en l\u00ednea con Sint Eustatius (Statia) y Saba. La meta es el intercambio entre pares, el establecimiento de una metodolog\u00eda conjunta de asesor\u00eda y la promoci\u00f3n de pol\u00edticas basadas en datos, todas orientadas por el principio de prosperidad amplia.<\/p>\n<p style=\"font-weight: 400\">La misi\u00f3n concluy\u00f3 con la invitaci\u00f3n al acto ceremonial de instalaci\u00f3n del nuevo gobernador de Curazao, el se\u00f1or Mauritsz de Kort, celebrado en el Palacio del Gobernador. \u00abMasha Danki por las conversaciones abiertas, la hospitalidad y la amistad\u00bb, declar\u00f3 Putters al t\u00e9rmino de su visita.<\/p>\n<p>[\/et_pb_text][et_pb_text admin_label=\u00bbAdd to any &#8211; niet aanpassen\u00bb _builder_version=\u00bb4.16&#8243; border_style=\u00bbsolid\u00bb saved_tabs=\u00bball\u00bb global_colors_info=\u00bb{}\u00bb]<\/p>\n<pre><code><div class=\"addtoany_shortcode\"><div class=\"a2a_kit a2a_kit_size_24 addtoany_list\" data-a2a-url=\"https:\/\/ser.cw\/es\/2025\/11\/09\/kim-putters-hacia-una-prosperidad-compartida\/\" data-a2a-title=\"Kim Putters: \u2018hacia una prosperidad compartida\u2019\"><a class=\"a2a_dd addtoany_share_save addtoany_share\" href=\"https:\/\/www.addtoany.com\/share\"><img decoding=\"async\" src=\"https:\/\/ser.cw\/wp-content\/uploads\/sites\/280\/2017\/12\/share.png\" alt=\"Share\"><\/a><\/div><\/div><\/code><\/pre>\n<p>[\/et_pb_text][et_pb_post_nav in_same_term=\u00bbon\u00bb admin_label=\u00bbPost Navigation &#8211; niet aanpassen\u00bb _builder_version=\u00bb4.16&#8243; border_style=\u00bbsolid\u00bb hide_prev=\u00bboff\u00bb hide_next=\u00bboff\u00bb global_colors_info=\u00bb{}\u00bb][\/et_pb_post_nav][\/et_pb_column][et_pb_column type=\u00bb1_3&#8243; _builder_version=\u00bb4.16&#8243; background_color=\u00bb#f4fbff\u00bb custom_padding=\u00bb30px|30px|30px|30px\u00bb global_colors_info=\u00bb{}\u00bb custom_padding__hover=\u00bb|||\u00bb][et_pb_post_title title=\u00bboff\u00bb meta=\u00bboff\u00bb admin_label=\u00bbPost Title &#8211; niet aanpassen\u00bb _builder_version=\u00bb4.16&#8243; border_style=\u00bbsolid\u00bb global_colors_info=\u00bb{}\u00bb][\/et_pb_post_title][et_pb_text _builder_version=\u00bb4.27.4&#8243; hover_enabled=\u00bb0&#8243; global_colors_info=\u00bb{}\u00bb sticky_enabled=\u00bb0&#8243;]<\/p>\n<p>\u200b<strong><em>Segundo desde la izquierda: el nuevo gobernador de Curazao, se\u00f1or Mauritsz de Kort; Kim Putters (presidente del SER de los Pa\u00edses Bajos); y el director\/secretario general del SER de Curazao, Raul Henriquez.<\/em><\/strong><\/p>\n<p>[\/et_pb_text][\/et_pb_column][\/et_pb_row][\/et_pb_section]<\/p>\n","protected":false},"excerpt":{"rendered":"<p>WILLEMSTAD\/KRALENDIJK, 9 de noviembre de 2025 \u2014 Durante la reuni\u00f3n anual de la Asociaci\u00f3n Internacional de Consejos Econ\u00f3micos y Sociales e Instituciones Similares (AICESIS), celebrada en Willemstad, Curazao, bajo la presidencia del Consejo Econ\u00f3mico y Social de Curazao (SER Curazao), el profesor dr. Kim Putters, presidente del Consejo Econ\u00f3mico y Social de los Pa\u00edses Bajos (SER Pa\u00edses Bajos), destac\u00f3 en una sesi\u00f3n privada la relevancia de la prosperidad compartida y de la colaboraci\u00f3n estructural al interior del Reino<\/p>\n","protected":false},"author":111,"featured_media":37735,"comment_status":"closed","ping_status":"closed","sticky":false,"template":"","format":"standard","meta":{"_et_pb_use_builder":"on","_et_pb_old_content":"<h1><span style=\"color: #0000ff;\">SER-advies uit over initiatiefvoorstel tot herziening OZB-stelsel<\/span><\/h1><p>Willemstad, 15 juli 2025 \u2013 De Sociaal-Economische Raad (SER) heeft op vrijdag 11 juli jongstleden een advies uitgebracht over de initiatiefontwerplandsverordening tot wijziging van de Landsverordening inzake de belastingheffing van onroerende zaken (Landsverordening onroerendezaakbelasting 2014). Het advies werd uitgebracht op verzoek van de Staten van Cura\u00e7ao.<\/p><p>Het initiatiefvoorstel is afkomstig van de fractie van de MAN in de Staten, die zich hierbij beroept op het recht van initiatief zoals vastgelegd in artikel 77 van de Staatsregeling van Cura\u00e7ao (A.B. 2010, no. 86). Dit artikel verleent Statenleden de bevoegdheid om wetsvoorstellen zelfstandig in te dienen en aan de regering voor te dragen.<\/p><p>Met het ontwerp beogen de indieners een herziening van het huidige OZB-stelsel, onder meer door aanpassing van de tariefstructuur, verhoging van de vrijstellingsdrempel en vereenvoudiging van de administratieve verwerking van de belasting op onroerende zaken.<\/p><p>De Staten zullen het advies van de SER betrekken bij hun verdere beraadslaging over het initiatiefwetsvoorstel.<\/p>","_et_gb_content_width":"","_links_to":"","_links_to_type":0,"wds_primary_category":0,"footnotes":""},"categories":[440,403],"tags":[],"class_list":["post-37729","post","type-post","status-publish","format-standard","has-post-thumbnail","hentry","category-2025-es","category-comunicado-de-prensa"],"yoast_head":"<!-- This site is optimized with the Yoast SEO plugin v27.3 - https:\/\/yoast.com\/product\/yoast-seo-wordpress\/ -->\n<title>Kim Putters: \u2018hacia una prosperidad compartida\u2019 - Sociaal Economische Raad Cura\u00e7ao<\/title>\n<meta name=\"robots\" content=\"index, follow, max-snippet:-1, max-image-preview:large, max-video-preview:-1\" \/>\n<link rel=\"canonical\" href=\"https:\/\/ser.cw\/es\/2025\/11\/09\/kim-putters-hacia-una-prosperidad-compartida\/\" \/>\n<meta property=\"og:locale\" content=\"es_ES\" \/>\n<meta property=\"og:type\" content=\"article\" \/>\n<meta property=\"og:title\" content=\"Kim Putters: \u2018hacia una prosperidad compartida\u2019 - Sociaal Economische Raad Cura\u00e7ao\" \/>\n<meta property=\"og:description\" content=\"WILLEMSTAD\/KRALENDIJK, 9 de noviembre de 2025 \u2014 Durante la reuni\u00f3n anual de la Asociaci\u00f3n Internacional de Consejos Econ\u00f3micos y Sociales e Instituciones Similares (AICESIS), celebrada en Willemstad, Curazao, bajo la presidencia del Consejo Econ\u00f3mico y Social de Curazao (SER Curazao), el profesor dr. Kim Putters, presidente del Consejo Econ\u00f3mico y Social de los Pa\u00edses Bajos (SER Pa\u00edses Bajos), destac\u00f3 en una sesi\u00f3n privada la relevancia de la prosperidad compartida y de la colaboraci\u00f3n estructural al interior del Reino\" \/>\n<meta property=\"og:url\" content=\"https:\/\/ser.cw\/es\/2025\/11\/09\/kim-putters-hacia-una-prosperidad-compartida\/\" \/>\n<meta property=\"og:site_name\" content=\"Sociaal Economische Raad Cura\u00e7ao\" \/>\n<meta property=\"article:published_time\" content=\"2025-11-09T21:45:26+00:00\" \/>\n<meta property=\"article:modified_time\" content=\"2025-11-09T22:09:22+00:00\" \/>\n<meta property=\"og:image\" content=\"https:\/\/ser.cw\/wp-content\/uploads\/sites\/280\/2025\/11\/7-nov-2025.jpg\" \/>\n\t<meta property=\"og:image:width\" content=\"1200\" \/>\n\t<meta property=\"og:image:height\" content=\"1600\" \/>\n\t<meta property=\"og:image:type\" content=\"image\/jpeg\" \/>\n<meta name=\"author\" content=\"Lidia Rocha-Teixeira\" \/>\n<meta name=\"twitter:card\" content=\"summary_large_image\" \/>\n<meta name=\"twitter:label1\" content=\"Escrito por\" \/>\n\t<meta name=\"twitter:data1\" content=\"Lidia Rocha-Teixeira\" \/>\n\t<meta name=\"twitter:label2\" content=\"Tiempo de lectura\" \/>\n\t<meta name=\"twitter:data2\" content=\"3 minutos\" \/>\n<script type=\"application\/ld+json\" class=\"yoast-schema-graph\">{\"@context\":\"https:\\\/\\\/schema.org\",\"@graph\":[{\"@type\":\"Article\",\"@id\":\"https:\\\/\\\/ser.cw\\\/es\\\/2025\\\/11\\\/09\\\/kim-putters-hacia-una-prosperidad-compartida\\\/#article\",\"isPartOf\":{\"@id\":\"https:\\\/\\\/ser.cw\\\/es\\\/2025\\\/11\\\/09\\\/kim-putters-hacia-una-prosperidad-compartida\\\/\"},\"author\":{\"name\":\"Lidia Rocha-Teixeira\",\"@id\":\"https:\\\/\\\/ser.cw\\\/#\\\/schema\\\/person\\\/950d47af65d238679b324eb3e947eacc\"},\"headline\":\"Kim Putters: \u2018hacia una prosperidad compartida\u2019\",\"datePublished\":\"2025-11-09T21:45:26+00:00\",\"dateModified\":\"2025-11-09T22:09:22+00:00\",\"mainEntityOfPage\":{\"@id\":\"https:\\\/\\\/ser.cw\\\/es\\\/2025\\\/11\\\/09\\\/kim-putters-hacia-una-prosperidad-compartida\\\/\"},\"wordCount\":1491,\"image\":{\"@id\":\"https:\\\/\\\/ser.cw\\\/es\\\/2025\\\/11\\\/09\\\/kim-putters-hacia-una-prosperidad-compartida\\\/#primaryimage\"},\"thumbnailUrl\":\"https:\\\/\\\/ser.cw\\\/wp-content\\\/uploads\\\/sites\\\/280\\\/2025\\\/11\\\/7-nov-2025.jpg\",\"articleSection\":[\"2025\",\"Comunicado de prensa\"],\"inLanguage\":\"es\"},{\"@type\":\"WebPage\",\"@id\":\"https:\\\/\\\/ser.cw\\\/es\\\/2025\\\/11\\\/09\\\/kim-putters-hacia-una-prosperidad-compartida\\\/\",\"url\":\"https:\\\/\\\/ser.cw\\\/es\\\/2025\\\/11\\\/09\\\/kim-putters-hacia-una-prosperidad-compartida\\\/\",\"name\":\"Kim Putters: \u2018hacia una prosperidad compartida\u2019 - Sociaal Economische Raad Cura\u00e7ao\",\"isPartOf\":{\"@id\":\"https:\\\/\\\/ser.cw\\\/#website\"},\"primaryImageOfPage\":{\"@id\":\"https:\\\/\\\/ser.cw\\\/es\\\/2025\\\/11\\\/09\\\/kim-putters-hacia-una-prosperidad-compartida\\\/#primaryimage\"},\"image\":{\"@id\":\"https:\\\/\\\/ser.cw\\\/es\\\/2025\\\/11\\\/09\\\/kim-putters-hacia-una-prosperidad-compartida\\\/#primaryimage\"},\"thumbnailUrl\":\"https:\\\/\\\/ser.cw\\\/wp-content\\\/uploads\\\/sites\\\/280\\\/2025\\\/11\\\/7-nov-2025.jpg\",\"datePublished\":\"2025-11-09T21:45:26+00:00\",\"dateModified\":\"2025-11-09T22:09:22+00:00\",\"author\":{\"@id\":\"https:\\\/\\\/ser.cw\\\/#\\\/schema\\\/person\\\/950d47af65d238679b324eb3e947eacc\"},\"breadcrumb\":{\"@id\":\"https:\\\/\\\/ser.cw\\\/es\\\/2025\\\/11\\\/09\\\/kim-putters-hacia-una-prosperidad-compartida\\\/#breadcrumb\"},\"inLanguage\":\"es\",\"potentialAction\":[{\"@type\":\"ReadAction\",\"target\":[\"https:\\\/\\\/ser.cw\\\/es\\\/2025\\\/11\\\/09\\\/kim-putters-hacia-una-prosperidad-compartida\\\/\"]}]},{\"@type\":\"ImageObject\",\"inLanguage\":\"es\",\"@id\":\"https:\\\/\\\/ser.cw\\\/es\\\/2025\\\/11\\\/09\\\/kim-putters-hacia-una-prosperidad-compartida\\\/#primaryimage\",\"url\":\"https:\\\/\\\/ser.cw\\\/wp-content\\\/uploads\\\/sites\\\/280\\\/2025\\\/11\\\/7-nov-2025.jpg\",\"contentUrl\":\"https:\\\/\\\/ser.cw\\\/wp-content\\\/uploads\\\/sites\\\/280\\\/2025\\\/11\\\/7-nov-2025.jpg\",\"width\":1200,\"height\":1600},{\"@type\":\"BreadcrumbList\",\"@id\":\"https:\\\/\\\/ser.cw\\\/es\\\/2025\\\/11\\\/09\\\/kim-putters-hacia-una-prosperidad-compartida\\\/#breadcrumb\",\"itemListElement\":[{\"@type\":\"ListItem\",\"position\":1,\"name\":\"Home\",\"item\":\"https:\\\/\\\/ser.cw\\\/es\\\/\"},{\"@type\":\"ListItem\",\"position\":2,\"name\":\"Kim Putters: \u2018hacia una prosperidad compartida\u2019\"}]},{\"@type\":\"WebSite\",\"@id\":\"https:\\\/\\\/ser.cw\\\/#website\",\"url\":\"https:\\\/\\\/ser.cw\\\/\",\"name\":\"Sociaal Economische Raad Cura\u00e7ao\",\"description\":\"adviesorgaan van de regering en het parlement van Cura\u00e7ao omtrent alle belangrijke onderwerpen van sociaal-economische aard\",\"potentialAction\":[{\"@type\":\"SearchAction\",\"target\":{\"@type\":\"EntryPoint\",\"urlTemplate\":\"https:\\\/\\\/ser.cw\\\/?s={search_term_string}\"},\"query-input\":{\"@type\":\"PropertyValueSpecification\",\"valueRequired\":true,\"valueName\":\"search_term_string\"}}],\"inLanguage\":\"es\"},{\"@type\":\"Person\",\"@id\":\"https:\\\/\\\/ser.cw\\\/#\\\/schema\\\/person\\\/950d47af65d238679b324eb3e947eacc\",\"name\":\"Lidia Rocha-Teixeira\",\"image\":{\"@type\":\"ImageObject\",\"inLanguage\":\"es\",\"@id\":\"https:\\\/\\\/ser.cw\\\/wp-content\\\/wphb-cache\\\/gravatar\\\/f5f\\\/f5fba2fe2fedc34a45ee60ea9edba895x96.jpg\",\"url\":\"https:\\\/\\\/ser.cw\\\/wp-content\\\/wphb-cache\\\/gravatar\\\/f5f\\\/f5fba2fe2fedc34a45ee60ea9edba895x96.jpg\",\"contentUrl\":\"https:\\\/\\\/ser.cw\\\/wp-content\\\/wphb-cache\\\/gravatar\\\/f5f\\\/f5fba2fe2fedc34a45ee60ea9edba895x96.jpg\",\"caption\":\"Lidia Rocha-Teixeira\"},\"url\":\"https:\\\/\\\/ser.cw\\\/es\\\/author\\\/lidia\\\/\"}]}<\/script>\n<!-- \/ Yoast SEO plugin. -->","yoast_head_json":{"title":"Kim Putters: \u2018hacia una prosperidad compartida\u2019 - Sociaal Economische Raad Cura\u00e7ao","robots":{"index":"index","follow":"follow","max-snippet":"max-snippet:-1","max-image-preview":"max-image-preview:large","max-video-preview":"max-video-preview:-1"},"canonical":"https:\/\/ser.cw\/es\/2025\/11\/09\/kim-putters-hacia-una-prosperidad-compartida\/","og_locale":"es_ES","og_type":"article","og_title":"Kim Putters: \u2018hacia una prosperidad compartida\u2019 - Sociaal Economische Raad Cura\u00e7ao","og_description":"WILLEMSTAD\/KRALENDIJK, 9 de noviembre de 2025 \u2014 Durante la reuni\u00f3n anual de la Asociaci\u00f3n Internacional de Consejos Econ\u00f3micos y Sociales e Instituciones Similares (AICESIS), celebrada en Willemstad, Curazao, bajo la presidencia del Consejo Econ\u00f3mico y Social de Curazao (SER Curazao), el profesor dr. Kim Putters, presidente del Consejo Econ\u00f3mico y Social de los Pa\u00edses Bajos (SER Pa\u00edses Bajos), destac\u00f3 en una sesi\u00f3n privada la relevancia de la prosperidad compartida y de la colaboraci\u00f3n estructural al interior del Reino","og_url":"https:\/\/ser.cw\/es\/2025\/11\/09\/kim-putters-hacia-una-prosperidad-compartida\/","og_site_name":"Sociaal Economische Raad Cura\u00e7ao","article_published_time":"2025-11-09T21:45:26+00:00","article_modified_time":"2025-11-09T22:09:22+00:00","og_image":[{"width":1200,"height":1600,"url":"https:\/\/ser.cw\/wp-content\/uploads\/sites\/280\/2025\/11\/7-nov-2025.jpg","type":"image\/jpeg"}],"author":"Lidia Rocha-Teixeira","twitter_card":"summary_large_image","twitter_misc":{"Escrito por":"Lidia Rocha-Teixeira","Tiempo de lectura":"3 minutos"},"schema":{"@context":"https:\/\/schema.org","@graph":[{"@type":"Article","@id":"https:\/\/ser.cw\/es\/2025\/11\/09\/kim-putters-hacia-una-prosperidad-compartida\/#article","isPartOf":{"@id":"https:\/\/ser.cw\/es\/2025\/11\/09\/kim-putters-hacia-una-prosperidad-compartida\/"},"author":{"name":"Lidia Rocha-Teixeira","@id":"https:\/\/ser.cw\/#\/schema\/person\/950d47af65d238679b324eb3e947eacc"},"headline":"Kim Putters: \u2018hacia una prosperidad compartida\u2019","datePublished":"2025-11-09T21:45:26+00:00","dateModified":"2025-11-09T22:09:22+00:00","mainEntityOfPage":{"@id":"https:\/\/ser.cw\/es\/2025\/11\/09\/kim-putters-hacia-una-prosperidad-compartida\/"},"wordCount":1491,"image":{"@id":"https:\/\/ser.cw\/es\/2025\/11\/09\/kim-putters-hacia-una-prosperidad-compartida\/#primaryimage"},"thumbnailUrl":"https:\/\/ser.cw\/wp-content\/uploads\/sites\/280\/2025\/11\/7-nov-2025.jpg","articleSection":["2025","Comunicado de prensa"],"inLanguage":"es"},{"@type":"WebPage","@id":"https:\/\/ser.cw\/es\/2025\/11\/09\/kim-putters-hacia-una-prosperidad-compartida\/","url":"https:\/\/ser.cw\/es\/2025\/11\/09\/kim-putters-hacia-una-prosperidad-compartida\/","name":"Kim Putters: \u2018hacia una prosperidad compartida\u2019 - Sociaal Economische Raad Cura\u00e7ao","isPartOf":{"@id":"https:\/\/ser.cw\/#website"},"primaryImageOfPage":{"@id":"https:\/\/ser.cw\/es\/2025\/11\/09\/kim-putters-hacia-una-prosperidad-compartida\/#primaryimage"},"image":{"@id":"https:\/\/ser.cw\/es\/2025\/11\/09\/kim-putters-hacia-una-prosperidad-compartida\/#primaryimage"},"thumbnailUrl":"https:\/\/ser.cw\/wp-content\/uploads\/sites\/280\/2025\/11\/7-nov-2025.jpg","datePublished":"2025-11-09T21:45:26+00:00","dateModified":"2025-11-09T22:09:22+00:00","author":{"@id":"https:\/\/ser.cw\/#\/schema\/person\/950d47af65d238679b324eb3e947eacc"},"breadcrumb":{"@id":"https:\/\/ser.cw\/es\/2025\/11\/09\/kim-putters-hacia-una-prosperidad-compartida\/#breadcrumb"},"inLanguage":"es","potentialAction":[{"@type":"ReadAction","target":["https:\/\/ser.cw\/es\/2025\/11\/09\/kim-putters-hacia-una-prosperidad-compartida\/"]}]},{"@type":"ImageObject","inLanguage":"es","@id":"https:\/\/ser.cw\/es\/2025\/11\/09\/kim-putters-hacia-una-prosperidad-compartida\/#primaryimage","url":"https:\/\/ser.cw\/wp-content\/uploads\/sites\/280\/2025\/11\/7-nov-2025.jpg","contentUrl":"https:\/\/ser.cw\/wp-content\/uploads\/sites\/280\/2025\/11\/7-nov-2025.jpg","width":1200,"height":1600},{"@type":"BreadcrumbList","@id":"https:\/\/ser.cw\/es\/2025\/11\/09\/kim-putters-hacia-una-prosperidad-compartida\/#breadcrumb","itemListElement":[{"@type":"ListItem","position":1,"name":"Home","item":"https:\/\/ser.cw\/es\/"},{"@type":"ListItem","position":2,"name":"Kim Putters: \u2018hacia una prosperidad compartida\u2019"}]},{"@type":"WebSite","@id":"https:\/\/ser.cw\/#website","url":"https:\/\/ser.cw\/","name":"Sociaal Economische Raad Cura\u00e7ao","description":"adviesorgaan van de regering en het parlement van Cura\u00e7ao omtrent alle belangrijke onderwerpen van sociaal-economische aard","potentialAction":[{"@type":"SearchAction","target":{"@type":"EntryPoint","urlTemplate":"https:\/\/ser.cw\/?s={search_term_string}"},"query-input":{"@type":"PropertyValueSpecification","valueRequired":true,"valueName":"search_term_string"}}],"inLanguage":"es"},{"@type":"Person","@id":"https:\/\/ser.cw\/#\/schema\/person\/950d47af65d238679b324eb3e947eacc","name":"Lidia Rocha-Teixeira","image":{"@type":"ImageObject","inLanguage":"es","@id":"https:\/\/ser.cw\/wp-content\/wphb-cache\/gravatar\/f5f\/f5fba2fe2fedc34a45ee60ea9edba895x96.jpg","url":"https:\/\/ser.cw\/wp-content\/wphb-cache\/gravatar\/f5f\/f5fba2fe2fedc34a45ee60ea9edba895x96.jpg","contentUrl":"https:\/\/ser.cw\/wp-content\/wphb-cache\/gravatar\/f5f\/f5fba2fe2fedc34a45ee60ea9edba895x96.jpg","caption":"Lidia Rocha-Teixeira"},"url":"https:\/\/ser.cw\/es\/author\/lidia\/"}]}},"_links":{"self":[{"href":"https:\/\/ser.cw\/es\/wp-json\/wp\/v2\/posts\/37729","targetHints":{"allow":["GET"]}}],"collection":[{"href":"https:\/\/ser.cw\/es\/wp-json\/wp\/v2\/posts"}],"about":[{"href":"https:\/\/ser.cw\/es\/wp-json\/wp\/v2\/types\/post"}],"author":[{"embeddable":true,"href":"https:\/\/ser.cw\/es\/wp-json\/wp\/v2\/users\/111"}],"replies":[{"embeddable":true,"href":"https:\/\/ser.cw\/es\/wp-json\/wp\/v2\/comments?post=37729"}],"version-history":[{"count":0,"href":"https:\/\/ser.cw\/es\/wp-json\/wp\/v2\/posts\/37729\/revisions"}],"wp:featuredmedia":[{"embeddable":true,"href":"https:\/\/ser.cw\/es\/wp-json\/wp\/v2\/media\/37735"}],"wp:attachment":[{"href":"https:\/\/ser.cw\/es\/wp-json\/wp\/v2\/media?parent=37729"}],"wp:term":[{"taxonomy":"category","embeddable":true,"href":"https:\/\/ser.cw\/es\/wp-json\/wp\/v2\/categories?post=37729"},{"taxonomy":"post_tag","embeddable":true,"href":"https:\/\/ser.cw\/es\/wp-json\/wp\/v2\/tags?post=37729"}],"curies":[{"name":"wp","href":"https:\/\/api.w.org\/{rel}","templated":true}]}}