{"id":29877,"date":"2019-05-21T09:39:39","date_gmt":"2019-05-21T13:39:39","guid":{"rendered":"https:\/\/ser.cw\/2019\/05\/21\/curacao-buigt-zich-over-toekomst-van-werk\/"},"modified":"2023-10-14T12:53:45","modified_gmt":"2023-10-14T16:53:45","slug":"curacao-buigt-zich-over-toekomst-van-werk","status":"publish","type":"post","link":"https:\/\/ser.cw\/es\/2019\/05\/21\/curacao-buigt-zich-over-toekomst-van-werk\/","title":{"rendered":"CURACAO BUIGT ZICH OVER TOEKOMST VAN WERK"},"content":{"rendered":"<p>[et_pb_section fb_built=\u00bb1&#8243; fullwidth=\u00bbon\u00bb _builder_version=\u00bb4.16&#8243; global_colors_info=\u00bb{}\u00bb][et_pb_fullwidth_slider _builder_version=\u00bb4.16&#8243; custom_padding=\u00bb|||\u00bb saved_tabs=\u00bball\u00bb global_colors_info=\u00bb{}\u00bb button_text_size__hover_enabled=\u00bboff\u00bb button_text_size__hover=\u00bbnull\u00bb button_one_text_size__hover_enabled=\u00bboff\u00bb button_one_text_size__hover=\u00bbnull\u00bb button_two_text_size__hover_enabled=\u00bboff\u00bb button_two_text_size__hover=\u00bbnull\u00bb button_text_color__hover_enabled=\u00bboff\u00bb button_text_color__hover=\u00bbnull\u00bb button_one_text_color__hover_enabled=\u00bboff\u00bb button_one_text_color__hover=\u00bbnull\u00bb button_two_text_color__hover_enabled=\u00bboff\u00bb button_two_text_color__hover=\u00bbnull\u00bb button_border_width__hover_enabled=\u00bboff\u00bb button_border_width__hover=\u00bbnull\u00bb button_one_border_width__hover_enabled=\u00bboff\u00bb button_one_border_width__hover=\u00bbnull\u00bb button_two_border_width__hover_enabled=\u00bboff\u00bb button_two_border_width__hover=\u00bbnull\u00bb button_border_color__hover_enabled=\u00bboff\u00bb button_border_color__hover=\u00bbnull\u00bb button_one_border_color__hover_enabled=\u00bboff\u00bb button_one_border_color__hover=\u00bbnull\u00bb button_two_border_color__hover_enabled=\u00bboff\u00bb button_two_border_color__hover=\u00bbnull\u00bb button_border_radius__hover_enabled=\u00bboff\u00bb button_border_radius__hover=\u00bbnull\u00bb button_one_border_radius__hover_enabled=\u00bboff\u00bb button_one_border_radius__hover=\u00bbnull\u00bb button_two_border_radius__hover_enabled=\u00bboff\u00bb button_two_border_radius__hover=\u00bbnull\u00bb button_letter_spacing__hover_enabled=\u00bboff\u00bb button_letter_spacing__hover=\u00bbnull\u00bb button_one_letter_spacing__hover_enabled=\u00bboff\u00bb button_one_letter_spacing__hover=\u00bbnull\u00bb button_two_letter_spacing__hover_enabled=\u00bboff\u00bb button_two_letter_spacing__hover=\u00bbnull\u00bb button_bg_color__hover_enabled=\u00bboff\u00bb button_bg_color__hover=\u00bbnull\u00bb button_one_bg_color__hover_enabled=\u00bboff\u00bb button_one_bg_color__hover=\u00bbnull\u00bb button_two_bg_color__hover_enabled=\u00bboff\u00bb button_two_bg_color__hover=\u00bbnull\u00bb][et_pb_slide use_bg_overlay=\u00bboff\u00bb use_text_overlay=\u00bboff\u00bb admin_title=\u00bbweb\u00bb _builder_version=\u00bb4.16&#8243; header_font=\u00bb||||\u00bb body_font=\u00bb||||\u00bb background_color=\u00bb#ffffff\u00bb background_image=\u00bbhttps:\/\/ser.cw\/wp-content\/uploads\/sites\/280\/2017\/09\/Website-SER-Banner-voorstel-16-verbonden-1.jpg\u00bb button_on_hover=\u00bbon\u00bb global_colors_info=\u00bb{}\u00bb sticky_transition=\u00bbon\u00bb button_text_size__hover_enabled=\u00bboff\u00bb button_one_text_size__hover_enabled=\u00bboff\u00bb button_two_text_size__hover_enabled=\u00bboff\u00bb button_text_color__hover_enabled=\u00bboff\u00bb button_one_text_color__hover_enabled=\u00bboff\u00bb button_two_text_color__hover_enabled=\u00bboff\u00bb button_border_width__hover_enabled=\u00bboff\u00bb button_one_border_width__hover_enabled=\u00bboff\u00bb button_two_border_width__hover_enabled=\u00bboff\u00bb button_border_color__hover_enabled=\u00bboff\u00bb button_one_border_color__hover_enabled=\u00bboff\u00bb button_two_border_color__hover_enabled=\u00bboff\u00bb button_border_radius__hover_enabled=\u00bboff\u00bb button_one_border_radius__hover_enabled=\u00bboff\u00bb button_two_border_radius__hover_enabled=\u00bboff\u00bb button_letter_spacing__hover_enabled=\u00bboff\u00bb button_one_letter_spacing__hover_enabled=\u00bboff\u00bb button_two_letter_spacing__hover_enabled=\u00bboff\u00bb button_bg_color__hover_enabled=\u00bboff\u00bb button_one_bg_color__hover_enabled=\u00bboff\u00bb button_two_bg_color__hover_enabled=\u00bboff\u00bb][\/et_pb_slide][\/et_pb_fullwidth_slider][\/et_pb_section][et_pb_section fb_built=\u00bb1&#8243; module_class=\u00bbpersbericht-titel\u00bb _builder_version=\u00bb4.16&#8243; background_color=\u00bbrgba(255,255,255,0)\u00bb custom_padding=\u00bb0px|0px|0px|0px\u00bb transparent_background=\u00bbon\u00bb global_colors_info=\u00bb{}\u00bb][et_pb_row use_custom_gutter=\u00bbon\u00bb gutter_width=\u00bb1&#8243; _builder_version=\u00bb4.16&#8243; global_colors_info=\u00bb{}\u00bb column_structure=\u00bb2_3,1_3&#8243;][et_pb_column type=\u00bb2_3&#8243; _builder_version=\u00bb4.16&#8243; custom_padding=\u00bb|||\u00bb global_colors_info=\u00bb{}\u00bb custom_padding__hover=\u00bb|||\u00bb][et_pb_text admin_label=\u00bbNiet aanpassen\u00bb _builder_version=\u00bb4.16&#8243; background_color=\u00bbrgba(255,255,255,0.68)\u00bb custom_padding=\u00bb15px|30px|3px|30px\u00bb border_style=\u00bbsolid\u00bb global_colors_info=\u00bb{}\u00bb]<\/p>\n<h2>Persbericht<\/h2>\n<p>[\/et_pb_text][\/et_pb_column][et_pb_column type=\u00bb1_3&#8243; _builder_version=\u00bb4.16&#8243; custom_padding=\u00bb|||\u00bb global_colors_info=\u00bb{}\u00bb custom_padding__hover=\u00bb|||\u00bb][\/et_pb_column][\/et_pb_row][\/et_pb_section][et_pb_section fb_built=\u00bb1&#8243; _builder_version=\u00bb4.16&#8243; background_color=\u00bb#d1f0ff\u00bb custom_padding=\u00bb0px|0px|0px|0px\u00bb global_colors_info=\u00bb{}\u00bb][et_pb_row use_custom_gutter=\u00bbon\u00bb gutter_width=\u00bb1&#8243; make_equal=\u00bbon\u00bb _builder_version=\u00bb4.16&#8243; global_colors_info=\u00bb{}\u00bb column_structure=\u00bb2_3,1_3&#8243;][et_pb_column type=\u00bb2_3&#8243; _builder_version=\u00bb4.16&#8243; background_color=\u00bb#fcfeff\u00bb custom_padding=\u00bb30px|30px|30px|30px\u00bb global_colors_info=\u00bb{}\u00bb custom_padding__hover=\u00bb|||\u00bb][et_pb_text _builder_version=\u00bb4.16&#8243; global_colors_info=\u00bb{}\u00bb]<\/p>\n<h1><span style=\"color: #0000ff\">CURACAO BUIGT ZICH OVER TOEKOMST VAN WERK<\/span><\/h1>\n<h3><span style=\"color: #000000\">Veel inzichten bij miniconferentie over Future of Work<\/span><\/h3>\n<p>Willemstad, 12 mei 2019 \u2013 Tijdens de miniconferentie over Future of Work die op zaterdag 11 mei werd gehouden in het World Trade Center (WTC) en waaraan meer dan honderd personen, voornamelijk professionals, uit diverse geledingen van de samenleving deelnamen, werd uitvoerig gediscussieerd over de bedreigingen en kansen op de veranderende Cura\u00e7aose arbeidsmarkt. De miniconferentie werd georganiseerd door de Sociaal-Economische Raad (SER) en het ministerie van Sociale Ontwikkeling, Arbeid en Welzijn (SOAW) in de aanloop naar het eeuwfeest volgende maand van de Internationale Arbeidsorganisatie, de ILO. De miniconferentie werd rechtstreeks uitgezonden via radiozender CuromZ86. Televisiezender Nos Pais Television was ook aanwezig en heeft opnames gemaakt van de gehele conferentie. In een later stadium zal Nos Pais Television de conferentie integraal uitzenden<\/p>\n<p>De miniconferentie werd ingeleid door dagvoorzitter Raul Henriquez (directeur en algemeen secretaris van de SER) die een videoboodschap liet zien van minister Hensely Koeiman van SOAW. In zijn videospeech spoorde Koeiman de deelnemers aan om, ondanks de enorme uitdagingen waarmee Cura\u00e7ao op dit moment te kampen heeft, de discussie over het thema levendig te houden en te focussen op de kansen die er liggen. Als concrete voorbeelden noemde hij onder meer de komst van Damen Shiprepair Cura\u00e7ao, die werkmogelijkheden biedt aan Cura\u00e7aoenaars en de komst van het bedrijf Corendon, dat een megahotel aan het bouwen is op het eiland en voor voldoende werkgelegenheid zal zorgen zeker nu de toeristische sector aan het groeien is. Gelet op het thema van de conferentie stond hij ook stil bij het promoten van strategische doelen zoals meer jobs, betere sociale bescherming, sociale dialoog en respect voor de fundamentele arbeidsnormen (\u2018decent work\u2019).<\/p>\n<p>Na de inleidende opmerkingen van minister Koeiman ging SER-directeur Henriquez in op de wijze waarop het \u2018Future of Work\u2019 traject op Cura\u00e7ao wordt opgepakt en de rol van de SER daarbij, waarbij hij een directe link legde tussen het belang van sociale dialoog en de \u2018drivers of change\u2019 in de complexe wereld van werk. Technologische ontwikkelingen, demografische trends, klimaatverandering en versnelde globalisering zijn al voelbaar in ons land, zo benadrukte Henriquez. In diverse economische sectoren verdwijnen banen als gevolg van automatisering, digitalisering en robotisering. Ons sociaal zekerheidsstelsel staat onder zware druk door toenemende vergrijzing en ontgroening. Het migratievraagstuk, waarover de SER\u2019en van Aruba, Cura\u00e7ao en Sint Maarten op 9 en 10 mei 2019 een zeer goed bezocht symposium organiseerden, vraagt om robuust beleid en effectieve interventie om mismatches op de arbeidsmarkt tegen te gaan en om de houdbaarheid van ons sociaal zekerheidsstelsel te garanderen. Verder ging Henriquez in op de verhoging van de zeespiegel die op sommige delen van het eiland al merkbaar is en die de nodige aandacht vergt.<\/p>\n<p>,,Sociale dialoog, met zo breed mogelijke maatschappelijke participatie, over deze trends en ontwikkelingen moet worden gestimuleerd. Sociale dialoog en tripartisme hebben gedurende de jaren heen een wezenlijke bijdrage geleverd aan het realiseren van sociale rechtvaardigheid en vrede op mondiaal niveau. De gedachte is dat zij nu meer dan ooit noodzakelijk zijn om adequate oplossingen te bieden voor de uitdagingen die de transformatie van de \u2018world of work\u2019 met zich meebrengt\u2019\u2019 aldus Henriquez.<\/p>\n<p>Hierna presenteerde Miguel Goede, auteur en wetenschapper, zijn conclusies en bevindingen van een door hem, in opdracht van de SER en het ministerie van SOAW, verricht kwantitatief en kwalitatief onderzoek naar de tendensen op Cura\u00e7ao die gerelateerd zijn aan het thema Future of Work in het algemeen en aan de Vierde Industri\u00eble Revolutie in het bijzonder. Het onderzoek van Goede spitste zich toe op de vraag wat er allemaal gaande is op dit vlak in de diverse sectoren zoals de overheid, het bedrijfsleven, de ngo\u2019s, het onderwijs, de vakbeweging en de academische wereld en hoe de dialoog in die kringen wordt gevoerd. Voor de tekst van het onderzoeksrapport klik <a href=\"https:\/\/ser.cw\/wp-content\/uploads\/sites\/280\/2019\/05\/Onderzoeksrapport-FoW-CUR.pdf\">hier<\/a><\/p>\n<p>Voornaamste conclusie uit het onderzoek is dat binnen al die gremia wel degelijk volop aandacht is voor het thema en dat er daarover ook inhoudelijke, zinvolle discussies en debatten worden gevoerd. Echter, de dialoog is op dit ogenblik te gefragmenteerd en beperkt zich tot bepaalde aspecten van Future of Work. Een gestructureerde, integrale, holistische aanpak gericht op alle aspecten, eigen aan het thema, ontbreekt. Met name overheid, werkgevers en werknemers moeten hierin een prominentere rol gaan spelen en sturend optreden, al dan niet in bestaande platformen zoals het nationale dialoogplatform \u2018Di\u00e1logo Nashonal K\u00f2rsou ta Avans\u00e1\u2019.<\/p>\n<p>De conclusies en bevindingen van Miguel Goede werden gevolgd door een presentatie van Suzanne Larmonie, beleidsdirecteur bij het ministerie van Onderwijs, Wetenschap, Cultuur en Sport (OWCS), met als titel \u2018Future of Education en digitalisering in het Onderwijs\u2019. Larmonie stond uitvoerig stil bij de inpassing van de 21<sup>st<\/sup> Century Education Skills<em> (critical thinking, creativity, collaboration, communication, information literacy, media literacy, technology literacy en flexibility)<\/em> in het onderwijssysteem en de vele uitdagingen, waarmee het onderwijs kampt om deze 21ste eeuwse vaardigheden in de onderwijscurricula te incorporeren.<\/p>\n<p>Vervolgens was het de beurt aan vakbondsleider Wendell Muelen van de vakbond UGTK\/CADMU om het vakbondsperspectief op het thema naar voren te brengen. ,,Hoewel het vakbondswezen zich wel degelijk bewust is van de veranderingen op de arbeidsmarkt is zij van oordeel dat verworven arbeidsrechten in het kader van de discussie over \u2018decent work\u2019 niet zomaar van tafel kunnen worden geveegd\u201d aldus Muelen, die verder benadrukte dat binnen kringen van de internationale vakbeweging diepgaande discussies hierover gaande zijn.<\/p>\n<p>Clark Russel, ondernemer en voorzitter van de Vereniging Bedrijfsleven Cura\u00e7ao (VBC) en Denneth van der Veen, intrapreneur, werkzaam bij het Cura\u00e7aose softwarebedrijf Ictual N.V., gaven op hun beurt de werkgeversvisie over Future of Work waarbij zij stilstonden bij het belang van zelfstandigheid en zelfredzaamheid van werknemers. Beide brachten naar voren dat Cura\u00e7ao als het ware een paradijs is om te wonen en te werken en dat Cura\u00e7ao haar grenzen moet openen voor hoogopgeleide jonge knowledge workers die vanuit ons eiland hun producten en diensten via het internet aan de hele wereld kunnen aanbieden. ,,In de discussies over migratiebeleid moet dit aspect zeker prioriteit krijgen\u201d, vinden zij.<\/p>\n<p>Tot slot gaven Runy Calmera, econoom, en Veronika de Sampayo Garrido, HR-expert, hun visies over Future of Work op basis van hun specifieke expertises, waarbij beide aangaven dat het proces onomkeerbaar is en moed vergt van iedereen om tijdig de juiste strategische keuzes te maken.<\/p>\n<p>De conferentie eindigde met een oproep aan de gemeenschap om sociale dialoog te voeden, te beschermen en in de praktijk te brengen als tegengif tegen een negatief politiek en publiek discours en om tripartisme te bevorderen vanwege de toegevoegde waarde ervan in de wereld van het werk.<\/p>\n<p>Klik <a href=\"https:\/\/ser.cw\/wp-content\/uploads\/sites\/280\/2019\/05\/FOW-Powerpointpresentaties1.pdf\">hier<\/a> voor de PowerPointpresentaties.<\/p>\n<p>[\/et_pb_text][et_pb_text admin_label=\u00bbAdd to any &#8211; niet aanpassen\u00bb _builder_version=\u00bb4.16&#8243; border_style=\u00bbsolid\u00bb saved_tabs=\u00bball\u00bb global_colors_info=\u00bb{}\u00bb]<\/p>\n<pre><code><div class=\"addtoany_shortcode\"><div class=\"a2a_kit a2a_kit_size_24 addtoany_list\" data-a2a-url=\"https:\/\/ser.cw\/es\/2019\/05\/21\/curacao-buigt-zich-over-toekomst-van-werk\/\" data-a2a-title=\"CURACAO BUIGT ZICH OVER TOEKOMST VAN WERK\"><a class=\"a2a_dd addtoany_share_save addtoany_share\" href=\"https:\/\/www.addtoany.com\/share\"><img decoding=\"async\" src=\"https:\/\/ser.cw\/wp-content\/uploads\/sites\/280\/2017\/12\/share.png\" alt=\"Share\"><\/a><\/div><\/div><\/code><\/pre>\n<p>[\/et_pb_text][et_pb_post_nav in_same_term=\u00bbon\u00bb admin_label=\u00bbPost Navigation &#8211; niet aanpassen\u00bb _builder_version=\u00bb4.16&#8243; border_style=\u00bbsolid\u00bb hide_prev=\u00bboff\u00bb hide_next=\u00bboff\u00bb global_colors_info=\u00bb{}\u00bb][\/et_pb_post_nav][\/et_pb_column][et_pb_column type=\u00bb1_3&#8243; _builder_version=\u00bb4.16&#8243; background_color=\u00bb#f4fbff\u00bb custom_padding=\u00bb30px|30px|30px|30px\u00bb global_colors_info=\u00bb{}\u00bb custom_padding__hover=\u00bb|||\u00bb][et_pb_post_title title=\u00bboff\u00bb meta=\u00bboff\u00bb admin_label=\u00bbPost Title &#8211; niet aanpassen\u00bb _builder_version=\u00bb4.16&#8243; border_style=\u00bbsolid\u00bb global_colors_info=\u00bb{}\u00bb][\/et_pb_post_title][et_pb_image src=\u00bbhttps:\/\/ser.cw\/wp-content\/uploads\/sites\/280\/2019\/05\/IMG-20190511-WA0018.jpg\u00bb align_tablet=\u00bbcenter\u00bb align_last_edited=\u00bbon|desktop\u00bb admin_label=\u00bbExtra afbeelding\u00bb _builder_version=\u00bb4.16&#8243; animation_style=\u00bbslide\u00bb animation_direction=\u00bbleft\u00bb animation_duration=\u00bb500ms\u00bb animation_intensity_slide=\u00bb10%\u00bb border_style=\u00bbsolid\u00bb sticky=\u00bboff\u00bb global_colors_info=\u00bb{}\u00bb align_phone=\u00bbcenter\u00bb][\/et_pb_image][et_pb_image src=\u00bbhttps:\/\/ser.cw\/wp-content\/uploads\/sites\/280\/2019\/05\/f33497ab-db46-42d0-93f5-020999999a93.jpg\u00bb align_tablet=\u00bbcenter\u00bb align_last_edited=\u00bbon|desktop\u00bb admin_label=\u00bbExtra afbeelding\u00bb _builder_version=\u00bb4.16&#8243; animation_style=\u00bbslide\u00bb animation_direction=\u00bbleft\u00bb animation_duration=\u00bb500ms\u00bb animation_intensity_slide=\u00bb10%\u00bb global_colors_info=\u00bb{}\u00bb align_phone=\u00bbcenter\u00bb][\/et_pb_image][et_pb_text _builder_version=\u00bb4.16&#8243; global_colors_info=\u00bb{}\u00bb][\/et_pb_text][\/et_pb_column][\/et_pb_row][\/et_pb_section]<\/p>\n","protected":false},"excerpt":{"rendered":"<p>Veel inzichten bij miniconferentie over Future of Work<\/p>\n","protected":false},"author":111,"featured_media":0,"comment_status":"closed","ping_status":"closed","sticky":false,"template":"","format":"standard","meta":{"_et_pb_use_builder":"on","_et_pb_old_content":"","_et_gb_content_width":"","_links_to":"","_links_to_type":0,"wds_primary_category":0,"footnotes":""},"categories":[403,404],"tags":[],"class_list":["post-29877","post","type-post","status-publish","format-standard","hentry","category-comunicado-de-prensa","category-conferencia"],"yoast_head":"<!-- This site is optimized with the Yoast SEO plugin v27.3 - https:\/\/yoast.com\/product\/yoast-seo-wordpress\/ -->\n<title>CURACAO BUIGT ZICH OVER TOEKOMST VAN WERK - Sociaal Economische Raad Cura\u00e7ao<\/title>\n<meta name=\"robots\" content=\"index, follow, max-snippet:-1, max-image-preview:large, max-video-preview:-1\" \/>\n<link rel=\"canonical\" href=\"https:\/\/ser.cw\/es\/2019\/05\/21\/curacao-buigt-zich-over-toekomst-van-werk\/\" \/>\n<meta property=\"og:locale\" content=\"es_ES\" \/>\n<meta property=\"og:type\" content=\"article\" \/>\n<meta property=\"og:title\" content=\"CURACAO BUIGT ZICH OVER TOEKOMST VAN WERK - Sociaal Economische Raad Cura\u00e7ao\" \/>\n<meta property=\"og:description\" content=\"Veel inzichten bij miniconferentie over Future of Work\" \/>\n<meta property=\"og:url\" content=\"https:\/\/ser.cw\/es\/2019\/05\/21\/curacao-buigt-zich-over-toekomst-van-werk\/\" \/>\n<meta property=\"og:site_name\" content=\"Sociaal Economische Raad Cura\u00e7ao\" \/>\n<meta property=\"article:published_time\" content=\"2019-05-21T13:39:39+00:00\" \/>\n<meta property=\"article:modified_time\" content=\"2023-10-14T16:53:45+00:00\" \/>\n<meta property=\"og:image\" content=\"https:\/\/ser.cw\/wp-content\/uploads\/sites\/280\/2018\/01\/SER-logo-web.png\" \/>\n\t<meta property=\"og:image:width\" content=\"300\" \/>\n\t<meta property=\"og:image:height\" content=\"127\" \/>\n\t<meta property=\"og:image:type\" content=\"image\/png\" \/>\n<meta name=\"author\" content=\"Lidia Rocha-Teixeira\" \/>\n<meta name=\"twitter:card\" content=\"summary_large_image\" \/>\n<meta name=\"twitter:label1\" content=\"Escrito por\" \/>\n\t<meta name=\"twitter:data1\" content=\"Lidia Rocha-Teixeira\" \/>\n\t<meta name=\"twitter:label2\" content=\"Tiempo de lectura\" \/>\n\t<meta name=\"twitter:data2\" content=\"6 minutos\" \/>\n<script type=\"application\/ld+json\" class=\"yoast-schema-graph\">{\"@context\":\"https:\\\/\\\/schema.org\",\"@graph\":[{\"@type\":\"Article\",\"@id\":\"https:\\\/\\\/ser.cw\\\/es\\\/2019\\\/05\\\/21\\\/curacao-buigt-zich-over-toekomst-van-werk\\\/#article\",\"isPartOf\":{\"@id\":\"https:\\\/\\\/ser.cw\\\/es\\\/2019\\\/05\\\/21\\\/curacao-buigt-zich-over-toekomst-van-werk\\\/\"},\"author\":{\"name\":\"Lidia Rocha-Teixeira\",\"@id\":\"https:\\\/\\\/ser.cw\\\/#\\\/schema\\\/person\\\/950d47af65d238679b324eb3e947eacc\"},\"headline\":\"CURACAO BUIGT ZICH OVER TOEKOMST VAN WERK\",\"datePublished\":\"2019-05-21T13:39:39+00:00\",\"dateModified\":\"2023-10-14T16:53:45+00:00\",\"mainEntityOfPage\":{\"@id\":\"https:\\\/\\\/ser.cw\\\/es\\\/2019\\\/05\\\/21\\\/curacao-buigt-zich-over-toekomst-van-werk\\\/\"},\"wordCount\":2009,\"articleSection\":[\"Comunicado de prensa\",\"Conferencia\"],\"inLanguage\":\"es\"},{\"@type\":\"WebPage\",\"@id\":\"https:\\\/\\\/ser.cw\\\/es\\\/2019\\\/05\\\/21\\\/curacao-buigt-zich-over-toekomst-van-werk\\\/\",\"url\":\"https:\\\/\\\/ser.cw\\\/es\\\/2019\\\/05\\\/21\\\/curacao-buigt-zich-over-toekomst-van-werk\\\/\",\"name\":\"CURACAO BUIGT ZICH OVER TOEKOMST VAN WERK - Sociaal Economische Raad Cura\u00e7ao\",\"isPartOf\":{\"@id\":\"https:\\\/\\\/ser.cw\\\/#website\"},\"datePublished\":\"2019-05-21T13:39:39+00:00\",\"dateModified\":\"2023-10-14T16:53:45+00:00\",\"author\":{\"@id\":\"https:\\\/\\\/ser.cw\\\/#\\\/schema\\\/person\\\/950d47af65d238679b324eb3e947eacc\"},\"breadcrumb\":{\"@id\":\"https:\\\/\\\/ser.cw\\\/es\\\/2019\\\/05\\\/21\\\/curacao-buigt-zich-over-toekomst-van-werk\\\/#breadcrumb\"},\"inLanguage\":\"es\",\"potentialAction\":[{\"@type\":\"ReadAction\",\"target\":[\"https:\\\/\\\/ser.cw\\\/es\\\/2019\\\/05\\\/21\\\/curacao-buigt-zich-over-toekomst-van-werk\\\/\"]}]},{\"@type\":\"BreadcrumbList\",\"@id\":\"https:\\\/\\\/ser.cw\\\/es\\\/2019\\\/05\\\/21\\\/curacao-buigt-zich-over-toekomst-van-werk\\\/#breadcrumb\",\"itemListElement\":[{\"@type\":\"ListItem\",\"position\":1,\"name\":\"Home\",\"item\":\"https:\\\/\\\/ser.cw\\\/es\\\/\"},{\"@type\":\"ListItem\",\"position\":2,\"name\":\"CURACAO BUIGT ZICH OVER TOEKOMST VAN WERK\"}]},{\"@type\":\"WebSite\",\"@id\":\"https:\\\/\\\/ser.cw\\\/#website\",\"url\":\"https:\\\/\\\/ser.cw\\\/\",\"name\":\"Sociaal Economische Raad Cura\u00e7ao\",\"description\":\"adviesorgaan van de regering en het parlement van Cura\u00e7ao omtrent alle belangrijke onderwerpen van sociaal-economische aard\",\"potentialAction\":[{\"@type\":\"SearchAction\",\"target\":{\"@type\":\"EntryPoint\",\"urlTemplate\":\"https:\\\/\\\/ser.cw\\\/?s={search_term_string}\"},\"query-input\":{\"@type\":\"PropertyValueSpecification\",\"valueRequired\":true,\"valueName\":\"search_term_string\"}}],\"inLanguage\":\"es\"},{\"@type\":\"Person\",\"@id\":\"https:\\\/\\\/ser.cw\\\/#\\\/schema\\\/person\\\/950d47af65d238679b324eb3e947eacc\",\"name\":\"Lidia Rocha-Teixeira\",\"image\":{\"@type\":\"ImageObject\",\"inLanguage\":\"es\",\"@id\":\"https:\\\/\\\/ser.cw\\\/wp-content\\\/wphb-cache\\\/gravatar\\\/f5f\\\/f5fba2fe2fedc34a45ee60ea9edba895x96.jpg\",\"url\":\"https:\\\/\\\/ser.cw\\\/wp-content\\\/wphb-cache\\\/gravatar\\\/f5f\\\/f5fba2fe2fedc34a45ee60ea9edba895x96.jpg\",\"contentUrl\":\"https:\\\/\\\/ser.cw\\\/wp-content\\\/wphb-cache\\\/gravatar\\\/f5f\\\/f5fba2fe2fedc34a45ee60ea9edba895x96.jpg\",\"caption\":\"Lidia Rocha-Teixeira\"},\"url\":\"https:\\\/\\\/ser.cw\\\/es\\\/author\\\/lidia\\\/\"}]}<\/script>\n<!-- \/ Yoast SEO plugin. -->","yoast_head_json":{"title":"CURACAO BUIGT ZICH OVER TOEKOMST VAN WERK - Sociaal Economische Raad Cura\u00e7ao","robots":{"index":"index","follow":"follow","max-snippet":"max-snippet:-1","max-image-preview":"max-image-preview:large","max-video-preview":"max-video-preview:-1"},"canonical":"https:\/\/ser.cw\/es\/2019\/05\/21\/curacao-buigt-zich-over-toekomst-van-werk\/","og_locale":"es_ES","og_type":"article","og_title":"CURACAO BUIGT ZICH OVER TOEKOMST VAN WERK - Sociaal Economische Raad Cura\u00e7ao","og_description":"Veel inzichten bij miniconferentie over Future of Work","og_url":"https:\/\/ser.cw\/es\/2019\/05\/21\/curacao-buigt-zich-over-toekomst-van-werk\/","og_site_name":"Sociaal Economische Raad Cura\u00e7ao","article_published_time":"2019-05-21T13:39:39+00:00","article_modified_time":"2023-10-14T16:53:45+00:00","og_image":[{"width":300,"height":127,"url":"https:\/\/ser.cw\/wp-content\/uploads\/sites\/280\/2018\/01\/SER-logo-web.png","type":"image\/png"}],"author":"Lidia Rocha-Teixeira","twitter_card":"summary_large_image","twitter_misc":{"Escrito por":"Lidia Rocha-Teixeira","Tiempo de lectura":"6 minutos"},"schema":{"@context":"https:\/\/schema.org","@graph":[{"@type":"Article","@id":"https:\/\/ser.cw\/es\/2019\/05\/21\/curacao-buigt-zich-over-toekomst-van-werk\/#article","isPartOf":{"@id":"https:\/\/ser.cw\/es\/2019\/05\/21\/curacao-buigt-zich-over-toekomst-van-werk\/"},"author":{"name":"Lidia Rocha-Teixeira","@id":"https:\/\/ser.cw\/#\/schema\/person\/950d47af65d238679b324eb3e947eacc"},"headline":"CURACAO BUIGT ZICH OVER TOEKOMST VAN WERK","datePublished":"2019-05-21T13:39:39+00:00","dateModified":"2023-10-14T16:53:45+00:00","mainEntityOfPage":{"@id":"https:\/\/ser.cw\/es\/2019\/05\/21\/curacao-buigt-zich-over-toekomst-van-werk\/"},"wordCount":2009,"articleSection":["Comunicado de prensa","Conferencia"],"inLanguage":"es"},{"@type":"WebPage","@id":"https:\/\/ser.cw\/es\/2019\/05\/21\/curacao-buigt-zich-over-toekomst-van-werk\/","url":"https:\/\/ser.cw\/es\/2019\/05\/21\/curacao-buigt-zich-over-toekomst-van-werk\/","name":"CURACAO BUIGT ZICH OVER TOEKOMST VAN WERK - Sociaal Economische Raad Cura\u00e7ao","isPartOf":{"@id":"https:\/\/ser.cw\/#website"},"datePublished":"2019-05-21T13:39:39+00:00","dateModified":"2023-10-14T16:53:45+00:00","author":{"@id":"https:\/\/ser.cw\/#\/schema\/person\/950d47af65d238679b324eb3e947eacc"},"breadcrumb":{"@id":"https:\/\/ser.cw\/es\/2019\/05\/21\/curacao-buigt-zich-over-toekomst-van-werk\/#breadcrumb"},"inLanguage":"es","potentialAction":[{"@type":"ReadAction","target":["https:\/\/ser.cw\/es\/2019\/05\/21\/curacao-buigt-zich-over-toekomst-van-werk\/"]}]},{"@type":"BreadcrumbList","@id":"https:\/\/ser.cw\/es\/2019\/05\/21\/curacao-buigt-zich-over-toekomst-van-werk\/#breadcrumb","itemListElement":[{"@type":"ListItem","position":1,"name":"Home","item":"https:\/\/ser.cw\/es\/"},{"@type":"ListItem","position":2,"name":"CURACAO BUIGT ZICH OVER TOEKOMST VAN WERK"}]},{"@type":"WebSite","@id":"https:\/\/ser.cw\/#website","url":"https:\/\/ser.cw\/","name":"Sociaal Economische Raad Cura\u00e7ao","description":"adviesorgaan van de regering en het parlement van Cura\u00e7ao omtrent alle belangrijke onderwerpen van sociaal-economische aard","potentialAction":[{"@type":"SearchAction","target":{"@type":"EntryPoint","urlTemplate":"https:\/\/ser.cw\/?s={search_term_string}"},"query-input":{"@type":"PropertyValueSpecification","valueRequired":true,"valueName":"search_term_string"}}],"inLanguage":"es"},{"@type":"Person","@id":"https:\/\/ser.cw\/#\/schema\/person\/950d47af65d238679b324eb3e947eacc","name":"Lidia Rocha-Teixeira","image":{"@type":"ImageObject","inLanguage":"es","@id":"https:\/\/ser.cw\/wp-content\/wphb-cache\/gravatar\/f5f\/f5fba2fe2fedc34a45ee60ea9edba895x96.jpg","url":"https:\/\/ser.cw\/wp-content\/wphb-cache\/gravatar\/f5f\/f5fba2fe2fedc34a45ee60ea9edba895x96.jpg","contentUrl":"https:\/\/ser.cw\/wp-content\/wphb-cache\/gravatar\/f5f\/f5fba2fe2fedc34a45ee60ea9edba895x96.jpg","caption":"Lidia Rocha-Teixeira"},"url":"https:\/\/ser.cw\/es\/author\/lidia\/"}]}},"_links":{"self":[{"href":"https:\/\/ser.cw\/es\/wp-json\/wp\/v2\/posts\/29877","targetHints":{"allow":["GET"]}}],"collection":[{"href":"https:\/\/ser.cw\/es\/wp-json\/wp\/v2\/posts"}],"about":[{"href":"https:\/\/ser.cw\/es\/wp-json\/wp\/v2\/types\/post"}],"author":[{"embeddable":true,"href":"https:\/\/ser.cw\/es\/wp-json\/wp\/v2\/users\/111"}],"replies":[{"embeddable":true,"href":"https:\/\/ser.cw\/es\/wp-json\/wp\/v2\/comments?post=29877"}],"version-history":[{"count":0,"href":"https:\/\/ser.cw\/es\/wp-json\/wp\/v2\/posts\/29877\/revisions"}],"wp:attachment":[{"href":"https:\/\/ser.cw\/es\/wp-json\/wp\/v2\/media?parent=29877"}],"wp:term":[{"taxonomy":"category","embeddable":true,"href":"https:\/\/ser.cw\/es\/wp-json\/wp\/v2\/categories?post=29877"},{"taxonomy":"post_tag","embeddable":true,"href":"https:\/\/ser.cw\/es\/wp-json\/wp\/v2\/tags?post=29877"}],"curies":[{"name":"wp","href":"https:\/\/api.w.org\/{rel}","templated":true}]}}