{"id":19868,"date":"2019-05-21T09:39:39","date_gmt":"2019-05-21T13:39:39","guid":{"rendered":"https:\/\/ser.cw\/2019\/05\/21\/curacao-looks-into-the-theme-future-of-work\/"},"modified":"2022-09-21T08:33:45","modified_gmt":"2022-09-21T12:33:45","slug":"curacao-looks-into-the-theme-future-of-work","status":"publish","type":"post","link":"https:\/\/ser.cw\/en\/2019\/05\/21\/curacao-looks-into-the-theme-future-of-work\/","title":{"rendered":"CURACAO  LOOKS INTO THE THEME FUTURE OF WORK"},"content":{"rendered":"<p>[et_pb_section fb_built=&#8221;1&#8243; fullwidth=&#8221;on&#8221; _builder_version=&#8221;3.22.3&#8243;][et_pb_fullwidth_slider _builder_version=&#8221;3.16&#8243; custom_padding=&#8221;|||&#8221; saved_tabs=&#8221;all&#8221; button_text_size__hover_enabled=&#8221;off&#8221; button_text_size__hover=&#8221;null&#8221; button_one_text_size__hover_enabled=&#8221;off&#8221; button_one_text_size__hover=&#8221;null&#8221; button_two_text_size__hover_enabled=&#8221;off&#8221; button_two_text_size__hover=&#8221;null&#8221; button_text_color__hover_enabled=&#8221;off&#8221; button_text_color__hover=&#8221;null&#8221; button_one_text_color__hover_enabled=&#8221;off&#8221; button_one_text_color__hover=&#8221;null&#8221; button_two_text_color__hover_enabled=&#8221;off&#8221; button_two_text_color__hover=&#8221;null&#8221; button_border_width__hover_enabled=&#8221;off&#8221; button_border_width__hover=&#8221;null&#8221; button_one_border_width__hover_enabled=&#8221;off&#8221; button_one_border_width__hover=&#8221;null&#8221; button_two_border_width__hover_enabled=&#8221;off&#8221; button_two_border_width__hover=&#8221;null&#8221; button_border_color__hover_enabled=&#8221;off&#8221; button_border_color__hover=&#8221;null&#8221; button_one_border_color__hover_enabled=&#8221;off&#8221; button_one_border_color__hover=&#8221;null&#8221; button_two_border_color__hover_enabled=&#8221;off&#8221; button_two_border_color__hover=&#8221;null&#8221; button_border_radius__hover_enabled=&#8221;off&#8221; button_border_radius__hover=&#8221;null&#8221; button_one_border_radius__hover_enabled=&#8221;off&#8221; button_one_border_radius__hover=&#8221;null&#8221; button_two_border_radius__hover_enabled=&#8221;off&#8221; button_two_border_radius__hover=&#8221;null&#8221; button_letter_spacing__hover_enabled=&#8221;off&#8221; button_letter_spacing__hover=&#8221;null&#8221; button_one_letter_spacing__hover_enabled=&#8221;off&#8221; button_one_letter_spacing__hover=&#8221;null&#8221; button_two_letter_spacing__hover_enabled=&#8221;off&#8221; button_two_letter_spacing__hover=&#8221;null&#8221; button_bg_color__hover_enabled=&#8221;off&#8221; button_bg_color__hover=&#8221;null&#8221; button_one_bg_color__hover_enabled=&#8221;off&#8221; button_one_bg_color__hover=&#8221;null&#8221; button_two_bg_color__hover_enabled=&#8221;off&#8221; button_two_bg_color__hover=&#8221;null&#8221;][et_pb_slide use_bg_overlay=&#8221;off&#8221; use_text_overlay=&#8221;off&#8221; admin_title=&#8221;web&#8221; _builder_version=&#8221;3.16&#8243; header_font=&#8221;||||&#8221; body_font=&#8221;||||&#8221; background_color=&#8221;#ffffff&#8221; background_image=&#8221;https:\/\/ser.cw\/wp-content\/uploads\/sites\/280\/2017\/09\/Website-SER-Banner-voorstel-16-verbonden-1.jpg&#8221; button_on_hover=&#8221;on&#8221; button_text_size__hover_enabled=&#8221;off&#8221; button_one_text_size__hover_enabled=&#8221;off&#8221; button_two_text_size__hover_enabled=&#8221;off&#8221; button_text_color__hover_enabled=&#8221;off&#8221; button_one_text_color__hover_enabled=&#8221;off&#8221; button_two_text_color__hover_enabled=&#8221;off&#8221; button_border_width__hover_enabled=&#8221;off&#8221; button_one_border_width__hover_enabled=&#8221;off&#8221; button_two_border_width__hover_enabled=&#8221;off&#8221; button_border_color__hover_enabled=&#8221;off&#8221; button_one_border_color__hover_enabled=&#8221;off&#8221; button_two_border_color__hover_enabled=&#8221;off&#8221; button_border_radius__hover_enabled=&#8221;off&#8221; button_one_border_radius__hover_enabled=&#8221;off&#8221; button_two_border_radius__hover_enabled=&#8221;off&#8221; button_letter_spacing__hover_enabled=&#8221;off&#8221; button_one_letter_spacing__hover_enabled=&#8221;off&#8221; button_two_letter_spacing__hover_enabled=&#8221;off&#8221; button_bg_color__hover_enabled=&#8221;off&#8221; button_one_bg_color__hover_enabled=&#8221;off&#8221; button_two_bg_color__hover_enabled=&#8221;off&#8221;][\/et_pb_slide][\/et_pb_fullwidth_slider][\/et_pb_section][et_pb_section fb_built=&#8221;1&#8243; module_class=&#8221;persbericht-titel&#8221; _builder_version=&#8221;3.22.3&#8243; background_color=&#8221;rgba(255,255,255,0)&#8221; custom_padding=&#8221;0px|0px|0px|0px&#8221; transparent_background=&#8221;on&#8221;][et_pb_row use_custom_gutter=&#8221;on&#8221; gutter_width=&#8221;1&#8243; background_repeat_1=&#8221;no-repeat&#8221; background_repeat_2=&#8221;no-repeat&#8221; _builder_version=&#8221;3.22.3&#8243;][et_pb_column type=&#8221;2_3&#8243; _builder_version=&#8221;3.0.47&#8243;][et_pb_text admin_label=&#8221;Niet aanpassen&#8221; _builder_version=&#8221;3.0.87&#8243; background_color=&#8221;rgba(255,255,255,0.68)&#8221; custom_padding=&#8221;15px|30px|3px|30px&#8221; border_style=&#8221;solid&#8221;]<\/p>\n<h2>Press release<\/h2>\n<p>[\/et_pb_text][\/et_pb_column][et_pb_column type=&#8221;1_3&#8243; _builder_version=&#8221;3.0.47&#8243;][\/et_pb_column][\/et_pb_row][\/et_pb_section][et_pb_section fb_built=&#8221;1&#8243; _builder_version=&#8221;3.22.3&#8243; background_color=&#8221;#d1f0ff&#8221; custom_padding=&#8221;0px|0px|0px|0px&#8221;][et_pb_row use_custom_gutter=&#8221;on&#8221; gutter_width=&#8221;1&#8243; make_equal=&#8221;on&#8221; background_color_1=&#8221;#fcfeff&#8221; background_color_2=&#8221;#f4fbff&#8221; background_repeat_1=&#8221;no-repeat&#8221; background_repeat_2=&#8221;no-repeat&#8221; padding_top_1=&#8221;30px&#8221; padding_top_2=&#8221;30px&#8221; padding_right_1=&#8221;30px&#8221; padding_right_2=&#8221;30px&#8221; padding_bottom_1=&#8221;30px&#8221; padding_bottom_2=&#8221;30px&#8221; padding_left_1=&#8221;30px&#8221; padding_left_2=&#8221;30px&#8221; _builder_version=&#8221;3.22.3&#8243;][et_pb_column type=&#8221;2_3&#8243; _builder_version=&#8221;3.0.47&#8243;][et_pb_text _builder_version=&#8221;3.17.6&#8243;]<\/p>\n<h1><span style=\"color: #0000ff\">CURACAO LOOKS INTO THE THEME FUTURE OF WORK<\/span><\/h1>\n<h3><span style=\"color: #0000ff\">Many viewpoints at the mini-conference about Future of Work<\/span><\/h3>\n<p>Willemstad, 12 \u00a0May 2019 \u2013 On Saturday 11 May, during the mini-conference about Future of Work, which was held at the World Trade Center (WTC) and attended by more than a hundred persons, mainly professionals, from various sections of the community, there were many discussions on the threats and opportunities on the changing labor market of Cura\u00e7ao. The mini-conference was organized by the Social &#8211; Economic Council (SER) and the Ministry of Social Development, Labor and Social Welfare (SAOW) for the upcoming centenary celebration of the International Labor Organization, the ILO next month. The mini-conference was transmitted live by radio station CuromZ86. The Television broadcaster Nos Pais Televishon was also present and filmed the whole conference. In a later stage, Nos Pais Television will transmit the complete conference.<\/p>\n<p>The mini-conference was introduced by the chairman of the day Raul Henriquez (Director and Secretary-General of the SER) who presented a video message of Minister Hensley Koeiman of SOAW. In his video speech Koeiman encouraged the participants, in spite of the great challenges which Cura\u00e7ao is confronting with at this moment, to maintain the discussion on the theme lively and to focus on the available opportunities. As concrete examples he mentioned among other things the arrival of Damen Shiprepair Cura\u00e7ao, which will create employment for the people of Cura\u00e7ao and the arrival of the company Corendon, which is constructing a mega hotel on the island and will provide sufficient employment opportunities now that the touristic sector is growing. Considering the theme of the conference, he also talked about the promotion of strategic goals such as more jobs, better social protection, social dialogue and respect for the basic labor standards (\u2018decent work\u201d).<\/p>\n<p>After the introductory remarks of Minister Koeiman, the SER-director Henriquez talked about how the project \u2018Future of Work\u2019 will be addressed in Cura\u00e7ao and the role of the SER in this regard, laying a link between the importance of social dialogue and the \u2018drivers of change\u2019 in the complex world of labor.<br \/>\nTechnological developments, demographic trends, climate change and an accelerated globalization are already noticeable in our country, as Henriquez emphasized. In various economic sectors jobs are disappearing as a consequence of automation, digitization and robotizing. Our social security system is under severe pressure due to increase of an ageing population and new comers\u2019. On the 9<sup>th<\/sup> and 10<sup>th<\/sup> of May, the SER\u2019s of Aruba, Cura\u00e7ao and Sint Maarten organized a very well attended symposium on migration policy, which demands a solid policy and effective intervention to counteract the mismatch on the labor market and to guarantee our social security system. Furthermore, Henriquez talked about the rising of the sea level which is already noticeable on some parts of the island and which requires the necessary attention.<\/p>\n<p>\u2018The social dialogue, with a broad possible social participation about these trends and developments should be stimulated. Over the past years, social dialogue and tripartitism made a substantial contribution to the realization of social justice and peace in the world. The idea is that now more than ever it is necessary to offer adequate solutions for the challenges that is transforming the \u2018world of work\u2019 according to Henriquez.<\/p>\n<p>,,Sociale dialoog, met zo breed mogelijke maatschappelijke participatie, over deze trends en ontwikkelingen moet worden gestimuleerd. Sociale dialoog en tripartisme hebben gedurende de jaren heen een wezenlijke bijdrage geleverd aan het realiseren van sociale rechtvaardigheid en vrede op mondiaal niveau. De gedachte is dat zij nu meer dan ooit noodzakelijk zijn om adequate oplossingen te bieden voor de uitdagingen die de transformatie van de \u2018world of work\u2019 met zich meebrengt\u2019\u2019 aldus Henriquez.<\/p>\n<p>After this, Miguel Goede, author and scientist, presented his conclusions and findings of a quantitative and qualitative study, conducted by him on behalf of the SER and the ministry of SOAW, on the trends in Cura\u00e7ao which are related to the theme Future of Work in general and to the Fourth Industrial Revolution in particular. The research of Goede focused on the question what is going on in this area in the various sectors such as the government, the business community, the ngo\u2019s, education, unions and the academic world and how the dialogues are conducted in these circles. For the report of this research click <a href=\"https:\/\/ser.cw\/wp-content\/uploads\/sites\/280\/2019\/05\/Onderzoeksrapport-FoW-CUR.pdf\" target=\"_blank\" rel=\"noopener\">here<\/a><\/p>\n<p>The main conclusions from the research is that within all these bodies there is indeed complete attention for the theme and that there are also sound discussions and debates being conducted. However, the dialogue is too fragmented at this moment and limited to certain aspects of Future of work. A structured, integral, holistic approach oriented on all aspects, specific to the theme, is lacking. In particular, the government, employers and employees need to have\u00a0 a more prominent role herein and take direction whether or not in existing platforms such as the National Dialogue platform \u2018<em>Di\u00e1logo Nashonal K\u00f2rsou ta Avans\u00e1<\/em>\u2019.<\/p>\n<p>After the presentation of the conclusions and the findings of Miguel Goede followed the presentation of Suzanne Larmonie, Policy Director at the ministry of Education, Science, Culture and Sport (ESCS), entitled \u2018Future of Education and digitization in the Education\u2019. Ms. Larmonie spoke extensively about the fitting in of the 21st Century Education Skills (critical thinking, creativity, collaboration, communication, information literacy, media literacy, technology literacy and flexibility) in the education system and the many challenges the education is confronting to incorporate these 21<sup>st<\/sup> century skills into the education curriculum.<\/p>\n<p>Afterwards, it was the turn of the union leader, Wendell Meulen of the union UGTK\/CADMU, to bring forward his union perspective on the theme. \u201cAlthough the trade unions are indeed aware of the changes on the labor market, they are of the opinion that the labor rights obtained in the framework of the discussion on \u2018decent work\u2019\u2019 cannot be taken away just like that\u2019\u2019, according to Meulen, who further emphasized that there is much profound discussion on this within the circle of the international union movement.<\/p>\n<p>Clark Russel, entrepreneur and president of the Association of the Business Community in Cura\u00e7ao (VBC) and Dennis van der Veen, intrapreneur, working at the Cura\u00e7ao software company Ictual N.V., both gave the employer\u2019s viewpoint on Future of Work, in which both pointed out the relevancy of independency and survival of employees. Both gentlemen brought forward that Cura\u00e7ao is in fact a paradise to live and work on and that Cura\u00e7ao needs to open its border for highly educated young knowledgeable workers who could offer their products and services through the internet from our island to the whole world. \u2018\u2019In the discussions about the migration policy, this aspect should have for sure priority\u2019\u2019, they believe.<\/p>\n<p>Finally, Runy Calmera, economist, and Veronica de Sampayo Garrido, HR-experts, gave their opinions about Future of Work based on their specific expertise, both indicating that the process is irreversible and that it requires courage of everyone to take the correct strategic choices timely.<\/p>\n<p>The conference concluded with an appeal to the community to foster social dialogue, to protect and put into practice as a counter act against the negative political and public speeches and to promote tripartitism because of the added value of this in the working world.<\/p>\n<p>Click <a href=\"https:\/\/ser.cw\/wp-content\/uploads\/sites\/280\/2019\/05\/FOW-Powerpointpresentaties1.pdf\" target=\"_blank\" rel=\"noopener\">here<\/a> for the PowerPoint presentations.<br \/>\n[\/et_pb_text][et_pb_text admin_label=&#8221;Add to any &#8211; niet aanpassen&#8221; _builder_version=&#8221;3.17.2&#8243; border_style=&#8221;solid&#8221; saved_tabs=&#8221;all&#8221;]<\/p>\n<pre><code><div class=\"addtoany_shortcode\"><div class=\"a2a_kit a2a_kit_size_24 addtoany_list\" data-a2a-url=\"https:\/\/ser.cw\/en\/2019\/05\/21\/curacao-looks-into-the-theme-future-of-work\/\" data-a2a-title=\"CURACAO  LOOKS INTO THE THEME FUTURE OF WORK\"><a class=\"a2a_dd addtoany_share_save addtoany_share\" href=\"https:\/\/www.addtoany.com\/share\"><img decoding=\"async\" src=\"https:\/\/ser.cw\/wp-content\/uploads\/sites\/280\/2017\/12\/share.png\" alt=\"Share\"><\/a><\/div><\/div><\/code><\/pre>\n<p>[\/et_pb_text][et_pb_post_nav in_same_term=&#8221;on&#8221; admin_label=&#8221;Post Navigation &#8211; niet aanpassen&#8221; _builder_version=&#8221;3.0.87&#8243; border_style=&#8221;solid&#8221; hide_prev=&#8221;off&#8221; hide_next=&#8221;off&#8221;][\/et_pb_post_nav][\/et_pb_column][et_pb_column type=&#8221;1_3&#8243; _builder_version=&#8221;3.0.47&#8243;][et_pb_post_title title=&#8221;off&#8221; meta=&#8221;off&#8221; admin_label=&#8221;Post Title &#8211; niet aanpassen&#8221; _builder_version=&#8221;3.0.87&#8243; border_style=&#8221;solid&#8221;][\/et_pb_post_title][et_pb_image src=&#8221;https:\/\/ser.cw\/wp-content\/uploads\/sites\/280\/2019\/05\/IMG-20190511-WA0018.jpg&#8221; align_tablet=&#8221;center&#8221; align_last_edited=&#8221;on|desktop&#8221; admin_label=&#8221;Extra afbeelding&#8221; _builder_version=&#8221;3.23&#8243; animation_style=&#8221;slide&#8221; animation_direction=&#8221;left&#8221; animation_duration=&#8221;500ms&#8221; animation_intensity_slide=&#8221;10%&#8221; border_style=&#8221;solid&#8221; sticky=&#8221;off&#8221;][\/et_pb_image][et_pb_image src=&#8221;https:\/\/ser.cw\/wp-content\/uploads\/sites\/280\/2019\/05\/f33497ab-db46-42d0-93f5-020999999a93.jpg&#8221; align_tablet=&#8221;center&#8221; align_last_edited=&#8221;on|desktop&#8221; admin_label=&#8221;Extra afbeelding&#8221; _builder_version=&#8221;3.23&#8243; animation_style=&#8221;slide&#8221; animation_direction=&#8221;left&#8221; animation_duration=&#8221;500ms&#8221; animation_intensity_slide=&#8221;10%&#8221;][\/et_pb_image][et_pb_text _builder_version=&#8221;3.2.2&#8243;][\/et_pb_text][\/et_pb_column][\/et_pb_row][\/et_pb_section]<\/p>\n","protected":false},"excerpt":{"rendered":"<p>Many viewpoints at the mini-conference about Future of Work<\/p>\n","protected":false},"author":111,"featured_media":4298,"comment_status":"closed","ping_status":"closed","sticky":false,"template":"","format":"standard","meta":{"_et_pb_use_builder":"on","_et_pb_old_content":"<p>[et_pb_section bb_built=\"1\" fullwidth=\"on\" specialty=\"off\" next_background_color=\"rgba(255,255,255,0)\"][et_pb_fullwidth_slider _builder_version=\"3.2.2\" saved_tabs=\"all\" custom_padding=\"|||\" box_shadow_blur=\"10px\" box_shadow_color=\"rgba(0,0,0,0.1)\" button_text_size__hover_enabled=\"off\" button_text_size__hover=\"null\" button_one_text_size__hover_enabled=\"off\" button_one_text_size__hover=\"null\" button_two_text_size__hover_enabled=\"off\" button_two_text_size__hover=\"null\" button_text_color__hover_enabled=\"off\" button_text_color__hover=\"null\" button_one_text_color__hover_enabled=\"off\" button_one_text_color__hover=\"null\" button_two_text_color__hover_enabled=\"off\" button_two_text_color__hover=\"null\" button_border_width__hover_enabled=\"off\" button_border_width__hover=\"null\" button_one_border_width__hover_enabled=\"off\" button_one_border_width__hover=\"null\" button_two_border_width__hover_enabled=\"off\" button_two_border_width__hover=\"null\" button_border_color__hover_enabled=\"off\" button_border_color__hover=\"null\" button_one_border_color__hover_enabled=\"off\" button_one_border_color__hover=\"null\" button_two_border_color__hover_enabled=\"off\" button_two_border_color__hover=\"null\" button_border_radius__hover_enabled=\"off\" button_border_radius__hover=\"null\" button_one_border_radius__hover_enabled=\"off\" button_one_border_radius__hover=\"null\" button_two_border_radius__hover_enabled=\"off\" button_two_border_radius__hover=\"null\" button_letter_spacing__hover_enabled=\"off\" button_letter_spacing__hover=\"null\" button_one_letter_spacing__hover_enabled=\"off\" button_one_letter_spacing__hover=\"null\" button_two_letter_spacing__hover_enabled=\"off\" button_two_letter_spacing__hover=\"null\" button_bg_color__hover_enabled=\"off\" button_bg_color__hover=\"null\" button_one_bg_color__hover_enabled=\"off\" button_one_bg_color__hover=\"null\" button_two_bg_color__hover_enabled=\"off\" button_two_bg_color__hover=\"null\"][et_pb_slide background_color=\"#ffffff\" use_background_color_gradient=\"off\" background_color_gradient_start=\"#2b87da\" background_color_gradient_end=\"#29c4a9\" background_color_gradient_type=\"linear\" background_color_gradient_direction=\"180deg\" background_color_gradient_direction_radial=\"center\" background_color_gradient_start_position=\"0%\" background_color_gradient_end_position=\"100%\" background_image=\"https:\/\/ser.cw\/wp-content\/uploads\/sites\/280\/2017\/09\/Website-SER-Banner-voorstel-16-verbonden-1.jpg\" parallax=\"off\" parallax_method=\"off\" background_position=\"center\" background_size=\"cover\" background_repeat=\"no-repeat\" background_blend=\"normal\" allow_player_pause=\"off\" admin_title=\"web\" use_bg_overlay=\"off\" use_text_overlay=\"off\" text_border_radius=\"3\" alignment=\"center\" background_layout=\"dark\" header_font_select=\"default\" header_font=\"||||\" body_font_select=\"default\" body_font=\"||||\" custom_button=\"off\" button_font_select=\"default\" button_font=\"||||\" button_use_icon=\"on\" button_on_hover=\"on\" _builder_version=\"3.2.2\" button_link=\"#\" background_color_gradient_overlays_image=\"off\" background_video_pause_outside_viewport=\"on\" child_filter_hue_rotate=\"0deg\" child_filter_saturate=\"100%\" child_filter_brightness=\"100%\" child_filter_contrast=\"100%\" child_filter_invert=\"0%\" child_filter_sepia=\"0%\" child_filter_opacity=\"100%\" child_filter_blur=\"0px\" child_mix_blend_mode=\"normal\" text_shadow_style=\"none\" header_text_shadow_style=\"none\" body_text_shadow_style=\"none\" button_bg_use_color_gradient=\"off\" button_bg_color_gradient_overlays_image=\"off\" button_text_shadow_style=\"none\" box_shadow_style_button=\"none\" text_shadow_horizontal_length=\"0em\" text_shadow_vertical_length=\"0em\" text_shadow_blur_strength=\"0em\" header_text_shadow_horizontal_length=\"0em\" header_text_shadow_vertical_length=\"0em\" header_text_shadow_blur_strength=\"0em\" body_text_shadow_horizontal_length=\"0em\" body_text_shadow_vertical_length=\"0em\" body_text_shadow_blur_strength=\"0em\" button_text_shadow_horizontal_length=\"0em\" button_text_shadow_vertical_length=\"0em\" button_text_shadow_blur_strength=\"0em\" \/][\/et_pb_fullwidth_slider][\/et_pb_section][et_pb_section bb_built=\"1\" fullwidth=\"off\" specialty=\"off\" _builder_version=\"3.0.71\" background_color=\"rgba(255,255,255,0)\" custom_padding=\"0px|0px|0px|0px\" transparent_background=\"on\" module_class=\"persbericht-titel\" prev_background_color=\"#ffffff\" next_background_color=\"#d1f0ff\"][et_pb_row _builder_version=\"3.0.71\" background_repeat_1=\"no-repeat\" background_repeat_2=\"no-repeat\" use_custom_gutter=\"on\" gutter_width=\"1\"][et_pb_column type=\"2_3\"][et_pb_text admin_label=\"Niet aanpassen\" _builder_version=\"3.0.71\" background_layout=\"light\" text_orientation=\"left\" border_style=\"solid\" background_color=\"rgba(255,255,255,0.68)\" custom_padding=\"15px|30px|3px|30px\"]<\/p><h2>Press release<\/h2><p>[\/et_pb_text][\/et_pb_column][et_pb_column type=\"1_3\"][\/et_pb_column][\/et_pb_row][\/et_pb_section][et_pb_section bb_built=\"1\" fullwidth=\"off\" specialty=\"off\" _builder_version=\"3.0.71\" background_color=\"#d1f0ff\" custom_padding=\"0px|0px|0px|0px\" prev_background_color=\"rgba(255,255,255,0)\"][et_pb_row _builder_version=\"3.0.71\" background_color_1=\"#fcfeff\" background_repeat_1=\"no-repeat\" background_color_2=\"#f4fbff\" background_repeat_2=\"no-repeat\" use_custom_gutter=\"on\" gutter_width=\"1\" make_equal=\"on\" padding_top_1=\"30px\" padding_right_1=\"30px\" padding_bottom_1=\"30px\" padding_left_1=\"30px\" padding_top_2=\"30px\" padding_right_2=\"30px\" padding_bottom_2=\"30px\" padding_left_2=\"30px\"][et_pb_column type=\"2_3\"][et_pb_text _builder_version=\"3.17.6\"]<\/p><h1><span style=\"color: #0000ff;\">CURACAO LOOKS INTO THE THEME FUTURE OF WORK<\/span><\/h1><h3><span style=\"color: #0000ff;\">Many viewpoints at the mini-conference about Future of Work<\/span><\/h3><p>Willemstad, 12 \u00a0May 2019 \u2013 On Saturday 11 May, during the mini-conference about Future of Work, which was held at the World Trade Center (WTC) and attended by more than a hundred persons, mainly professionals, from various sections of the community, there were many discussions on the threats and opportunities on the changing labor market of Cura\u00e7ao. The mini-conference was organized by the Social - Economic Council (SER) and the Ministry of Social Development, Labor and Social Welfare (SAOW) for the upcoming centenary celebration of the International Labor Organization, the ILO next month. The mini-conference was transmitted live by radio station CuromZ86. The Television broadcaster Nos Pais Televishon was also present and filmed the whole conference. In a later stage, Nos Pais Television will transmit the complete conference.<\/p><p>The mini-conference was introduced by the chairman of the day Raul Henriquez (Director and Secretary-General of the SER) who presented a video message of Minister Hensley Koeiman of SOAW. In his video speech Koeiman encouraged the participants, in spite of the great challenges which Cura\u00e7ao is confronting with at this moment, to maintain the discussion on the theme lively and to focus on the available opportunities. As concrete examples he mentioned among other things the arrival of Damen Shiprepair Cura\u00e7ao, which will create employment for the people of Cura\u00e7ao and the arrival of the company Corendon, which is constructing a mega hotel on the island and will provide sufficient employment opportunities now that the touristic sector is growing. Considering the theme of the conference, he also talked about the promotion of strategic goals such as more jobs, better social protection, social dialogue and respect for the basic labor standards (\u2018decent work\u201d).<\/p><p>After the introductory remarks of Minister Koeiman, the SER-director Henriquez talked about how the project \u2018Future of Work\u2019 will be addressed in Cura\u00e7ao and the role of the SER in this regard, laying a link between the importance of social dialogue and the \u2018drivers of change\u2019 in the complex world of labor.<br \/>Technological developments, demographic trends, climate change and an accelerated globalization are already noticeable in our country, as Henriquez emphasized. In various economic sectors jobs are disappearing as a consequence of automation, digitization and robotizing. Our social security system is under severe pressure due to increase of an ageing population and new comers\u2019. On the 9<sup>th<\/sup> and 10<sup>th<\/sup> of May, the SER\u2019s of Aruba, Cura\u00e7ao and Sint Maarten organized a very well attended symposium on migration policy, which demands a solid policy and effective intervention to counteract the mismatch on the labor market and to guarantee our social security system. Furthermore, Henriquez talked about the rising of the sea level which is already noticeable on some parts of the island and which requires the necessary attention.<\/p><p>\u2018The social dialogue, with a broad possible social participation about these trends and developments should be stimulated. Over the past years, social dialogue and tripartitism made a substantial contribution to the realization of social justice and peace in the world. The idea is that now more than ever it is necessary to offer adequate solutions for the challenges that is transforming the \u2018world of work\u2019 according to Henriquez.<\/p><p>,,Sociale dialoog, met zo breed mogelijke maatschappelijke participatie, over deze trends en ontwikkelingen moet worden gestimuleerd. Sociale dialoog en tripartisme hebben gedurende de jaren heen een wezenlijke bijdrage geleverd aan het realiseren van sociale rechtvaardigheid en vrede op mondiaal niveau. De gedachte is dat zij nu meer dan ooit noodzakelijk zijn om adequate oplossingen te bieden voor de uitdagingen die de transformatie van de \u2018world of work\u2019 met zich meebrengt\u2019\u2019 aldus Henriquez.<\/p><p>After this, Miguel Goede, author and scientist, presented his conclusions and findings of a quantitative and qualitative study, conducted by him on behalf of the SER and the ministry of SOAW, on the trends in Cura\u00e7ao which are related to the theme Future of Work in general and to the Fourth Industrial Revolution in particular. The research of Goede focused on the question what is going on in this area in the various sectors such as the government, the business community, the ngo\u2019s, education, unions and the academic world and how the dialogues are conducted in these circles. For the report of this research click <a href=\"https:\/\/ser.cw\/wp-content\/uploads\/sites\/280\/2019\/05\/Onderzoeksrapport-FoW-CUR.pdf\" target=\"_blank\" rel=\"noopener\">here<\/a><\/p><p>The main conclusions from the research is that within all these bodies there is indeed complete attention for the theme and that there are also sound discussions and debates being conducted. However, the dialogue is too fragmented at this moment and limited to certain aspects of Future of work. A structured, integral, holistic approach oriented on all aspects, specific to the theme, is lacking. In particular, the government, employers and employees need to have\u00a0 a more prominent role herein and take direction whether or not in existing platforms such as the National Dialogue platform \u2018<em>Di\u00e1logo Nashonal K\u00f2rsou ta Avans\u00e1<\/em>\u2019.<\/p><p>After the presentation of the conclusions and the findings of Miguel Goede followed the presentation of Suzanne Larmonie, Policy Director at the ministry of Education, Science, Culture and Sport (ESCS), entitled \u2018Future of Education and digitization in the Education\u2019. Ms. Larmonie spoke extensively about the fitting in of the 21st Century Education Skills (critical thinking, creativity, collaboration, communication, information literacy, media literacy, technology literacy and flexibility) in the education system and the many challenges the education is confronting to incorporate these 21<sup>st<\/sup> century skills into the education curriculum.<\/p><p>Afterwards, it was the turn of the union leader, Wendell Meulen of the union UGTK\/CADMU, to bring forward his union perspective on the theme. \u201cAlthough the trade unions are indeed aware of the changes on the labor market, they are of the opinion that the labor rights obtained in the framework of the discussion on \u2018decent work\u2019\u2019 cannot be taken away just like that\u2019\u2019, according to Meulen, who further emphasized that there is much profound discussion on this within the circle of the international union movement.<\/p><p>Clark Russel, entrepreneur and president of the Association of the Business Community in Cura\u00e7ao (VBC) and Dennis van der Veen, intrapreneur, working at the Cura\u00e7ao software company Ictual N.V., both gave the employer\u2019s viewpoint on Future of Work, in which both pointed out the relevancy of independency and survival of employees. Both gentlemen brought forward that Cura\u00e7ao is in fact a paradise to live and work on and that Cura\u00e7ao needs to open its border for highly educated young knowledgeable workers who could offer their products and services through the internet from our island to the whole world. \u2018\u2019In the discussions about the migration policy, this aspect should have for sure priority\u2019\u2019, they believe.<\/p><p>Finally, Runy Calmera, economist, and Veronica de Sampayo Garrido, HR-experts, gave their opinions about Future of Work based on their specific expertise, both indicating that the process is irreversible and that it requires courage of everyone to take the correct strategic choices timely.<\/p><p>The conference concluded with an appeal to the community to foster social dialogue, to protect and put into practice as a counter act against the negative political and public speeches and to promote tripartitism because of the added value of this in the working world.<\/p><p>Click <a href=\"https:\/\/ser.cw\/wp-content\/uploads\/sites\/280\/2019\/05\/FOW-Powerpointpresentaties1.pdf\" target=\"_blank\" rel=\"noopener\">here<\/a> for the PowerPoint presentations.<\/p><p>[\/et_pb_text][et_pb_text admin_label=\"Add to any - niet aanpassen\" _builder_version=\"3.17.2\" background_layout=\"light\" text_orientation=\"left\" border_style=\"solid\" saved_tabs=\"all\"]<\/p><pre><code>[addtoany]<\/code><\/pre><p>[\/et_pb_text][et_pb_post_nav admin_label=\"Post Navigation - niet aanpassen\" _builder_version=\"3.0.71\" in_same_term=\"on\" hide_prev=\"off\" hide_next=\"off\" border_style=\"solid\" show_prev=\"on\" show_next=\"on\" \/][\/et_pb_column][et_pb_column type=\"1_3\"][et_pb_post_title admin_label=\"Post Title - niet aanpassen\" _builder_version=\"3.0.71\" title=\"off\" meta=\"off\" author=\"on\" date=\"on\" categories=\"on\" comments=\"on\" featured_image=\"on\" featured_placement=\"below\" parallax_method=\"on\" text_orientation=\"left\" text_color=\"dark\" text_background=\"off\" border_style=\"solid\" \/][et_pb_image admin_label=\"Extra afbeelding\" _builder_version=\"3.17.6\" sticky=\"off\" border_style=\"solid\" animation_style=\"slide\" animation_duration=\"500ms\" animation_intensity_slide=\"10%\" animation_direction=\"left\" src=\"https:\/\/ser.cw\/wp-content\/uploads\/sites\/280\/2019\/05\/IMG-20190511-WA0018.jpg\" \/][et_pb_image admin_label=\"Extra afbeelding\" _builder_version=\"3.17.6\" animation_style=\"slide\" animation_duration=\"500ms\" animation_intensity_slide=\"10%\" animation_direction=\"left\" src=\"https:\/\/ser.cw\/wp-content\/uploads\/sites\/280\/2019\/05\/f33497ab-db46-42d0-93f5-020999999a93.jpg\" \/][et_pb_text _builder_version=\"3.2.2\" \/][\/et_pb_column][\/et_pb_row][\/et_pb_section]<\/p>","_et_gb_content_width":"","_links_to":"","_links_to_type":0,"wds_primary_category":0,"footnotes":""},"categories":[395,398],"tags":[],"class_list":["post-19868","post","type-post","status-publish","format-standard","has-post-thumbnail","hentry","category-conferences","category-press-releases"],"yoast_head":"<!-- This site is optimized with the Yoast SEO plugin v27.3 - https:\/\/yoast.com\/product\/yoast-seo-wordpress\/ -->\n<title>CURACAO LOOKS INTO THE THEME FUTURE OF WORK - Sociaal Economische Raad Cura\u00e7ao<\/title>\n<meta name=\"robots\" content=\"index, follow, max-snippet:-1, max-image-preview:large, max-video-preview:-1\" \/>\n<link rel=\"canonical\" href=\"https:\/\/ser.cw\/en\/2019\/05\/21\/curacao-looks-into-the-theme-future-of-work\/\" \/>\n<meta property=\"og:locale\" content=\"en_US\" \/>\n<meta property=\"og:type\" content=\"article\" \/>\n<meta property=\"og:title\" content=\"CURACAO LOOKS INTO THE THEME FUTURE OF WORK - Sociaal Economische Raad Cura\u00e7ao\" \/>\n<meta property=\"og:description\" content=\"Many viewpoints at the mini-conference about Future of Work\" \/>\n<meta property=\"og:url\" content=\"https:\/\/ser.cw\/en\/2019\/05\/21\/curacao-looks-into-the-theme-future-of-work\/\" \/>\n<meta property=\"og:site_name\" content=\"Sociaal Economische Raad Cura\u00e7ao\" \/>\n<meta property=\"article:published_time\" content=\"2019-05-21T13:39:39+00:00\" \/>\n<meta property=\"article:modified_time\" content=\"2022-09-21T12:33:45+00:00\" \/>\n<meta property=\"og:image\" content=\"https:\/\/ser.cw\/wp-content\/uploads\/sites\/280\/2019\/05\/IMG-20190511-WA0010.jpg\" \/>\n\t<meta property=\"og:image:width\" content=\"1200\" \/>\n\t<meta property=\"og:image:height\" content=\"675\" \/>\n\t<meta property=\"og:image:type\" content=\"image\/jpeg\" \/>\n<meta name=\"author\" content=\"Lidia Rocha-Teixeira\" \/>\n<meta name=\"twitter:card\" content=\"summary_large_image\" \/>\n<meta name=\"twitter:label1\" content=\"Written by\" \/>\n\t<meta name=\"twitter:data1\" content=\"Lidia Rocha-Teixeira\" \/>\n\t<meta name=\"twitter:label2\" content=\"Est. reading time\" \/>\n\t<meta name=\"twitter:data2\" content=\"7 minutes\" \/>\n<script type=\"application\/ld+json\" class=\"yoast-schema-graph\">{\"@context\":\"https:\\\/\\\/schema.org\",\"@graph\":[{\"@type\":\"Article\",\"@id\":\"https:\\\/\\\/ser.cw\\\/en\\\/2019\\\/05\\\/21\\\/curacao-looks-into-the-theme-future-of-work\\\/#article\",\"isPartOf\":{\"@id\":\"https:\\\/\\\/ser.cw\\\/en\\\/2019\\\/05\\\/21\\\/curacao-looks-into-the-theme-future-of-work\\\/\"},\"author\":{\"name\":\"Lidia Rocha-Teixeira\",\"@id\":\"https:\\\/\\\/ser.cw\\\/#\\\/schema\\\/person\\\/950d47af65d238679b324eb3e947eacc\"},\"headline\":\"CURACAO LOOKS INTO THE THEME FUTURE OF WORK\",\"datePublished\":\"2019-05-21T13:39:39+00:00\",\"dateModified\":\"2022-09-21T12:33:45+00:00\",\"mainEntityOfPage\":{\"@id\":\"https:\\\/\\\/ser.cw\\\/en\\\/2019\\\/05\\\/21\\\/curacao-looks-into-the-theme-future-of-work\\\/\"},\"wordCount\":2058,\"image\":{\"@id\":\"https:\\\/\\\/ser.cw\\\/en\\\/2019\\\/05\\\/21\\\/curacao-looks-into-the-theme-future-of-work\\\/#primaryimage\"},\"thumbnailUrl\":\"https:\\\/\\\/ser.cw\\\/wp-content\\\/uploads\\\/sites\\\/280\\\/2019\\\/05\\\/IMG-20190511-WA0010.jpg\",\"articleSection\":[\"Conferences\",\"Press releases\"],\"inLanguage\":\"en-US\"},{\"@type\":\"WebPage\",\"@id\":\"https:\\\/\\\/ser.cw\\\/en\\\/2019\\\/05\\\/21\\\/curacao-looks-into-the-theme-future-of-work\\\/\",\"url\":\"https:\\\/\\\/ser.cw\\\/en\\\/2019\\\/05\\\/21\\\/curacao-looks-into-the-theme-future-of-work\\\/\",\"name\":\"CURACAO LOOKS INTO THE THEME FUTURE OF WORK - Sociaal Economische Raad Cura\u00e7ao\",\"isPartOf\":{\"@id\":\"https:\\\/\\\/ser.cw\\\/#website\"},\"primaryImageOfPage\":{\"@id\":\"https:\\\/\\\/ser.cw\\\/en\\\/2019\\\/05\\\/21\\\/curacao-looks-into-the-theme-future-of-work\\\/#primaryimage\"},\"image\":{\"@id\":\"https:\\\/\\\/ser.cw\\\/en\\\/2019\\\/05\\\/21\\\/curacao-looks-into-the-theme-future-of-work\\\/#primaryimage\"},\"thumbnailUrl\":\"https:\\\/\\\/ser.cw\\\/wp-content\\\/uploads\\\/sites\\\/280\\\/2019\\\/05\\\/IMG-20190511-WA0010.jpg\",\"datePublished\":\"2019-05-21T13:39:39+00:00\",\"dateModified\":\"2022-09-21T12:33:45+00:00\",\"author\":{\"@id\":\"https:\\\/\\\/ser.cw\\\/#\\\/schema\\\/person\\\/950d47af65d238679b324eb3e947eacc\"},\"breadcrumb\":{\"@id\":\"https:\\\/\\\/ser.cw\\\/en\\\/2019\\\/05\\\/21\\\/curacao-looks-into-the-theme-future-of-work\\\/#breadcrumb\"},\"inLanguage\":\"en-US\",\"potentialAction\":[{\"@type\":\"ReadAction\",\"target\":[\"https:\\\/\\\/ser.cw\\\/en\\\/2019\\\/05\\\/21\\\/curacao-looks-into-the-theme-future-of-work\\\/\"]}]},{\"@type\":\"ImageObject\",\"inLanguage\":\"en-US\",\"@id\":\"https:\\\/\\\/ser.cw\\\/en\\\/2019\\\/05\\\/21\\\/curacao-looks-into-the-theme-future-of-work\\\/#primaryimage\",\"url\":\"https:\\\/\\\/ser.cw\\\/wp-content\\\/uploads\\\/sites\\\/280\\\/2019\\\/05\\\/IMG-20190511-WA0010.jpg\",\"contentUrl\":\"https:\\\/\\\/ser.cw\\\/wp-content\\\/uploads\\\/sites\\\/280\\\/2019\\\/05\\\/IMG-20190511-WA0010.jpg\",\"width\":1200,\"height\":675},{\"@type\":\"BreadcrumbList\",\"@id\":\"https:\\\/\\\/ser.cw\\\/en\\\/2019\\\/05\\\/21\\\/curacao-looks-into-the-theme-future-of-work\\\/#breadcrumb\",\"itemListElement\":[{\"@type\":\"ListItem\",\"position\":1,\"name\":\"Home\",\"item\":\"https:\\\/\\\/ser.cw\\\/en\\\/\"},{\"@type\":\"ListItem\",\"position\":2,\"name\":\"CURACAO LOOKS INTO THE THEME FUTURE OF WORK\"}]},{\"@type\":\"WebSite\",\"@id\":\"https:\\\/\\\/ser.cw\\\/#website\",\"url\":\"https:\\\/\\\/ser.cw\\\/\",\"name\":\"Sociaal Economische Raad Cura\u00e7ao\",\"description\":\"adviesorgaan van de regering en het parlement van Cura\u00e7ao omtrent alle belangrijke onderwerpen van sociaal-economische aard\",\"potentialAction\":[{\"@type\":\"SearchAction\",\"target\":{\"@type\":\"EntryPoint\",\"urlTemplate\":\"https:\\\/\\\/ser.cw\\\/?s={search_term_string}\"},\"query-input\":{\"@type\":\"PropertyValueSpecification\",\"valueRequired\":true,\"valueName\":\"search_term_string\"}}],\"inLanguage\":\"en-US\"},{\"@type\":\"Person\",\"@id\":\"https:\\\/\\\/ser.cw\\\/#\\\/schema\\\/person\\\/950d47af65d238679b324eb3e947eacc\",\"name\":\"Lidia Rocha-Teixeira\",\"image\":{\"@type\":\"ImageObject\",\"inLanguage\":\"en-US\",\"@id\":\"https:\\\/\\\/ser.cw\\\/wp-content\\\/wphb-cache\\\/gravatar\\\/f5f\\\/f5fba2fe2fedc34a45ee60ea9edba895x96.jpg\",\"url\":\"https:\\\/\\\/ser.cw\\\/wp-content\\\/wphb-cache\\\/gravatar\\\/f5f\\\/f5fba2fe2fedc34a45ee60ea9edba895x96.jpg\",\"contentUrl\":\"https:\\\/\\\/ser.cw\\\/wp-content\\\/wphb-cache\\\/gravatar\\\/f5f\\\/f5fba2fe2fedc34a45ee60ea9edba895x96.jpg\",\"caption\":\"Lidia Rocha-Teixeira\"},\"url\":\"https:\\\/\\\/ser.cw\\\/en\\\/author\\\/lidia\\\/\"}]}<\/script>\n<!-- \/ Yoast SEO plugin. -->","yoast_head_json":{"title":"CURACAO LOOKS INTO THE THEME FUTURE OF WORK - Sociaal Economische Raad Cura\u00e7ao","robots":{"index":"index","follow":"follow","max-snippet":"max-snippet:-1","max-image-preview":"max-image-preview:large","max-video-preview":"max-video-preview:-1"},"canonical":"https:\/\/ser.cw\/en\/2019\/05\/21\/curacao-looks-into-the-theme-future-of-work\/","og_locale":"en_US","og_type":"article","og_title":"CURACAO LOOKS INTO THE THEME FUTURE OF WORK - Sociaal Economische Raad Cura\u00e7ao","og_description":"Many viewpoints at the mini-conference about Future of Work","og_url":"https:\/\/ser.cw\/en\/2019\/05\/21\/curacao-looks-into-the-theme-future-of-work\/","og_site_name":"Sociaal Economische Raad Cura\u00e7ao","article_published_time":"2019-05-21T13:39:39+00:00","article_modified_time":"2022-09-21T12:33:45+00:00","og_image":[{"width":1200,"height":675,"url":"https:\/\/ser.cw\/wp-content\/uploads\/sites\/280\/2019\/05\/IMG-20190511-WA0010.jpg","type":"image\/jpeg"}],"author":"Lidia Rocha-Teixeira","twitter_card":"summary_large_image","twitter_misc":{"Written by":"Lidia Rocha-Teixeira","Est. reading time":"7 minutes"},"schema":{"@context":"https:\/\/schema.org","@graph":[{"@type":"Article","@id":"https:\/\/ser.cw\/en\/2019\/05\/21\/curacao-looks-into-the-theme-future-of-work\/#article","isPartOf":{"@id":"https:\/\/ser.cw\/en\/2019\/05\/21\/curacao-looks-into-the-theme-future-of-work\/"},"author":{"name":"Lidia Rocha-Teixeira","@id":"https:\/\/ser.cw\/#\/schema\/person\/950d47af65d238679b324eb3e947eacc"},"headline":"CURACAO LOOKS INTO THE THEME FUTURE OF WORK","datePublished":"2019-05-21T13:39:39+00:00","dateModified":"2022-09-21T12:33:45+00:00","mainEntityOfPage":{"@id":"https:\/\/ser.cw\/en\/2019\/05\/21\/curacao-looks-into-the-theme-future-of-work\/"},"wordCount":2058,"image":{"@id":"https:\/\/ser.cw\/en\/2019\/05\/21\/curacao-looks-into-the-theme-future-of-work\/#primaryimage"},"thumbnailUrl":"https:\/\/ser.cw\/wp-content\/uploads\/sites\/280\/2019\/05\/IMG-20190511-WA0010.jpg","articleSection":["Conferences","Press releases"],"inLanguage":"en-US"},{"@type":"WebPage","@id":"https:\/\/ser.cw\/en\/2019\/05\/21\/curacao-looks-into-the-theme-future-of-work\/","url":"https:\/\/ser.cw\/en\/2019\/05\/21\/curacao-looks-into-the-theme-future-of-work\/","name":"CURACAO LOOKS INTO THE THEME FUTURE OF WORK - Sociaal Economische Raad Cura\u00e7ao","isPartOf":{"@id":"https:\/\/ser.cw\/#website"},"primaryImageOfPage":{"@id":"https:\/\/ser.cw\/en\/2019\/05\/21\/curacao-looks-into-the-theme-future-of-work\/#primaryimage"},"image":{"@id":"https:\/\/ser.cw\/en\/2019\/05\/21\/curacao-looks-into-the-theme-future-of-work\/#primaryimage"},"thumbnailUrl":"https:\/\/ser.cw\/wp-content\/uploads\/sites\/280\/2019\/05\/IMG-20190511-WA0010.jpg","datePublished":"2019-05-21T13:39:39+00:00","dateModified":"2022-09-21T12:33:45+00:00","author":{"@id":"https:\/\/ser.cw\/#\/schema\/person\/950d47af65d238679b324eb3e947eacc"},"breadcrumb":{"@id":"https:\/\/ser.cw\/en\/2019\/05\/21\/curacao-looks-into-the-theme-future-of-work\/#breadcrumb"},"inLanguage":"en-US","potentialAction":[{"@type":"ReadAction","target":["https:\/\/ser.cw\/en\/2019\/05\/21\/curacao-looks-into-the-theme-future-of-work\/"]}]},{"@type":"ImageObject","inLanguage":"en-US","@id":"https:\/\/ser.cw\/en\/2019\/05\/21\/curacao-looks-into-the-theme-future-of-work\/#primaryimage","url":"https:\/\/ser.cw\/wp-content\/uploads\/sites\/280\/2019\/05\/IMG-20190511-WA0010.jpg","contentUrl":"https:\/\/ser.cw\/wp-content\/uploads\/sites\/280\/2019\/05\/IMG-20190511-WA0010.jpg","width":1200,"height":675},{"@type":"BreadcrumbList","@id":"https:\/\/ser.cw\/en\/2019\/05\/21\/curacao-looks-into-the-theme-future-of-work\/#breadcrumb","itemListElement":[{"@type":"ListItem","position":1,"name":"Home","item":"https:\/\/ser.cw\/en\/"},{"@type":"ListItem","position":2,"name":"CURACAO LOOKS INTO THE THEME FUTURE OF WORK"}]},{"@type":"WebSite","@id":"https:\/\/ser.cw\/#website","url":"https:\/\/ser.cw\/","name":"Sociaal Economische Raad Cura\u00e7ao","description":"adviesorgaan van de regering en het parlement van Cura\u00e7ao omtrent alle belangrijke onderwerpen van sociaal-economische aard","potentialAction":[{"@type":"SearchAction","target":{"@type":"EntryPoint","urlTemplate":"https:\/\/ser.cw\/?s={search_term_string}"},"query-input":{"@type":"PropertyValueSpecification","valueRequired":true,"valueName":"search_term_string"}}],"inLanguage":"en-US"},{"@type":"Person","@id":"https:\/\/ser.cw\/#\/schema\/person\/950d47af65d238679b324eb3e947eacc","name":"Lidia Rocha-Teixeira","image":{"@type":"ImageObject","inLanguage":"en-US","@id":"https:\/\/ser.cw\/wp-content\/wphb-cache\/gravatar\/f5f\/f5fba2fe2fedc34a45ee60ea9edba895x96.jpg","url":"https:\/\/ser.cw\/wp-content\/wphb-cache\/gravatar\/f5f\/f5fba2fe2fedc34a45ee60ea9edba895x96.jpg","contentUrl":"https:\/\/ser.cw\/wp-content\/wphb-cache\/gravatar\/f5f\/f5fba2fe2fedc34a45ee60ea9edba895x96.jpg","caption":"Lidia Rocha-Teixeira"},"url":"https:\/\/ser.cw\/en\/author\/lidia\/"}]}},"_links":{"self":[{"href":"https:\/\/ser.cw\/en\/wp-json\/wp\/v2\/posts\/19868","targetHints":{"allow":["GET"]}}],"collection":[{"href":"https:\/\/ser.cw\/en\/wp-json\/wp\/v2\/posts"}],"about":[{"href":"https:\/\/ser.cw\/en\/wp-json\/wp\/v2\/types\/post"}],"author":[{"embeddable":true,"href":"https:\/\/ser.cw\/en\/wp-json\/wp\/v2\/users\/111"}],"replies":[{"embeddable":true,"href":"https:\/\/ser.cw\/en\/wp-json\/wp\/v2\/comments?post=19868"}],"version-history":[{"count":0,"href":"https:\/\/ser.cw\/en\/wp-json\/wp\/v2\/posts\/19868\/revisions"}],"wp:featuredmedia":[{"embeddable":true,"href":"https:\/\/ser.cw\/en\/wp-json\/wp\/v2\/media\/4298"}],"wp:attachment":[{"href":"https:\/\/ser.cw\/en\/wp-json\/wp\/v2\/media?parent=19868"}],"wp:term":[{"taxonomy":"category","embeddable":true,"href":"https:\/\/ser.cw\/en\/wp-json\/wp\/v2\/categories?post=19868"},{"taxonomy":"post_tag","embeddable":true,"href":"https:\/\/ser.cw\/en\/wp-json\/wp\/v2\/tags?post=19868"}],"curies":[{"name":"wp","href":"https:\/\/api.w.org\/{rel}","templated":true}]}}